{"id":1306,"date":"2014-04-01T04:00:44","date_gmt":"2014-04-01T03:00:44","guid":{"rendered":"http:\/\/manufaktuhr.info\/?p=1306"},"modified":"2014-04-02T04:07:32","modified_gmt":"2014-04-02T03:07:32","slug":"nomos-glashutte-zeigt-den-fahrgasten-der-deutschen-bahn-die-zeit-an","status":"publish","type":"post","link":"https:\/\/manufaktuhr.info\/?p=1306","title":{"rendered":"NOMOS Glash\u00fctte zeigt den Fahrg\u00e4sten der Deutschen Bahn die Zeit an &#8211; April,April !"},"content":{"rendered":"<p><em>Basel\/Berlin \u00a0&#8211; Auf der weltgr\u00f6\u00dften Uhrenmesse Baselworld gibt der deutsche Uhrenhersteller NOMOS Glash\u00fctte eine Kooperation mit der Deutschen Bahn bekannt.<\/em><\/p>\n<p>Die nach den Prinzipien des Werkbund gestaltete und hergestellte NOMOS Tangente wird wegen ihrem klaren und zeitlosen Design oft auch als \u201eBahnhofsuhr\u201c bezeichnet. Das Design der Bahnhofsuhren in Europa orientiert sich jedoch bis heute an der vom Gestalter Hans Hilfiker 1944 entworfenen Schweizer Bahnhofsuhr. Auch die Deutsche Bahn AG hat das Schweizer Design im Grundsatz beibehalten. Jetzt soll aber frisches Design \u201eMade in Germany\u201c in die Bahnh\u00f6fe der Deutschen Bahn einziehen.<\/p>\n<p><a href=\"https:\/\/manufaktuhr.info\/wp-content\/uploads\/2014\/03\/NOMOS_Mark-Braun.jpeg\"><img loading=\"lazy\" decoding=\"async\" data-attachment-id=\"1250\" data-permalink=\"https:\/\/manufaktuhr.info\/?attachment_id=1250\" data-orig-file=\"https:\/\/manufaktuhr.info\/wp-content\/uploads\/2014\/03\/NOMOS_Mark-Braun.jpeg\" data-orig-size=\"2126,1535\" data-comments-opened=\"1\" data-image-meta=\"{&quot;aperture&quot;:&quot;0&quot;,&quot;credit&quot;:&quot;&quot;,&quot;camera&quot;:&quot;&quot;,&quot;caption&quot;:&quot;&quot;,&quot;created_timestamp&quot;:&quot;0&quot;,&quot;copyright&quot;:&quot;&quot;,&quot;focal_length&quot;:&quot;0&quot;,&quot;iso&quot;:&quot;0&quot;,&quot;shutter_speed&quot;:&quot;0&quot;,&quot;title&quot;:&quot;&quot;}\" data-image-title=\"NOMOS_Mark Braun\" data-image-description=\"\" data-image-caption=\"\" data-medium-file=\"https:\/\/manufaktuhr.info\/wp-content\/uploads\/2014\/03\/NOMOS_Mark-Braun-300x216.jpg\" data-large-file=\"https:\/\/manufaktuhr.info\/wp-content\/uploads\/2014\/03\/NOMOS_Mark-Braun-1024x739.jpg\" class=\"aligncenter size-medium wp-image-1250\" title=\"NOMOS_Mark Braun\" src=\"https:\/\/manufaktuhr.info\/wp-content\/uploads\/2014\/03\/NOMOS_Mark-Braun-300x216.jpg\" alt=\"\" width=\"300\" height=\"216\" srcset=\"https:\/\/manufaktuhr.info\/wp-content\/uploads\/2014\/03\/NOMOS_Mark-Braun-300x216.jpg 300w, https:\/\/manufaktuhr.info\/wp-content\/uploads\/2014\/03\/NOMOS_Mark-Braun-1024x739.jpg 1024w\" sizes=\"auto, (max-width: 300px) 85vw, 300px\" \/><\/a>Zuk\u00fcnftig wird die vom Berliner Designer Mark Braun entworfene NOMOS Metro die Grundlage f\u00fcr die neuen Bahnhofsuhren der Deutschen Bahn sein. Dies haben heute in Basel Oliver Schumacher, Leiter Kommunikation der Deutschen Bahn AG und Roland Schwertner, Gr\u00fcnder der NOMOS Glash\u00fctte, bekanntgegeben. \u201eMit dem modernen, luftigen Design der NOMOS Metro geben wir unseren Bahnh\u00f6fen ein freundlicheres Gesicht und k\u00f6nnen unseren Kunden mehr Funktionalit\u00e4t bieten,\u201c so Oliver Schumacher.<\/p>\n<p><a href=\"https:\/\/manufaktuhr.info\/wp-content\/uploads\/2014\/03\/Schwertner.gif\"><img loading=\"lazy\" decoding=\"async\" data-attachment-id=\"1304\" data-permalink=\"https:\/\/manufaktuhr.info\/?attachment_id=1304\" data-orig-file=\"https:\/\/manufaktuhr.info\/wp-content\/uploads\/2014\/03\/Schwertner.gif\" data-orig-size=\"1200,800\" data-comments-opened=\"1\" data-image-meta=\"{&quot;aperture&quot;:&quot;0&quot;,&quot;credit&quot;:&quot;&quot;,&quot;camera&quot;:&quot;&quot;,&quot;caption&quot;:&quot;&quot;,&quot;created_timestamp&quot;:&quot;0&quot;,&quot;copyright&quot;:&quot;&quot;,&quot;focal_length&quot;:&quot;0&quot;,&quot;iso&quot;:&quot;0&quot;,&quot;shutter_speed&quot;:&quot;0&quot;,&quot;title&quot;:&quot;&quot;}\" data-image-title=\"Schwertner\" data-image-description=\"\" data-image-caption=\"\" data-medium-file=\"https:\/\/manufaktuhr.info\/wp-content\/uploads\/2014\/03\/Schwertner-300x200.gif\" data-large-file=\"https:\/\/manufaktuhr.info\/wp-content\/uploads\/2014\/03\/Schwertner-1024x682.gif\" class=\"aligncenter size-large wp-image-1304\" title=\"Schwertner\" src=\"https:\/\/manufaktuhr.info\/wp-content\/uploads\/2014\/03\/Schwertner-1024x682.gif\" alt=\"\" width=\"640\" height=\"426\" srcset=\"https:\/\/manufaktuhr.info\/wp-content\/uploads\/2014\/03\/Schwertner-1024x682.gif 1024w, https:\/\/manufaktuhr.info\/wp-content\/uploads\/2014\/03\/Schwertner-300x200.gif 300w, https:\/\/manufaktuhr.info\/wp-content\/uploads\/2014\/03\/Schwertner.gif 1200w\" sizes=\"auto, (max-width: 709px) 85vw, (max-width: 909px) 67vw, (max-width: 984px) 61vw, (max-width: 1362px) 45vw, 600px\" \/><\/a>\u201eGerade haben wir uns mit unserem \u201eNOMOS Swing-System\u201c unabh\u00e4ngig von der Zulieferung der Schweizer Swatch Group gemacht,\u201c sagt Roland Schwertner. \u201eUnd so freut es uns sehr, dass die Deutsche Bahn dem Schweizer Design nach 70 Jahren den R\u00fccken kehrt und auf ein modernes Design unserer Agentur Berlinerblau aus der Hauptstadt Berlin setzt. Unser Firmensitz in Glash\u00fctte befindet sich im alten Bahnhof und so haben wir schon immer einen engen Bezug zum Thema \u201eBahn\u201c. Durch die Pr\u00e4senz auf allen deutschen Bahnh\u00f6fen wird NOMOS seinen Bekanntheitsgrad deutlich erh\u00f6hen, da t\u00e4glich Millionen von Fahrg\u00e4sten unsere Uhren sehen.\u201c<\/p>\n<p>Berlinerblau, die hauseigene NOMOS-Agentur zwei Autostunden n\u00f6rdlich von Glash\u00fctte, verantwortet seit 2001 die Marke des Uhrenherstellers: Das gut 25-k\u00f6pfige Team\u2028um Judith Borowski k\u00fcmmert sich in der Kunst- und Design-Hauptstadt Berlin um die Gestaltung von NOMOS-Uhren, -Verpackungen, -Ladeneinrichtungen und auch um alle Fragen der Kommunikation.<\/p>\n<p><a href=\"https:\/\/manufaktuhr.info\/wp-content\/uploads\/2014\/03\/Bahnhof_Basel.gif\"><img loading=\"lazy\" decoding=\"async\" data-attachment-id=\"1299\" data-permalink=\"https:\/\/manufaktuhr.info\/?attachment_id=1299\" data-orig-file=\"https:\/\/manufaktuhr.info\/wp-content\/uploads\/2014\/03\/Bahnhof_Basel.gif\" data-orig-size=\"800,872\" data-comments-opened=\"1\" data-image-meta=\"{&quot;aperture&quot;:&quot;0&quot;,&quot;credit&quot;:&quot;&quot;,&quot;camera&quot;:&quot;&quot;,&quot;caption&quot;:&quot;&quot;,&quot;created_timestamp&quot;:&quot;0&quot;,&quot;copyright&quot;:&quot;&quot;,&quot;focal_length&quot;:&quot;0&quot;,&quot;iso&quot;:&quot;0&quot;,&quot;shutter_speed&quot;:&quot;0&quot;,&quot;title&quot;:&quot;&quot;}\" data-image-title=\"Bahnhof_Basel\" data-image-description=\"\" data-image-caption=\"\" data-medium-file=\"https:\/\/manufaktuhr.info\/wp-content\/uploads\/2014\/03\/Bahnhof_Basel-275x300.gif\" data-large-file=\"https:\/\/manufaktuhr.info\/wp-content\/uploads\/2014\/03\/Bahnhof_Basel.gif\" class=\"aligncenter size-full wp-image-1299\" title=\"Bahnhof_Basel\" src=\"https:\/\/manufaktuhr.info\/wp-content\/uploads\/2014\/03\/Bahnhof_Basel.gif\" alt=\"\" width=\"800\" height=\"872\" srcset=\"https:\/\/manufaktuhr.info\/wp-content\/uploads\/2014\/03\/Bahnhof_Basel.gif 800w, https:\/\/manufaktuhr.info\/wp-content\/uploads\/2014\/03\/Bahnhof_Basel-275x300.gif 275w\" sizes=\"auto, (max-width: 709px) 85vw, (max-width: 909px) 67vw, (max-width: 984px) 61vw, (max-width: 1362px) 45vw, 600px\" \/><\/a><a href=\"https:\/\/manufaktuhr.info\/wp-content\/uploads\/2014\/03\/Bashnhof_Basel_Gleis.gif\"><img loading=\"lazy\" decoding=\"async\" data-attachment-id=\"1303\" data-permalink=\"https:\/\/manufaktuhr.info\/?attachment_id=1303\" data-orig-file=\"https:\/\/manufaktuhr.info\/wp-content\/uploads\/2014\/03\/Bashnhof_Basel_Gleis.gif\" data-orig-size=\"605,454\" data-comments-opened=\"1\" data-image-meta=\"{&quot;aperture&quot;:&quot;0&quot;,&quot;credit&quot;:&quot;&quot;,&quot;camera&quot;:&quot;&quot;,&quot;caption&quot;:&quot;&quot;,&quot;created_timestamp&quot;:&quot;0&quot;,&quot;copyright&quot;:&quot;&quot;,&quot;focal_length&quot;:&quot;0&quot;,&quot;iso&quot;:&quot;0&quot;,&quot;shutter_speed&quot;:&quot;0&quot;,&quot;title&quot;:&quot;&quot;}\" data-image-title=\"Bashnhof_Basel_Gleis\" data-image-description=\"\" data-image-caption=\"\" data-medium-file=\"https:\/\/manufaktuhr.info\/wp-content\/uploads\/2014\/03\/Bashnhof_Basel_Gleis-300x225.gif\" data-large-file=\"https:\/\/manufaktuhr.info\/wp-content\/uploads\/2014\/03\/Bashnhof_Basel_Gleis.gif\" class=\"aligncenter size-full wp-image-1303\" title=\"Bashnhof_Basel_Gleis\" src=\"https:\/\/manufaktuhr.info\/wp-content\/uploads\/2014\/03\/Bashnhof_Basel_Gleis.gif\" alt=\"\" width=\"605\" height=\"454\" srcset=\"https:\/\/manufaktuhr.info\/wp-content\/uploads\/2014\/03\/Bashnhof_Basel_Gleis.gif 605w, https:\/\/manufaktuhr.info\/wp-content\/uploads\/2014\/03\/Bashnhof_Basel_Gleis-300x225.gif 300w\" sizes=\"auto, (max-width: 709px) 85vw, (max-width: 909px) 67vw, (max-width: 984px) 61vw, (max-width: 1362px) 45vw, 600px\" \/><\/a><a href=\"https:\/\/manufaktuhr.info\/wp-content\/uploads\/2014\/03\/Bahnhof_Basel.gif\"><br \/>\n<\/a>Als erste Bahnh\u00f6fe wurden heute der Badische Bahnhof in Basel, der, obwohl er sich auf Schweizer Territorium befindet, von der deutschen Bahn betrieben wird, und der Berliner Hauptbahnhof mit Uhren im NOMOS Metro Design ausgestattet.<\/p>\n<p><a href=\"https:\/\/manufaktuhr.info\/wp-content\/uploads\/2014\/03\/U-Bahn_Berlin_Anzeiger.gif\"><img loading=\"lazy\" decoding=\"async\" data-attachment-id=\"1301\" data-permalink=\"https:\/\/manufaktuhr.info\/?attachment_id=1301\" data-orig-file=\"https:\/\/manufaktuhr.info\/wp-content\/uploads\/2014\/03\/U-Bahn_Berlin_Anzeiger.gif\" data-orig-size=\"1200,900\" data-comments-opened=\"1\" data-image-meta=\"{&quot;aperture&quot;:&quot;0&quot;,&quot;credit&quot;:&quot;&quot;,&quot;camera&quot;:&quot;&quot;,&quot;caption&quot;:&quot;&quot;,&quot;created_timestamp&quot;:&quot;0&quot;,&quot;copyright&quot;:&quot;&quot;,&quot;focal_length&quot;:&quot;0&quot;,&quot;iso&quot;:&quot;0&quot;,&quot;shutter_speed&quot;:&quot;0&quot;,&quot;title&quot;:&quot;&quot;}\" data-image-title=\"U-Bahn_Berlin_Anzeiger\" data-image-description=\"\" data-image-caption=\"\" data-medium-file=\"https:\/\/manufaktuhr.info\/wp-content\/uploads\/2014\/03\/U-Bahn_Berlin_Anzeiger-300x225.gif\" data-large-file=\"https:\/\/manufaktuhr.info\/wp-content\/uploads\/2014\/03\/U-Bahn_Berlin_Anzeiger-1024x768.gif\" class=\"aligncenter size-large wp-image-1301\" title=\"U-Bahn_Berlin_Anzeiger\" src=\"https:\/\/manufaktuhr.info\/wp-content\/uploads\/2014\/03\/U-Bahn_Berlin_Anzeiger-1024x768.gif\" alt=\"\" width=\"640\" height=\"480\" srcset=\"https:\/\/manufaktuhr.info\/wp-content\/uploads\/2014\/03\/U-Bahn_Berlin_Anzeiger-1024x768.gif 1024w, https:\/\/manufaktuhr.info\/wp-content\/uploads\/2014\/03\/U-Bahn_Berlin_Anzeiger-300x225.gif 300w, https:\/\/manufaktuhr.info\/wp-content\/uploads\/2014\/03\/U-Bahn_Berlin_Anzeiger.gif 1200w\" sizes=\"auto, (max-width: 709px) 85vw, (max-width: 909px) 67vw, (max-width: 984px) 61vw, (max-width: 1362px) 45vw, 600px\" \/><\/a><a href=\"https:\/\/manufaktuhr.info\/wp-content\/uploads\/2014\/03\/berlin-hauptbahnhof-lehrter-bahnhof-214854.gif\"><img loading=\"lazy\" decoding=\"async\" data-attachment-id=\"1302\" data-permalink=\"https:\/\/manufaktuhr.info\/?attachment_id=1302\" data-orig-file=\"https:\/\/manufaktuhr.info\/wp-content\/uploads\/2014\/03\/berlin-hauptbahnhof-lehrter-bahnhof-214854.gif\" data-orig-size=\"800,600\" data-comments-opened=\"1\" data-image-meta=\"{&quot;aperture&quot;:&quot;0&quot;,&quot;credit&quot;:&quot;&quot;,&quot;camera&quot;:&quot;&quot;,&quot;caption&quot;:&quot;&quot;,&quot;created_timestamp&quot;:&quot;0&quot;,&quot;copyright&quot;:&quot;&quot;,&quot;focal_length&quot;:&quot;0&quot;,&quot;iso&quot;:&quot;0&quot;,&quot;shutter_speed&quot;:&quot;0&quot;,&quot;title&quot;:&quot;&quot;}\" data-image-title=\"berlin-hauptbahnhof-lehrter-bahnhof-214854\" data-image-description=\"\" data-image-caption=\"\" data-medium-file=\"https:\/\/manufaktuhr.info\/wp-content\/uploads\/2014\/03\/berlin-hauptbahnhof-lehrter-bahnhof-214854-300x225.gif\" data-large-file=\"https:\/\/manufaktuhr.info\/wp-content\/uploads\/2014\/03\/berlin-hauptbahnhof-lehrter-bahnhof-214854.gif\" class=\"aligncenter size-full wp-image-1302\" title=\"berlin-hauptbahnhof-lehrter-bahnhof-214854\" src=\"https:\/\/manufaktuhr.info\/wp-content\/uploads\/2014\/03\/berlin-hauptbahnhof-lehrter-bahnhof-214854.gif\" alt=\"\" width=\"800\" height=\"600\" srcset=\"https:\/\/manufaktuhr.info\/wp-content\/uploads\/2014\/03\/berlin-hauptbahnhof-lehrter-bahnhof-214854.gif 800w, https:\/\/manufaktuhr.info\/wp-content\/uploads\/2014\/03\/berlin-hauptbahnhof-lehrter-bahnhof-214854-300x225.gif 300w\" sizes=\"auto, (max-width: 709px) 85vw, (max-width: 909px) 67vw, (max-width: 984px) 61vw, (max-width: 1362px) 45vw, 600px\" \/><\/a><\/p>\n<p><a href=\"https:\/\/manufaktuhr.info\/wp-content\/uploads\/2014\/03\/Berlin_Hauptbahnhof.gif\"><img loading=\"lazy\" decoding=\"async\" data-attachment-id=\"1300\" data-permalink=\"https:\/\/manufaktuhr.info\/?attachment_id=1300\" data-orig-file=\"https:\/\/manufaktuhr.info\/wp-content\/uploads\/2014\/03\/Berlin_Hauptbahnhof.gif\" data-orig-size=\"1200,779\" data-comments-opened=\"1\" data-image-meta=\"{&quot;aperture&quot;:&quot;0&quot;,&quot;credit&quot;:&quot;&quot;,&quot;camera&quot;:&quot;&quot;,&quot;caption&quot;:&quot;&quot;,&quot;created_timestamp&quot;:&quot;0&quot;,&quot;copyright&quot;:&quot;&quot;,&quot;focal_length&quot;:&quot;0&quot;,&quot;iso&quot;:&quot;0&quot;,&quot;shutter_speed&quot;:&quot;0&quot;,&quot;title&quot;:&quot;&quot;}\" data-image-title=\"Berlin_Hauptbahnhof\" data-image-description=\"\" data-image-caption=\"\" data-medium-file=\"https:\/\/manufaktuhr.info\/wp-content\/uploads\/2014\/03\/Berlin_Hauptbahnhof-300x194.gif\" data-large-file=\"https:\/\/manufaktuhr.info\/wp-content\/uploads\/2014\/03\/Berlin_Hauptbahnhof-1024x664.gif\" class=\"aligncenter size-large wp-image-1300\" title=\"Berlin_Hauptbahnhof\" src=\"https:\/\/manufaktuhr.info\/wp-content\/uploads\/2014\/03\/Berlin_Hauptbahnhof-1024x664.gif\" alt=\"\" width=\"640\" height=\"415\" srcset=\"https:\/\/manufaktuhr.info\/wp-content\/uploads\/2014\/03\/Berlin_Hauptbahnhof-1024x664.gif 1024w, https:\/\/manufaktuhr.info\/wp-content\/uploads\/2014\/03\/Berlin_Hauptbahnhof-300x194.gif 300w, https:\/\/manufaktuhr.info\/wp-content\/uploads\/2014\/03\/Berlin_Hauptbahnhof.gif 1200w\" sizes=\"auto, (max-width: 709px) 85vw, (max-width: 909px) 67vw, (max-width: 984px) 61vw, (max-width: 1362px) 45vw, 600px\" \/><\/a>\u00a0\u201eDer Berliner Hauptbahnhof hat mich beim Design der NOMOS Metro inspiriert,\u201c verr\u00e4t Mark Braun, Leiter 3-D-Design-Abteilung. \u201e Die mintgr\u00fcnen Farbelemente orientieren sich an der gr\u00fcnen Farbe der Glasfassade des Bahnhofs. Deshalb bin ich sehr stolz darauf, dass sich die Deutsche Bahn f\u00fcr mein Design bei der Auswahl zur neunen Bahnhofsuhr entschieden hat. Ausschlaggebend war auch, dass in diesem Design mehrere Funktionen vereint sind. Neben der Uhrzeit wird zuk\u00fcnftig auch das Datum mit angezeigt. Die Zusammenarbeit mit der Bahn zeigt auch, wie vielseitig das Design der \u201eMetro&#8220; ist. Die Universalanzeige der Uhr informiert den Tr\u00e4ger der mechanischen Armbanduhr \u00fcber die Gangreserve. Bei den Bahnhofsuhren dient sie dazu, anzugeben, wie lange es noch dauert, bis der n\u00e4chste Zug abf\u00e4hrt. Bei der batteriebetrieben Wanduhr kann der Kunde sehr leicht sehen, ob die Batterie noch gen\u00fcgend Ladung hat, oder ob sie ausgewechselt werden muss.\u201c<\/p>\n<p><a href=\"https:\/\/manufaktuhr.info\/wp-content\/uploads\/2014\/03\/Metro_Wanduhr_DB.gif\"><br \/>\n<\/a><a href=\"https:\/\/manufaktuhr.info\/wp-content\/uploads\/2014\/03\/Metro_Wanduhr_DB.jpg\"><img loading=\"lazy\" decoding=\"async\" data-attachment-id=\"1308\" data-permalink=\"https:\/\/manufaktuhr.info\/?attachment_id=1308\" data-orig-file=\"https:\/\/manufaktuhr.info\/wp-content\/uploads\/2014\/03\/Metro_Wanduhr_DB.jpg\" data-orig-size=\"800,800\" data-comments-opened=\"1\" data-image-meta=\"{&quot;aperture&quot;:&quot;0&quot;,&quot;credit&quot;:&quot;&quot;,&quot;camera&quot;:&quot;&quot;,&quot;caption&quot;:&quot;&quot;,&quot;created_timestamp&quot;:&quot;0&quot;,&quot;copyright&quot;:&quot;&quot;,&quot;focal_length&quot;:&quot;0&quot;,&quot;iso&quot;:&quot;0&quot;,&quot;shutter_speed&quot;:&quot;0&quot;,&quot;title&quot;:&quot;&quot;}\" data-image-title=\"Metro_Wanduhr_DB\" data-image-description=\"\" data-image-caption=\"\" data-medium-file=\"https:\/\/manufaktuhr.info\/wp-content\/uploads\/2014\/03\/Metro_Wanduhr_DB-300x300.jpg\" data-large-file=\"https:\/\/manufaktuhr.info\/wp-content\/uploads\/2014\/03\/Metro_Wanduhr_DB.jpg\" class=\"aligncenter size-full wp-image-1308\" title=\"Metro_Wanduhr_DB\" src=\"https:\/\/manufaktuhr.info\/wp-content\/uploads\/2014\/03\/Metro_Wanduhr_DB.jpg\" alt=\"\" width=\"800\" height=\"800\" srcset=\"https:\/\/manufaktuhr.info\/wp-content\/uploads\/2014\/03\/Metro_Wanduhr_DB.jpg 800w, https:\/\/manufaktuhr.info\/wp-content\/uploads\/2014\/03\/Metro_Wanduhr_DB-150x150.jpg 150w, https:\/\/manufaktuhr.info\/wp-content\/uploads\/2014\/03\/Metro_Wanduhr_DB-300x300.jpg 300w\" sizes=\"auto, (max-width: 709px) 85vw, (max-width: 909px) 67vw, (max-width: 984px) 61vw, (max-width: 1362px) 45vw, 600px\" \/><\/a>Die NOMOS Metro wird ab Sommer auch im BahnShop 1435 (www.bahnshop.de) angeboten. Dort gibt es dann auch die spezielle NOMOS Metro Wanduhr in der Deutsch Bahn Edition. Diese hat in Anlehnung an den Durchmesser der Metro von 37mm einen Durchmesser von 37 cm. Ihr Geh\u00e4use besteht aus massivem Aluminium, das aus recycelten Aussenh\u00fcllen von ICE Z\u00fcgen gewonnen wird.<\/p>\n<p><img loading=\"lazy\" decoding=\"async\" data-attachment-id=\"1256\" data-permalink=\"https:\/\/manufaktuhr.info\/?attachment_id=1256\" data-orig-file=\"https:\/\/manufaktuhr.info\/wp-content\/uploads\/2014\/03\/NOMOS_Metro_Sarah-Illenberger.jpg\" data-orig-size=\"4252,2835\" data-comments-opened=\"1\" data-image-meta=\"{&quot;aperture&quot;:&quot;12&quot;,&quot;credit&quot;:&quot;&quot;,&quot;camera&quot;:&quot;P65+&quot;,&quot;caption&quot;:&quot;&quot;,&quot;created_timestamp&quot;:&quot;1393262507&quot;,&quot;copyright&quot;:&quot;&quot;,&quot;focal_length&quot;:&quot;120&quot;,&quot;iso&quot;:&quot;200&quot;,&quot;shutter_speed&quot;:&quot;0.012499983493578&quot;,&quot;title&quot;:&quot;&quot;}\" data-image-title=\"NOMOS_Metro_Sarah Illenberger\" data-image-description=\"\" data-image-caption=\"\" data-medium-file=\"https:\/\/manufaktuhr.info\/wp-content\/uploads\/2014\/03\/NOMOS_Metro_Sarah-Illenberger-300x200.jpg\" data-large-file=\"https:\/\/manufaktuhr.info\/wp-content\/uploads\/2014\/03\/NOMOS_Metro_Sarah-Illenberger-1024x682.jpg\" class=\"aligncenter size-large wp-image-1256\" title=\"NOMOS_Metro_Sarah Illenberger\" src=\"https:\/\/manufaktuhr.info\/wp-content\/uploads\/2014\/03\/NOMOS_Metro_Sarah-Illenberger-1024x682.jpg\" alt=\"\" width=\"640\" height=\"426\" srcset=\"https:\/\/manufaktuhr.info\/wp-content\/uploads\/2014\/03\/NOMOS_Metro_Sarah-Illenberger-1024x682.jpg 1024w, https:\/\/manufaktuhr.info\/wp-content\/uploads\/2014\/03\/NOMOS_Metro_Sarah-Illenberger-300x200.jpg 300w\" sizes=\"auto, (max-width: 709px) 85vw, (max-width: 909px) 67vw, (max-width: 984px) 61vw, (max-width: 1362px) 45vw, 600px\" \/><\/p>\n<p><strong>Update 2.4.2014:<\/strong> Nat\u00fcrlich handelte es sich bei der Meldung um einen Aprilscherz, aber vielleicht dankt man mal \u00fcber eine \u00a0NOMOS Wanduhr nach, das w\u00e4re doch ein sch\u00f6ner Wohnzimmerschmuck.<\/p>\n<p>&nbsp;<\/p>\n<p>&nbsp;<\/p>\n<p>&nbsp;<\/p>\n<p>&nbsp;<\/p>\n","protected":false},"excerpt":{"rendered":"<p>Basel\/Berlin \u00a0&#8211; Auf der weltgr\u00f6\u00dften Uhrenmesse Baselworld gibt der deutsche Uhrenhersteller NOMOS Glash\u00fctte eine Kooperation mit der Deutschen Bahn bekannt. Die nach den Prinzipien des Werkbund gestaltete und hergestellte NOMOS Tangente wird wegen ihrem klaren und zeitlosen Design oft auch als \u201eBahnhofsuhr\u201c bezeichnet. Das Design der Bahnhofsuhren in Europa orientiert sich jedoch bis heute an &hellip; <a href=\"https:\/\/manufaktuhr.info\/?p=1306\" class=\"more-link\"><span class=\"screen-reader-text\">\u201eNOMOS Glash\u00fctte zeigt den Fahrg\u00e4sten der Deutschen Bahn die Zeit an &#8211; April,April !\u201c <\/span>weiterlesen<\/a><\/p>\n","protected":false},"author":1,"featured_media":0,"comment_status":"open","ping_status":"open","sticky":false,"template":"","format":"standard","meta":{"jetpack_post_was_ever_published":false,"_jetpack_newsletter_access":"","_jetpack_dont_email_post_to_subs":false,"_jetpack_newsletter_tier_id":0,"_jetpack_memberships_contains_paywalled_content":false,"_jetpack_memberships_contains_paid_content":false,"footnotes":"","jetpack_publicize_message":"","jetpack_publicize_feature_enabled":true,"jetpack_social_post_already_shared":false,"jetpack_social_options":{"image_generator_settings":{"template":"highway","default_image_id":0,"font":"","enabled":false},"version":2}},"categories":[5,1],"tags":[],"class_list":["post-1306","post","type-post","status-publish","format-standard","hentry","category-nomos-glashutte","category-uncategorized"],"jetpack_publicize_connections":[],"jetpack_featured_media_url":"","jetpack_shortlink":"https:\/\/wp.me\/p7fs8R-l4","jetpack-related-posts":[],"jetpack_sharing_enabled":true,"_links":{"self":[{"href":"https:\/\/manufaktuhr.info\/index.php?rest_route=\/wp\/v2\/posts\/1306","targetHints":{"allow":["GET"]}}],"collection":[{"href":"https:\/\/manufaktuhr.info\/index.php?rest_route=\/wp\/v2\/posts"}],"about":[{"href":"https:\/\/manufaktuhr.info\/index.php?rest_route=\/wp\/v2\/types\/post"}],"author":[{"embeddable":true,"href":"https:\/\/manufaktuhr.info\/index.php?rest_route=\/wp\/v2\/users\/1"}],"replies":[{"embeddable":true,"href":"https:\/\/manufaktuhr.info\/index.php?rest_route=%2Fwp%2Fv2%2Fcomments&post=1306"}],"version-history":[{"count":17,"href":"https:\/\/manufaktuhr.info\/index.php?rest_route=\/wp\/v2\/posts\/1306\/revisions"}],"predecessor-version":[{"id":1364,"href":"https:\/\/manufaktuhr.info\/index.php?rest_route=\/wp\/v2\/posts\/1306\/revisions\/1364"}],"wp:attachment":[{"href":"https:\/\/manufaktuhr.info\/index.php?rest_route=%2Fwp%2Fv2%2Fmedia&parent=1306"}],"wp:term":[{"taxonomy":"category","embeddable":true,"href":"https:\/\/manufaktuhr.info\/index.php?rest_route=%2Fwp%2Fv2%2Fcategories&post=1306"},{"taxonomy":"post_tag","embeddable":true,"href":"https:\/\/manufaktuhr.info\/index.php?rest_route=%2Fwp%2Fv2%2Ftags&post=1306"}],"curies":[{"name":"wp","href":"https:\/\/api.w.org\/{rel}","templated":true}]}}