{"id":1351,"date":"2014-03-31T19:45:15","date_gmt":"2014-03-31T18:45:15","guid":{"rendered":"http:\/\/manufaktuhr.info\/?p=1351"},"modified":"2014-03-31T19:53:29","modified_gmt":"2014-03-31T18:53:29","slug":"baselworld-2014-glashutte-original-seventies-chronograph-panoramadatum","status":"publish","type":"post","link":"https:\/\/manufaktuhr.info\/?p=1351","title":{"rendered":"Baselworld 2014: Glash\u00fctte Original Seventies Chronograph Panoramadatum"},"content":{"rendered":"<p><a href=\"https:\/\/manufaktuhr.info\/wp-content\/uploads\/2014\/03\/1-37-02-01-02-30_1-37-02-03-02-70_Sev_Chrono_PD_Couple_25-cm.png\"><img loading=\"lazy\" decoding=\"async\" data-attachment-id=\"1350\" data-permalink=\"https:\/\/manufaktuhr.info\/?attachment_id=1350\" data-orig-file=\"https:\/\/manufaktuhr.info\/wp-content\/uploads\/2014\/03\/1-37-02-01-02-30_1-37-02-03-02-70_Sev_Chrono_PD_Couple_25-cm.png\" data-orig-size=\"1200,898\" data-comments-opened=\"1\" data-image-meta=\"{&quot;aperture&quot;:&quot;0&quot;,&quot;credit&quot;:&quot;&quot;,&quot;camera&quot;:&quot;&quot;,&quot;caption&quot;:&quot;&quot;,&quot;created_timestamp&quot;:&quot;0&quot;,&quot;copyright&quot;:&quot;&quot;,&quot;focal_length&quot;:&quot;0&quot;,&quot;iso&quot;:&quot;0&quot;,&quot;shutter_speed&quot;:&quot;0&quot;,&quot;title&quot;:&quot;&quot;}\" data-image-title=\"1-37-02-01-02-30_1-37-02-03-02-70_Sev_Chrono_PD_Couple_25 cm\" data-image-description=\"\" data-image-caption=\"\" data-medium-file=\"https:\/\/manufaktuhr.info\/wp-content\/uploads\/2014\/03\/1-37-02-01-02-30_1-37-02-03-02-70_Sev_Chrono_PD_Couple_25-cm-300x224.png\" data-large-file=\"https:\/\/manufaktuhr.info\/wp-content\/uploads\/2014\/03\/1-37-02-01-02-30_1-37-02-03-02-70_Sev_Chrono_PD_Couple_25-cm-1024x766.png\" class=\"aligncenter size-large wp-image-1350\" title=\"1-37-02-01-02-30_1-37-02-03-02-70_Sev_Chrono_PD_Couple_25 cm\" src=\"https:\/\/manufaktuhr.info\/wp-content\/uploads\/2014\/03\/1-37-02-01-02-30_1-37-02-03-02-70_Sev_Chrono_PD_Couple_25-cm-1024x766.png\" alt=\"\" width=\"640\" height=\"478\" srcset=\"https:\/\/manufaktuhr.info\/wp-content\/uploads\/2014\/03\/1-37-02-01-02-30_1-37-02-03-02-70_Sev_Chrono_PD_Couple_25-cm-1024x766.png 1024w, https:\/\/manufaktuhr.info\/wp-content\/uploads\/2014\/03\/1-37-02-01-02-30_1-37-02-03-02-70_Sev_Chrono_PD_Couple_25-cm-300x224.png 300w, https:\/\/manufaktuhr.info\/wp-content\/uploads\/2014\/03\/1-37-02-01-02-30_1-37-02-03-02-70_Sev_Chrono_PD_Couple_25-cm.png 1200w\" sizes=\"auto, (max-width: 709px) 85vw, (max-width: 909px) 67vw, (max-width: 984px) 61vw, (max-width: 1362px) 45vw, 600px\" \/><\/a><em>Ein sportlicher Chronograph mit Vintage Charakter<\/em><\/p>\n<p>Glash\u00fctte Original pr\u00e4sentiert 2014 den neuen Seventies Chronograph Panoramadatum, den j\u00fcngsten Zuwachs der erfolgreichen Kollektion \u201eVintage des 20. Jahrhunderts\u201c. Das markante Modell verf\u00fcgt \u00fcber ein komplett neues Chronographen-Werk, das in der Manufaktur entworfen und gebaut wurde. Der Seventies Chronograph Panoramadatum wird anl\u00e4sslich der diesj\u00e4hrigen Baselworld in drei verschiedenen Zifferblattversionen in galvanisiertem Ruthenium, Silber und Blau vorgestellt. Alle drei Zeitmesser bestechen durch ihr stromlinienf\u00f6rmiges Stahlgeh\u00e4use mit weichen Kurven, das den Geist der Siebziger auf eigenwillige Art reflektiert. Komplettiert wird der stilvolle Zeitmesser durch eine Reihe von Armb\u00e4ndern aus Stahl, Leder und Kautschuk.<\/p>\n<p><strong>Der markante Look der Siebziger<\/strong><\/p>\n<p>Inspiriert von den 1970er Jahren kreierte Glash\u00fctte Original die Seventies Panoramadatum; ein Jahrzehnt, das in s\u00e4mtlichen Lebensbereichen seine Spuren hinterlassen und Design, Architektur und Mode ma\u00dfgeblich gepr\u00e4gt hat.<\/p>\n<p><a href=\"https:\/\/manufaktuhr.info\/wp-content\/uploads\/2014\/03\/1-37-02-02-02-33_Sev_Chrono_PD_SS_ZB_silver_KB_PR3_25cm.png\"><img loading=\"lazy\" decoding=\"async\" data-attachment-id=\"1347\" data-permalink=\"https:\/\/manufaktuhr.info\/?attachment_id=1347\" data-orig-file=\"https:\/\/manufaktuhr.info\/wp-content\/uploads\/2014\/03\/1-37-02-02-02-33_Sev_Chrono_PD_SS_ZB_silver_KB_PR3_25cm.png\" data-orig-size=\"1200,898\" data-comments-opened=\"1\" data-image-meta=\"{&quot;aperture&quot;:&quot;0&quot;,&quot;credit&quot;:&quot;&quot;,&quot;camera&quot;:&quot;&quot;,&quot;caption&quot;:&quot;&quot;,&quot;created_timestamp&quot;:&quot;0&quot;,&quot;copyright&quot;:&quot;&quot;,&quot;focal_length&quot;:&quot;0&quot;,&quot;iso&quot;:&quot;0&quot;,&quot;shutter_speed&quot;:&quot;0&quot;,&quot;title&quot;:&quot;&quot;}\" data-image-title=\"1-37-02-02-02-33_Sev_Chrono_PD_SS_ZB_silver_KB_PR3_25cm\" data-image-description=\"\" data-image-caption=\"\" data-medium-file=\"https:\/\/manufaktuhr.info\/wp-content\/uploads\/2014\/03\/1-37-02-02-02-33_Sev_Chrono_PD_SS_ZB_silver_KB_PR3_25cm-300x224.png\" data-large-file=\"https:\/\/manufaktuhr.info\/wp-content\/uploads\/2014\/03\/1-37-02-02-02-33_Sev_Chrono_PD_SS_ZB_silver_KB_PR3_25cm-1024x766.png\" class=\"aligncenter size-large wp-image-1347\" title=\"1-37-02-02-02-33_Sev_Chrono_PD_SS_ZB_silver_KB_PR3_25cm\" src=\"https:\/\/manufaktuhr.info\/wp-content\/uploads\/2014\/03\/1-37-02-02-02-33_Sev_Chrono_PD_SS_ZB_silver_KB_PR3_25cm-1024x766.png\" alt=\"\" width=\"640\" height=\"478\" srcset=\"https:\/\/manufaktuhr.info\/wp-content\/uploads\/2014\/03\/1-37-02-02-02-33_Sev_Chrono_PD_SS_ZB_silver_KB_PR3_25cm-1024x766.png 1024w, https:\/\/manufaktuhr.info\/wp-content\/uploads\/2014\/03\/1-37-02-02-02-33_Sev_Chrono_PD_SS_ZB_silver_KB_PR3_25cm-300x224.png 300w, https:\/\/manufaktuhr.info\/wp-content\/uploads\/2014\/03\/1-37-02-02-02-33_Sev_Chrono_PD_SS_ZB_silver_KB_PR3_25cm.png 1200w\" sizes=\"auto, (max-width: 709px) 85vw, (max-width: 909px) 67vw, (max-width: 984px) 61vw, (max-width: 1362px) 45vw, 600px\" \/><\/a>Der Seventies Chronograph Panoramadatum bereichert diese faszinierende Kollektion und pr\u00e4sentiert sich mit einem elegant-sportlichen Zifferblattdesign. Der innovative 12-Stunden-Z\u00e4hler ist auf 12 Uhr positioniert, w\u00e4hrend sich das f\u00fcr Glash\u00fctte Original typische Panoramadatum mittig im unteren Teil des Zifferblatts befindet. Die Anzeige der kleinen Sekunde beinhaltet gleichzeitig die Gangreserveanzeige und ist auf 9 Uhr positioniert, der 30-Minuten-Z\u00e4hler befindet sich gegen\u00fcber der kleinen Sekunde auf 3 Uhr.<\/p>\n<p><a href=\"https:\/\/manufaktuhr.info\/wp-content\/uploads\/2014\/03\/1-37-02-01-02-30_Sev_Chrono_PD_SS_LB_ZB_grau_PR2_25cm.png\"><img loading=\"lazy\" decoding=\"async\" data-attachment-id=\"1348\" data-permalink=\"https:\/\/manufaktuhr.info\/?attachment_id=1348\" data-orig-file=\"https:\/\/manufaktuhr.info\/wp-content\/uploads\/2014\/03\/1-37-02-01-02-30_Sev_Chrono_PD_SS_LB_ZB_grau_PR2_25cm.png\" data-orig-size=\"599,800\" data-comments-opened=\"1\" data-image-meta=\"{&quot;aperture&quot;:&quot;0&quot;,&quot;credit&quot;:&quot;&quot;,&quot;camera&quot;:&quot;&quot;,&quot;caption&quot;:&quot;&quot;,&quot;created_timestamp&quot;:&quot;0&quot;,&quot;copyright&quot;:&quot;&quot;,&quot;focal_length&quot;:&quot;0&quot;,&quot;iso&quot;:&quot;0&quot;,&quot;shutter_speed&quot;:&quot;0&quot;,&quot;title&quot;:&quot;&quot;}\" data-image-title=\"1-37-02-01-02-30_Sev_Chrono_PD_SS_LB_ZB_grau_PR2_25cm\" data-image-description=\"\" data-image-caption=\"\" data-medium-file=\"https:\/\/manufaktuhr.info\/wp-content\/uploads\/2014\/03\/1-37-02-01-02-30_Sev_Chrono_PD_SS_LB_ZB_grau_PR2_25cm-224x300.png\" data-large-file=\"https:\/\/manufaktuhr.info\/wp-content\/uploads\/2014\/03\/1-37-02-01-02-30_Sev_Chrono_PD_SS_LB_ZB_grau_PR2_25cm.png\" class=\"aligncenter size-full wp-image-1348\" title=\"1-37-02-01-02-30_Sev_Chrono_PD_SS_LB_ZB_grau_PR2_25cm\" src=\"https:\/\/manufaktuhr.info\/wp-content\/uploads\/2014\/03\/1-37-02-01-02-30_Sev_Chrono_PD_SS_LB_ZB_grau_PR2_25cm.png\" alt=\"\" width=\"599\" height=\"800\" srcset=\"https:\/\/manufaktuhr.info\/wp-content\/uploads\/2014\/03\/1-37-02-01-02-30_Sev_Chrono_PD_SS_LB_ZB_grau_PR2_25cm.png 599w, https:\/\/manufaktuhr.info\/wp-content\/uploads\/2014\/03\/1-37-02-01-02-30_Sev_Chrono_PD_SS_LB_ZB_grau_PR2_25cm-224x300.png 224w\" sizes=\"auto, (max-width: 599px) 85vw, 599px\" \/><\/a>Der sportliche Zeitmesser ist in drei Zifferblattvarianten erh\u00e4ltlich, die von Understatement und stilvoller Eleganz zeugen: in galvanisiertem Ruthenium, galvanisiertem Silber und kr\u00e4ftigem Blau.<\/p>\n<p><a href=\"https:\/\/manufaktuhr.info\/wp-content\/uploads\/2014\/03\/1-37-02-03-02-70_Sev_Chrono_PD_SS_MB_ZB_blau_PR3_25cm.png\"><img loading=\"lazy\" decoding=\"async\" data-attachment-id=\"1345\" data-permalink=\"https:\/\/manufaktuhr.info\/?attachment_id=1345\" data-orig-file=\"https:\/\/manufaktuhr.info\/wp-content\/uploads\/2014\/03\/1-37-02-03-02-70_Sev_Chrono_PD_SS_MB_ZB_blau_PR3_25cm.png\" data-orig-size=\"1200,898\" data-comments-opened=\"1\" data-image-meta=\"{&quot;aperture&quot;:&quot;0&quot;,&quot;credit&quot;:&quot;&quot;,&quot;camera&quot;:&quot;&quot;,&quot;caption&quot;:&quot;&quot;,&quot;created_timestamp&quot;:&quot;0&quot;,&quot;copyright&quot;:&quot;&quot;,&quot;focal_length&quot;:&quot;0&quot;,&quot;iso&quot;:&quot;0&quot;,&quot;shutter_speed&quot;:&quot;0&quot;,&quot;title&quot;:&quot;&quot;}\" data-image-title=\"1-37-02-03-02-70_Sev_Chrono_PD_SS_MB_ZB_blau_PR3_25cm\" data-image-description=\"\" data-image-caption=\"\" data-medium-file=\"https:\/\/manufaktuhr.info\/wp-content\/uploads\/2014\/03\/1-37-02-03-02-70_Sev_Chrono_PD_SS_MB_ZB_blau_PR3_25cm-300x224.png\" data-large-file=\"https:\/\/manufaktuhr.info\/wp-content\/uploads\/2014\/03\/1-37-02-03-02-70_Sev_Chrono_PD_SS_MB_ZB_blau_PR3_25cm-1024x766.png\" class=\"aligncenter size-large wp-image-1345\" title=\"1-37-02-03-02-70_Sev_Chrono_PD_SS_MB_ZB_blau_PR3_25cm\" src=\"https:\/\/manufaktuhr.info\/wp-content\/uploads\/2014\/03\/1-37-02-03-02-70_Sev_Chrono_PD_SS_MB_ZB_blau_PR3_25cm-1024x766.png\" alt=\"\" width=\"640\" height=\"478\" srcset=\"https:\/\/manufaktuhr.info\/wp-content\/uploads\/2014\/03\/1-37-02-03-02-70_Sev_Chrono_PD_SS_MB_ZB_blau_PR3_25cm-1024x766.png 1024w, https:\/\/manufaktuhr.info\/wp-content\/uploads\/2014\/03\/1-37-02-03-02-70_Sev_Chrono_PD_SS_MB_ZB_blau_PR3_25cm-300x224.png 300w, https:\/\/manufaktuhr.info\/wp-content\/uploads\/2014\/03\/1-37-02-03-02-70_Sev_Chrono_PD_SS_MB_ZB_blau_PR3_25cm.png 1200w\" sizes=\"auto, (max-width: 709px) 85vw, (max-width: 909px) 67vw, (max-width: 984px) 61vw, (max-width: 1362px) 45vw, 600px\" \/><\/a>Das Zifferblatt aller drei Varianten ist kunstvoll mit einem Sonnenschliff verziert. Die Indexe sind aus Wei\u00dfgold gefertigt, ebenso die Stunden- und Minutenzeiger, die mit Super-LumiNova ausgelegt wurden, um die Ablesbarkeit auch im Dunkeln zu gew\u00e4hrleisten.<\/p>\n<p><strong>Exquisite Finissierung<\/strong><\/p>\n<p>Ein spezieller Saphirglasboden erlaubt dem Tr\u00e4ger einen Blick in das neue Kaliber 37-02, das entsprechend den Anspr\u00fcchen von Glash\u00fctte Original hochfein vollendet ist. <a href=\"https:\/\/manufaktuhr.info\/wp-content\/uploads\/2014\/03\/1-37-02-02-02-70_Sev_Chrono_PD_SS_MB_ZB_si_Movement_25cm.png\"><img loading=\"lazy\" decoding=\"async\" data-attachment-id=\"1349\" data-permalink=\"https:\/\/manufaktuhr.info\/?attachment_id=1349\" data-orig-file=\"https:\/\/manufaktuhr.info\/wp-content\/uploads\/2014\/03\/1-37-02-02-02-70_Sev_Chrono_PD_SS_MB_ZB_si_Movement_25cm.png\" data-orig-size=\"1200,899\" data-comments-opened=\"1\" data-image-meta=\"{&quot;aperture&quot;:&quot;0&quot;,&quot;credit&quot;:&quot;&quot;,&quot;camera&quot;:&quot;&quot;,&quot;caption&quot;:&quot;&quot;,&quot;created_timestamp&quot;:&quot;0&quot;,&quot;copyright&quot;:&quot;&quot;,&quot;focal_length&quot;:&quot;0&quot;,&quot;iso&quot;:&quot;0&quot;,&quot;shutter_speed&quot;:&quot;0&quot;,&quot;title&quot;:&quot;&quot;}\" data-image-title=\"1-37-02-02-02-70_Sev_Chrono_PD_SS_MB_ZB_si_Movement_25cm\" data-image-description=\"\" data-image-caption=\"\" data-medium-file=\"https:\/\/manufaktuhr.info\/wp-content\/uploads\/2014\/03\/1-37-02-02-02-70_Sev_Chrono_PD_SS_MB_ZB_si_Movement_25cm-300x224.png\" data-large-file=\"https:\/\/manufaktuhr.info\/wp-content\/uploads\/2014\/03\/1-37-02-02-02-70_Sev_Chrono_PD_SS_MB_ZB_si_Movement_25cm-1024x767.png\" class=\"aligncenter size-large wp-image-1349\" title=\"1-37-02-02-02-70_Sev_Chrono_PD_SS_MB_ZB_si_Movement_25cm\" src=\"https:\/\/manufaktuhr.info\/wp-content\/uploads\/2014\/03\/1-37-02-02-02-70_Sev_Chrono_PD_SS_MB_ZB_si_Movement_25cm-1024x767.png\" alt=\"\" width=\"640\" height=\"479\" srcset=\"https:\/\/manufaktuhr.info\/wp-content\/uploads\/2014\/03\/1-37-02-02-02-70_Sev_Chrono_PD_SS_MB_ZB_si_Movement_25cm-1024x767.png 1024w, https:\/\/manufaktuhr.info\/wp-content\/uploads\/2014\/03\/1-37-02-02-02-70_Sev_Chrono_PD_SS_MB_ZB_si_Movement_25cm-300x224.png 300w, https:\/\/manufaktuhr.info\/wp-content\/uploads\/2014\/03\/1-37-02-02-02-70_Sev_Chrono_PD_SS_MB_ZB_si_Movement_25cm.png 1200w\" sizes=\"auto, (max-width: 709px) 85vw, (max-width: 909px) 67vw, (max-width: 984px) 61vw, (max-width: 1362px) 45vw, 600px\" \/><\/a>Typische Merkmale des Glash\u00fctter Uhrenbaus wie anglierte Kanten, polierte Stahlteile, gebl\u00e4ute Schrauben und die Glash\u00fctter Dreiviertelplatine mit Streifenschliff finden sich hier wieder, ebenso wie ein skelettierter Rotor mit 21-Karat-Gold-Schwungmasse und mit charakteristischem Doppel-G Logo.<\/p>\n<p>Der Seventies Chronograph Panoramadatum ist mit verschiedenen Bandvarianten <a href=\"https:\/\/manufaktuhr.info\/wp-content\/uploads\/2014\/03\/1-37-02-01-02-30_Sev_Chrono_PD_SS_LB_ZB_grau_PR5_25cm.png\"><img loading=\"lazy\" decoding=\"async\" data-attachment-id=\"1344\" data-permalink=\"https:\/\/manufaktuhr.info\/?attachment_id=1344\" data-orig-file=\"https:\/\/manufaktuhr.info\/wp-content\/uploads\/2014\/03\/1-37-02-01-02-30_Sev_Chrono_PD_SS_LB_ZB_grau_PR5_25cm.png\" data-orig-size=\"1200,898\" data-comments-opened=\"1\" data-image-meta=\"{&quot;aperture&quot;:&quot;0&quot;,&quot;credit&quot;:&quot;&quot;,&quot;camera&quot;:&quot;&quot;,&quot;caption&quot;:&quot;&quot;,&quot;created_timestamp&quot;:&quot;0&quot;,&quot;copyright&quot;:&quot;&quot;,&quot;focal_length&quot;:&quot;0&quot;,&quot;iso&quot;:&quot;0&quot;,&quot;shutter_speed&quot;:&quot;0&quot;,&quot;title&quot;:&quot;&quot;}\" data-image-title=\"1-37-02-01-02-30_Sev_Chrono_PD_SS_LB_ZB_grau_PR5_25cm\" data-image-description=\"\" data-image-caption=\"\" data-medium-file=\"https:\/\/manufaktuhr.info\/wp-content\/uploads\/2014\/03\/1-37-02-01-02-30_Sev_Chrono_PD_SS_LB_ZB_grau_PR5_25cm-300x224.png\" data-large-file=\"https:\/\/manufaktuhr.info\/wp-content\/uploads\/2014\/03\/1-37-02-01-02-30_Sev_Chrono_PD_SS_LB_ZB_grau_PR5_25cm-1024x766.png\" class=\"aligncenter size-large wp-image-1344\" title=\"1-37-02-01-02-30_Sev_Chrono_PD_SS_LB_ZB_grau_PR5_25cm\" src=\"https:\/\/manufaktuhr.info\/wp-content\/uploads\/2014\/03\/1-37-02-01-02-30_Sev_Chrono_PD_SS_LB_ZB_grau_PR5_25cm-1024x766.png\" alt=\"\" width=\"640\" height=\"478\" srcset=\"https:\/\/manufaktuhr.info\/wp-content\/uploads\/2014\/03\/1-37-02-01-02-30_Sev_Chrono_PD_SS_LB_ZB_grau_PR5_25cm-1024x766.png 1024w, https:\/\/manufaktuhr.info\/wp-content\/uploads\/2014\/03\/1-37-02-01-02-30_Sev_Chrono_PD_SS_LB_ZB_grau_PR5_25cm-300x224.png 300w, https:\/\/manufaktuhr.info\/wp-content\/uploads\/2014\/03\/1-37-02-01-02-30_Sev_Chrono_PD_SS_LB_ZB_grau_PR5_25cm.png 1200w\" sizes=\"auto, (max-width: 709px) 85vw, (max-width: 909px) 67vw, (max-width: 984px) 61vw, (max-width: 1362px) 45vw, 600px\" \/><\/a>erh\u00e4ltlich: Elegante Armb\u00e4nder aus Louisiana-Alligator-Leder in Blau, Grau und Schwarz erg\u00e4nzen perfekt die Modelle mit blauem, Ruthenium- und silberfarbenem Zifferblatt. Dar\u00fcber hinaus sorgen ein funktionales Kautschukarmband sowie ein sportliches Metallarmband f\u00fcr weitere Kombinationsm\u00f6glichkeiten.<\/p>\n<p><a href=\"https:\/\/manufaktuhr.info\/wp-content\/uploads\/2014\/03\/1-37-02-03-02-70_Sev_Chrono_PD_SS_MB_ZB_blau_PR4_25cm.png\"><img loading=\"lazy\" decoding=\"async\" data-attachment-id=\"1346\" data-permalink=\"https:\/\/manufaktuhr.info\/?attachment_id=1346\" data-orig-file=\"https:\/\/manufaktuhr.info\/wp-content\/uploads\/2014\/03\/1-37-02-03-02-70_Sev_Chrono_PD_SS_MB_ZB_blau_PR4_25cm.png\" data-orig-size=\"1200,898\" data-comments-opened=\"1\" data-image-meta=\"{&quot;aperture&quot;:&quot;0&quot;,&quot;credit&quot;:&quot;&quot;,&quot;camera&quot;:&quot;&quot;,&quot;caption&quot;:&quot;&quot;,&quot;created_timestamp&quot;:&quot;0&quot;,&quot;copyright&quot;:&quot;&quot;,&quot;focal_length&quot;:&quot;0&quot;,&quot;iso&quot;:&quot;0&quot;,&quot;shutter_speed&quot;:&quot;0&quot;,&quot;title&quot;:&quot;&quot;}\" data-image-title=\"1-37-02-03-02-70_Sev_Chrono_PD_SS_MB_ZB_blau_PR4_25cm\" data-image-description=\"\" data-image-caption=\"\" data-medium-file=\"https:\/\/manufaktuhr.info\/wp-content\/uploads\/2014\/03\/1-37-02-03-02-70_Sev_Chrono_PD_SS_MB_ZB_blau_PR4_25cm-300x224.png\" data-large-file=\"https:\/\/manufaktuhr.info\/wp-content\/uploads\/2014\/03\/1-37-02-03-02-70_Sev_Chrono_PD_SS_MB_ZB_blau_PR4_25cm-1024x766.png\" class=\"aligncenter size-large wp-image-1346\" title=\"1-37-02-03-02-70_Sev_Chrono_PD_SS_MB_ZB_blau_PR4_25cm\" src=\"https:\/\/manufaktuhr.info\/wp-content\/uploads\/2014\/03\/1-37-02-03-02-70_Sev_Chrono_PD_SS_MB_ZB_blau_PR4_25cm-1024x766.png\" alt=\"\" width=\"640\" height=\"478\" srcset=\"https:\/\/manufaktuhr.info\/wp-content\/uploads\/2014\/03\/1-37-02-03-02-70_Sev_Chrono_PD_SS_MB_ZB_blau_PR4_25cm-1024x766.png 1024w, https:\/\/manufaktuhr.info\/wp-content\/uploads\/2014\/03\/1-37-02-03-02-70_Sev_Chrono_PD_SS_MB_ZB_blau_PR4_25cm-300x224.png 300w, https:\/\/manufaktuhr.info\/wp-content\/uploads\/2014\/03\/1-37-02-03-02-70_Sev_Chrono_PD_SS_MB_ZB_blau_PR4_25cm.png 1200w\" sizes=\"auto, (max-width: 709px) 85vw, (max-width: 909px) 67vw, (max-width: 984px) 61vw, (max-width: 1362px) 45vw, 600px\" \/><\/a><\/p>\n<p>&nbsp;<\/p>\n","protected":false},"excerpt":{"rendered":"<p>Ein sportlicher Chronograph mit Vintage Charakter Glash\u00fctte Original pr\u00e4sentiert 2014 den neuen Seventies Chronograph Panoramadatum, den j\u00fcngsten Zuwachs der erfolgreichen Kollektion \u201eVintage des 20. Jahrhunderts\u201c. Das markante Modell verf\u00fcgt \u00fcber ein komplett neues Chronographen-Werk, das in der Manufaktur entworfen und gebaut wurde. Der Seventies Chronograph Panoramadatum wird anl\u00e4sslich der diesj\u00e4hrigen Baselworld in drei verschiedenen Zifferblattversionen &hellip; <a href=\"https:\/\/manufaktuhr.info\/?p=1351\" class=\"more-link\"><span class=\"screen-reader-text\">\u201eBaselworld 2014: Glash\u00fctte Original Seventies Chronograph Panoramadatum\u201c <\/span>weiterlesen<\/a><\/p>\n","protected":false},"author":1,"featured_media":0,"comment_status":"open","ping_status":"open","sticky":false,"template":"","format":"standard","meta":{"jetpack_post_was_ever_published":false,"_jetpack_newsletter_access":"","_jetpack_dont_email_post_to_subs":false,"_jetpack_newsletter_tier_id":0,"_jetpack_memberships_contains_paywalled_content":false,"_jetpack_memberships_contains_paid_content":false,"footnotes":"","jetpack_publicize_message":"","jetpack_publicize_feature_enabled":true,"jetpack_social_post_already_shared":false,"jetpack_social_options":{"image_generator_settings":{"template":"highway","default_image_id":0,"font":"","enabled":false},"version":2}},"categories":[10],"tags":[],"class_list":["post-1351","post","type-post","status-publish","format-standard","hentry","category-glashutte-original"],"jetpack_publicize_connections":[],"jetpack_featured_media_url":"","jetpack_shortlink":"https:\/\/wp.me\/p7fs8R-lN","jetpack-related-posts":[],"jetpack_sharing_enabled":true,"_links":{"self":[{"href":"https:\/\/manufaktuhr.info\/index.php?rest_route=\/wp\/v2\/posts\/1351","targetHints":{"allow":["GET"]}}],"collection":[{"href":"https:\/\/manufaktuhr.info\/index.php?rest_route=\/wp\/v2\/posts"}],"about":[{"href":"https:\/\/manufaktuhr.info\/index.php?rest_route=\/wp\/v2\/types\/post"}],"author":[{"embeddable":true,"href":"https:\/\/manufaktuhr.info\/index.php?rest_route=\/wp\/v2\/users\/1"}],"replies":[{"embeddable":true,"href":"https:\/\/manufaktuhr.info\/index.php?rest_route=%2Fwp%2Fv2%2Fcomments&post=1351"}],"version-history":[{"count":5,"href":"https:\/\/manufaktuhr.info\/index.php?rest_route=\/wp\/v2\/posts\/1351\/revisions"}],"predecessor-version":[{"id":1359,"href":"https:\/\/manufaktuhr.info\/index.php?rest_route=\/wp\/v2\/posts\/1351\/revisions\/1359"}],"wp:attachment":[{"href":"https:\/\/manufaktuhr.info\/index.php?rest_route=%2Fwp%2Fv2%2Fmedia&parent=1351"}],"wp:term":[{"taxonomy":"category","embeddable":true,"href":"https:\/\/manufaktuhr.info\/index.php?rest_route=%2Fwp%2Fv2%2Fcategories&post=1351"},{"taxonomy":"post_tag","embeddable":true,"href":"https:\/\/manufaktuhr.info\/index.php?rest_route=%2Fwp%2Fv2%2Ftags&post=1351"}],"curies":[{"name":"wp","href":"https:\/\/api.w.org\/{rel}","templated":true}]}}