{"id":1387,"date":"2014-04-16T21:18:25","date_gmt":"2014-04-16T20:18:25","guid":{"rendered":"http:\/\/manufaktuhr.info\/?p=1387"},"modified":"2014-04-16T21:29:25","modified_gmt":"2014-04-16T20:29:25","slug":"neues-und-erweitertes-mechanik-uhrensortiment-bei-dugena-premium","status":"publish","type":"post","link":"https:\/\/manufaktuhr.info\/?p=1387","title":{"rendered":"Neues und erweitertes Mechanik Uhrensortiment bei DUGENA Premium"},"content":{"rendered":"<p>Mit der neuen Modellfamilie \u201eKAPPA\u201c, wird das konsequent fortgesetzt, was mit den \u201emechanischen Rarit\u00e4ten\u201c 2010 (damals in limitierter Auflage) begann, der Wandel von DUGENA Premium, zur reinen Mechanik Uhrenmarke.<\/p>\n<p>Erdacht, entwickelt und hergestellt, werden die KAPPA Uhrenmodelle, wie alle anderen mechanischen Uhren von DUGENA Premium, in der eigenen Werkst\u00e4tten in Meisenheim, eben echt \u201eMade in Germany\u201c. Die Publikumspreise der \u201eKAPPA\u201c reichen von \u20ac 449,- bis \u20ac 499,-.<\/p>\n<p><a href=\"https:\/\/manufaktuhr.info\/wp-content\/uploads\/2014\/04\/7000300.jpg\"><img loading=\"lazy\" decoding=\"async\" data-attachment-id=\"1368\" data-permalink=\"https:\/\/manufaktuhr.info\/?attachment_id=1368\" data-orig-file=\"https:\/\/manufaktuhr.info\/wp-content\/uploads\/2014\/04\/7000300.jpg\" data-orig-size=\"880,1500\" data-comments-opened=\"1\" data-image-meta=\"{&quot;aperture&quot;:&quot;0&quot;,&quot;credit&quot;:&quot;&quot;,&quot;camera&quot;:&quot;&quot;,&quot;caption&quot;:&quot;&quot;,&quot;created_timestamp&quot;:&quot;0&quot;,&quot;copyright&quot;:&quot;&quot;,&quot;focal_length&quot;:&quot;0&quot;,&quot;iso&quot;:&quot;0&quot;,&quot;shutter_speed&quot;:&quot;0&quot;,&quot;title&quot;:&quot;&quot;}\" data-image-title=\"7000300\" data-image-description=\"\" data-image-caption=\"\" data-medium-file=\"https:\/\/manufaktuhr.info\/wp-content\/uploads\/2014\/04\/7000300-176x300.jpg\" data-large-file=\"https:\/\/manufaktuhr.info\/wp-content\/uploads\/2014\/04\/7000300-600x1024.jpg\" class=\"aligncenter size-large wp-image-1368\" title=\"7000300\" src=\"https:\/\/manufaktuhr.info\/wp-content\/uploads\/2014\/04\/7000300-600x1024.jpg\" alt=\"\" width=\"600\" height=\"1024\" srcset=\"https:\/\/manufaktuhr.info\/wp-content\/uploads\/2014\/04\/7000300-600x1024.jpg 600w, https:\/\/manufaktuhr.info\/wp-content\/uploads\/2014\/04\/7000300-176x300.jpg 176w, https:\/\/manufaktuhr.info\/wp-content\/uploads\/2014\/04\/7000300.jpg 880w\" sizes=\"auto, (max-width: 709px) 85vw, (max-width: 909px) 67vw, (max-width: 984px) 61vw, (max-width: 1362px) 45vw, 600px\" \/><\/a><strong>KAPPA 1 Automatik mit Lederarmband<\/strong><\/p>\n<p><strong>Uhrwerk:<\/strong> DP 9015, Automatik, \u00d8 26,0 mm, 3,9 mm H\u00f6he, 24 Steine, 42 Stunden Gangreserve, Genfer Streifenschliff, Rotor mit Sonnenschliff<br \/>\n<strong>Geh\u00e4use:<\/strong> Edelstahl poliert\/satiniert, \u00d8 42,5 mm Wasserdicht: 5 bar<br \/>\n<strong>Glasboden:<\/strong> zentral verschraubt<br \/>\n<strong>Glas:<\/strong> Saphirglas, beidseitig bombiert Krone: poliert, mit Gravur: Dugena-Dreieck<br \/>\n<strong>Zifferblatt:<\/strong> feinmatt, schwarz<br \/>\n<strong>Ziffern\/Indizes\/Logo:<\/strong> silbern, erhaben, mit Leuchtmasse ausgelegt<br \/>\n<strong>Zeiger:<\/strong> silbern, poliert, mit Leuchtmasse ausgelegt<br \/>\n<strong>Band:<\/strong> Leder schwarz mit Kautschukbeschichtung<br \/>\n<strong>Schlie\u00dfe:<\/strong> Dornschlie\u00dfe schwarz mit Logo-Gravur<br \/>\n<strong>Publikumspreis:<\/strong> \u20ac 449,-<\/p>\n<p><a href=\"https:\/\/manufaktuhr.info\/wp-content\/uploads\/2014\/04\/7090300.jpg\"><img loading=\"lazy\" decoding=\"async\" data-attachment-id=\"1380\" data-permalink=\"https:\/\/manufaktuhr.info\/?attachment_id=1380\" data-orig-file=\"https:\/\/manufaktuhr.info\/wp-content\/uploads\/2014\/04\/7090300.jpg\" data-orig-size=\"880,1500\" data-comments-opened=\"1\" data-image-meta=\"{&quot;aperture&quot;:&quot;0&quot;,&quot;credit&quot;:&quot;&quot;,&quot;camera&quot;:&quot;&quot;,&quot;caption&quot;:&quot;&quot;,&quot;created_timestamp&quot;:&quot;0&quot;,&quot;copyright&quot;:&quot;&quot;,&quot;focal_length&quot;:&quot;0&quot;,&quot;iso&quot;:&quot;0&quot;,&quot;shutter_speed&quot;:&quot;0&quot;,&quot;title&quot;:&quot;&quot;}\" data-image-title=\"7090300\" data-image-description=\"\" data-image-caption=\"\" data-medium-file=\"https:\/\/manufaktuhr.info\/wp-content\/uploads\/2014\/04\/7090300-176x300.jpg\" data-large-file=\"https:\/\/manufaktuhr.info\/wp-content\/uploads\/2014\/04\/7090300-600x1024.jpg\" class=\"aligncenter size-large wp-image-1380\" title=\"7090300\" src=\"https:\/\/manufaktuhr.info\/wp-content\/uploads\/2014\/04\/7090300-600x1024.jpg\" alt=\"\" width=\"600\" height=\"1024\" srcset=\"https:\/\/manufaktuhr.info\/wp-content\/uploads\/2014\/04\/7090300-600x1024.jpg 600w, https:\/\/manufaktuhr.info\/wp-content\/uploads\/2014\/04\/7090300-176x300.jpg 176w, https:\/\/manufaktuhr.info\/wp-content\/uploads\/2014\/04\/7090300.jpg 880w\" sizes=\"auto, (max-width: 709px) 85vw, (max-width: 909px) 67vw, (max-width: 984px) 61vw, (max-width: 1362px) 45vw, 600px\" \/><\/a><\/p>\n<p><strong>KAPPA 1 Automatik mit Edelstahlarmband<\/strong><\/p>\n<p><strong>Uhrwerk:<\/strong> DP 9015, Automatik, \u00d8 26,0 mm, 3,9 mm H\u00f6he, 24 Steine, 42 Stunden Gangreserve, Genfer Streifenschliff, Rotor mit Sonnenschliff<br \/>\n<strong>Geh\u00e4use:<\/strong> Edelstahl poliert\/satiniert, \u00d8 42,5 mm Wasserdicht: 5 bar<br \/>\n<strong>Glasboden:<\/strong> zentral verschraubt<br \/>\n<strong>Glas:<\/strong> Saphirglas, beidseitig bombiert Krone: poliert, mit Gravur: Dugena-Dreieck<br \/>\n<strong>Zifferblatt:<\/strong> feinmatt, schwarz<br \/>\n<strong>Ziffern\/Indizes\/Logo:<\/strong> silbern, erhaben, mit Leuchtmasse ausgelegt<br \/>\n<strong>Zeiger:<\/strong> silbern, poliert, mit Leuchtmasse ausgelegt<br \/>\n<strong>Band:<\/strong> massives Edelstahl<br \/>\n<strong>Schlie\u00dfe:<\/strong> Doppelfalt-Dr\u00fcckerschlie\u00dfe<br \/>\n<strong>Publikumspreis:<\/strong> \u20ac 499,-<\/p>\n<p><a href=\"https:\/\/manufaktuhr.info\/wp-content\/uploads\/2014\/04\/7000301.jpg\"><img loading=\"lazy\" decoding=\"async\" data-attachment-id=\"1369\" data-permalink=\"https:\/\/manufaktuhr.info\/?attachment_id=1369\" data-orig-file=\"https:\/\/manufaktuhr.info\/wp-content\/uploads\/2014\/04\/7000301.jpg\" data-orig-size=\"880,1500\" data-comments-opened=\"1\" data-image-meta=\"{&quot;aperture&quot;:&quot;0&quot;,&quot;credit&quot;:&quot;&quot;,&quot;camera&quot;:&quot;&quot;,&quot;caption&quot;:&quot;&quot;,&quot;created_timestamp&quot;:&quot;0&quot;,&quot;copyright&quot;:&quot;&quot;,&quot;focal_length&quot;:&quot;0&quot;,&quot;iso&quot;:&quot;0&quot;,&quot;shutter_speed&quot;:&quot;0&quot;,&quot;title&quot;:&quot;&quot;}\" data-image-title=\"7000301\" data-image-description=\"\" data-image-caption=\"\" data-medium-file=\"https:\/\/manufaktuhr.info\/wp-content\/uploads\/2014\/04\/7000301-176x300.jpg\" data-large-file=\"https:\/\/manufaktuhr.info\/wp-content\/uploads\/2014\/04\/7000301-600x1024.jpg\" class=\"aligncenter size-large wp-image-1369\" title=\"7000301\" src=\"https:\/\/manufaktuhr.info\/wp-content\/uploads\/2014\/04\/7000301-600x1024.jpg\" alt=\"\" width=\"600\" height=\"1024\" srcset=\"https:\/\/manufaktuhr.info\/wp-content\/uploads\/2014\/04\/7000301-600x1024.jpg 600w, https:\/\/manufaktuhr.info\/wp-content\/uploads\/2014\/04\/7000301-176x300.jpg 176w, https:\/\/manufaktuhr.info\/wp-content\/uploads\/2014\/04\/7000301.jpg 880w\" sizes=\"auto, (max-width: 709px) 85vw, (max-width: 909px) 67vw, (max-width: 984px) 61vw, (max-width: 1362px) 45vw, 600px\" \/><\/a><\/p>\n<p><strong>KAPPA 2 Automatik<\/strong><\/p>\n<p><strong>Uhrwerk:<\/strong> DP 9015, Automatik, \u00d8 26,0 mm, 3,9 mm H\u00f6he, 24 Steine, 42 Stunden Gangreserve, Genfer Streifenschliff, Rotor mit Sonnenschliff<br \/>\n<strong>Geh\u00e4use:<\/strong> Edelstahl schwarz PVD, \u00d8 42,5 mm Wasserdicht: 5 bar<br \/>\n<strong>Glasboden:<\/strong> zentral verschraubt<br \/>\n<strong>Glas:<\/strong> Saphirglas, beidseitig bombiert<br \/>\n<strong>Krone:<\/strong> schwarz, mit Gravur: Dugena-Dreieck<br \/>\n<strong>Zifferblatt:<\/strong> feinmatt, schwarz<br \/>\n<strong>Ziffern\/Indizes\/Logo:<\/strong> silbern, erhaben, mit gr\u00fcner Leuchtmasse ausgelegt<br \/>\n<strong>Zeiger:<\/strong> schwarz PVD, mit gr\u00fcner Leuchtmasse ausgelegt<br \/>\n<strong>Band:<\/strong> Leder schwarz mit Kautschukbeschichtung<br \/>\n<strong>Schlie\u00dfe:<\/strong> Dornschlie\u00dfe schwarz mit Logo-Gravur<br \/>\n<strong>Publikumspreis:<\/strong> \u20ac 499,-<\/p>\n<p><a href=\"https:\/\/manufaktuhr.info\/wp-content\/uploads\/2014\/04\/7000302.jpg\"><img loading=\"lazy\" decoding=\"async\" data-attachment-id=\"1370\" data-permalink=\"https:\/\/manufaktuhr.info\/?attachment_id=1370\" data-orig-file=\"https:\/\/manufaktuhr.info\/wp-content\/uploads\/2014\/04\/7000302.jpg\" data-orig-size=\"880,1500\" data-comments-opened=\"1\" data-image-meta=\"{&quot;aperture&quot;:&quot;0&quot;,&quot;credit&quot;:&quot;&quot;,&quot;camera&quot;:&quot;&quot;,&quot;caption&quot;:&quot;&quot;,&quot;created_timestamp&quot;:&quot;0&quot;,&quot;copyright&quot;:&quot;&quot;,&quot;focal_length&quot;:&quot;0&quot;,&quot;iso&quot;:&quot;0&quot;,&quot;shutter_speed&quot;:&quot;0&quot;,&quot;title&quot;:&quot;&quot;}\" data-image-title=\"7000302\" data-image-description=\"\" data-image-caption=\"\" data-medium-file=\"https:\/\/manufaktuhr.info\/wp-content\/uploads\/2014\/04\/7000302-176x300.jpg\" data-large-file=\"https:\/\/manufaktuhr.info\/wp-content\/uploads\/2014\/04\/7000302-600x1024.jpg\" class=\"aligncenter size-large wp-image-1370\" title=\"7000302\" src=\"https:\/\/manufaktuhr.info\/wp-content\/uploads\/2014\/04\/7000302-600x1024.jpg\" alt=\"\" width=\"600\" height=\"1024\" srcset=\"https:\/\/manufaktuhr.info\/wp-content\/uploads\/2014\/04\/7000302-600x1024.jpg 600w, https:\/\/manufaktuhr.info\/wp-content\/uploads\/2014\/04\/7000302-176x300.jpg 176w, https:\/\/manufaktuhr.info\/wp-content\/uploads\/2014\/04\/7000302.jpg 880w\" sizes=\"auto, (max-width: 709px) 85vw, (max-width: 909px) 67vw, (max-width: 984px) 61vw, (max-width: 1362px) 45vw, 600px\" \/><\/a><\/p>\n<p><strong>KAPPA 3 Automatik<\/strong><\/p>\n<p><strong>Uhrwerk:<\/strong> DP 9015, Automatik, \u00d8 26,0 mm, 3,9 mm H\u00f6he, 24 Steine, 42 Stunden Gangreserve, Genfer Streifenschliff, Rotor mit Sonnenschliff<br \/>\n<strong>Geh\u00e4use:<\/strong> Edelstahl schwarz PVD, \u00d8 42,5 mm Wasserdicht: 5 bar<br \/>\n<strong>Glasboden:<\/strong> zentral verschraubt<br \/>\n<strong>Glas:<\/strong> Saphirglas, beidseitig bombiert<br \/>\n<strong>Krone:<\/strong> schwarz, mit Gravur: Dugena-Dreieck<br \/>\n<strong>Zifferblatt:<\/strong> feinmatt, schwarz<br \/>\n<strong>Ziffern\/Indizes\/Logo:<\/strong> silbern, erhaben, mit Leuchtmasse ausgelegt<br \/>\n<strong>Zeiger:<\/strong> silbern, poliert, mit Leuchtmasse ausgelegt<br \/>\n<strong>Band:<\/strong> Leder schwarz mit Kautschukbeschichtung<br \/>\n<strong>Schlie\u00dfe:<\/strong> Dornschlie\u00dfe schwarz mit Logo-Gravur<br \/>\n<strong>Publikumspreis:<\/strong> \u20ac 499,-<\/p>\n<p>&nbsp;<\/p>\n<p><strong>Das mechanische Spitzenmodell<\/strong><\/p>\n<p><strong><\/strong>Erg\u00e4nzt wird die Modelloffensive mit dem vorl\u00e4ufigen mechanischen Spitzenmodell, der FESTA Automatik \u201eKalender\u201c, einer s.g. \u201ekleinen Komplikation\u201c. Bei diesem Modell wird zus\u00e4tzlich zu Stunde, Minute, Sekunde und dem Datum, auch der Wochentag und der Monat angezeigt. Die Publikumspreise der FESTA \u201eKalender\u201c beginnen bei \u20ac 549,- mit feinem Kalbslederband in Kroko-Pr\u00e4gung und enden mit massivem Edelstahl- \u201eBacksteinband\u201c mit Doppelfalt- Dr\u00fcckerschlie\u00dfe bei \u20ac 599,-.<\/p>\n<p><a href=\"https:\/\/manufaktuhr.info\/wp-content\/uploads\/2014\/04\/7090330.jpg\"><img loading=\"lazy\" decoding=\"async\" data-attachment-id=\"1385\" data-permalink=\"https:\/\/manufaktuhr.info\/?attachment_id=1385\" data-orig-file=\"https:\/\/manufaktuhr.info\/wp-content\/uploads\/2014\/04\/7090330.jpg\" data-orig-size=\"880,1500\" data-comments-opened=\"1\" data-image-meta=\"{&quot;aperture&quot;:&quot;0&quot;,&quot;credit&quot;:&quot;&quot;,&quot;camera&quot;:&quot;&quot;,&quot;caption&quot;:&quot;&quot;,&quot;created_timestamp&quot;:&quot;0&quot;,&quot;copyright&quot;:&quot;&quot;,&quot;focal_length&quot;:&quot;0&quot;,&quot;iso&quot;:&quot;0&quot;,&quot;shutter_speed&quot;:&quot;0&quot;,&quot;title&quot;:&quot;&quot;}\" data-image-title=\"7090330\" data-image-description=\"\" data-image-caption=\"\" data-medium-file=\"https:\/\/manufaktuhr.info\/wp-content\/uploads\/2014\/04\/7090330-176x300.jpg\" data-large-file=\"https:\/\/manufaktuhr.info\/wp-content\/uploads\/2014\/04\/7090330-600x1024.jpg\" class=\"aligncenter size-large wp-image-1385\" title=\"7090330\" src=\"https:\/\/manufaktuhr.info\/wp-content\/uploads\/2014\/04\/7090330-600x1024.jpg\" alt=\"\" width=\"600\" height=\"1024\" srcset=\"https:\/\/manufaktuhr.info\/wp-content\/uploads\/2014\/04\/7090330-600x1024.jpg 600w, https:\/\/manufaktuhr.info\/wp-content\/uploads\/2014\/04\/7090330-176x300.jpg 176w, https:\/\/manufaktuhr.info\/wp-content\/uploads\/2014\/04\/7090330.jpg 880w\" sizes=\"auto, (max-width: 709px) 85vw, (max-width: 909px) 67vw, (max-width: 984px) 61vw, (max-width: 1362px) 45vw, 600px\" \/><\/a><\/p>\n<p><strong>FESTA Kalender Automatik mit Edelstahlarmband<\/strong><\/p>\n<p><strong>Uhrwerk:<\/strong> DP 9100, Automatik, \u00d8 30,2 mm, 5,52 mm H\u00f6he, 26 Steine, 40 Stunden Gangreserve, Genfer Streifenschliff, Rotor mit Sonnenschliff<br \/>\n<strong>Geh\u00e4use:<\/strong> Edelstahl poliert, \u00d8 40,5 mm<br \/>\n<strong>Wasserdicht:<\/strong> 5 bar<br \/>\n<strong>Glasboden:<\/strong> zentral verschraubt<br \/>\n<strong>Glas:<\/strong> Saphirglas, beidseitig bombiert Krone: poliert, mit Gravur: Dugena-Dreieck<br \/>\n<strong>Zifferblatt:<\/strong> feinmatt, wei\u00df oder schwarz<br \/>\n<strong>Ziffern\/Indizes\/Logo:<\/strong> silbern, erhaben<br \/>\n<strong>Zeiger:<\/strong> silbern, poliert, skelettiert<br \/>\n<strong>Band:<\/strong> Edelstahl massiv<br \/>\n<strong>Schlie\u00dfe:<\/strong> Doppelfalt-Dr\u00fcckerschlie\u00dfe<br \/>\n<strong>Publikumspreis:<\/strong> \u20ac 599,-<\/p>\n<p><a href=\"https:\/\/manufaktuhr.info\/wp-content\/uploads\/2014\/04\/7090332.jpg\"><img loading=\"lazy\" decoding=\"async\" data-attachment-id=\"1386\" data-permalink=\"https:\/\/manufaktuhr.info\/?attachment_id=1386\" data-orig-file=\"https:\/\/manufaktuhr.info\/wp-content\/uploads\/2014\/04\/7090332.jpg\" data-orig-size=\"880,1500\" data-comments-opened=\"1\" data-image-meta=\"{&quot;aperture&quot;:&quot;0&quot;,&quot;credit&quot;:&quot;&quot;,&quot;camera&quot;:&quot;&quot;,&quot;caption&quot;:&quot;&quot;,&quot;created_timestamp&quot;:&quot;0&quot;,&quot;copyright&quot;:&quot;&quot;,&quot;focal_length&quot;:&quot;0&quot;,&quot;iso&quot;:&quot;0&quot;,&quot;shutter_speed&quot;:&quot;0&quot;,&quot;title&quot;:&quot;&quot;}\" data-image-title=\"7090332\" data-image-description=\"\" data-image-caption=\"\" data-medium-file=\"https:\/\/manufaktuhr.info\/wp-content\/uploads\/2014\/04\/7090332-176x300.jpg\" data-large-file=\"https:\/\/manufaktuhr.info\/wp-content\/uploads\/2014\/04\/7090332-600x1024.jpg\" class=\"aligncenter size-large wp-image-1386\" title=\"7090332\" src=\"https:\/\/manufaktuhr.info\/wp-content\/uploads\/2014\/04\/7090332-600x1024.jpg\" alt=\"\" width=\"600\" height=\"1024\" srcset=\"https:\/\/manufaktuhr.info\/wp-content\/uploads\/2014\/04\/7090332-600x1024.jpg 600w, https:\/\/manufaktuhr.info\/wp-content\/uploads\/2014\/04\/7090332-176x300.jpg 176w, https:\/\/manufaktuhr.info\/wp-content\/uploads\/2014\/04\/7090332.jpg 880w\" sizes=\"auto, (max-width: 709px) 85vw, (max-width: 909px) 67vw, (max-width: 984px) 61vw, (max-width: 1362px) 45vw, 600px\" \/><\/a><\/p>\n<p><a href=\"https:\/\/manufaktuhr.info\/wp-content\/uploads\/2014\/04\/7000330.jpg\"><img loading=\"lazy\" decoding=\"async\" data-attachment-id=\"1375\" data-permalink=\"https:\/\/manufaktuhr.info\/?attachment_id=1375\" data-orig-file=\"https:\/\/manufaktuhr.info\/wp-content\/uploads\/2014\/04\/7000330.jpg\" data-orig-size=\"880,1500\" data-comments-opened=\"1\" data-image-meta=\"{&quot;aperture&quot;:&quot;0&quot;,&quot;credit&quot;:&quot;&quot;,&quot;camera&quot;:&quot;&quot;,&quot;caption&quot;:&quot;&quot;,&quot;created_timestamp&quot;:&quot;0&quot;,&quot;copyright&quot;:&quot;&quot;,&quot;focal_length&quot;:&quot;0&quot;,&quot;iso&quot;:&quot;0&quot;,&quot;shutter_speed&quot;:&quot;0&quot;,&quot;title&quot;:&quot;&quot;}\" data-image-title=\"7000330\" data-image-description=\"\" data-image-caption=\"\" data-medium-file=\"https:\/\/manufaktuhr.info\/wp-content\/uploads\/2014\/04\/7000330-176x300.jpg\" data-large-file=\"https:\/\/manufaktuhr.info\/wp-content\/uploads\/2014\/04\/7000330-600x1024.jpg\" class=\"aligncenter size-large wp-image-1375\" title=\"7000330\" src=\"https:\/\/manufaktuhr.info\/wp-content\/uploads\/2014\/04\/7000330-600x1024.jpg\" alt=\"\" width=\"600\" height=\"1024\" srcset=\"https:\/\/manufaktuhr.info\/wp-content\/uploads\/2014\/04\/7000330-600x1024.jpg 600w, https:\/\/manufaktuhr.info\/wp-content\/uploads\/2014\/04\/7000330-176x300.jpg 176w, https:\/\/manufaktuhr.info\/wp-content\/uploads\/2014\/04\/7000330.jpg 880w\" sizes=\"auto, (max-width: 709px) 85vw, (max-width: 909px) 67vw, (max-width: 984px) 61vw, (max-width: 1362px) 45vw, 600px\" \/><\/a><\/p>\n<p><strong>FESTA Kalender Automatik mit Lederarmband<\/strong><\/p>\n<p><strong>Uhrwerk:<\/strong> DP 9100, Automatik, \u00d8 30,2 mm, 5,52 mm H\u00f6he, 26 Steine, 40 Stunden Gangreserve, Genfer Streifenschliff, Rotor mit Sonnenschliff<br \/>\n<strong>Geh\u00e4use:<\/strong> Edelstahl poliert, \u00d8 40,5 mm<br \/>\n<strong>Wasserdicht:<\/strong> 5 bar<br \/>\n<strong>Glasboden:<\/strong> zentral verschraubt<br \/>\n<strong>Glas:<\/strong> Saphirglas, beidseitig bombiert Krone: poliert, mit Gravur: Dugena-Dreieck<br \/>\n<strong>Zifferblatt:<\/strong> feinmatt, wei\u00df oder schwarz<br \/>\n<strong>Ziffern\/Indizes\/Logo:<\/strong> silbern, erhaben<br \/>\n<strong>Zeiger:<\/strong> silbern, poliert, skelettiert<br \/>\n<strong>Band:<\/strong> Leder schwarz mit Krokopr\u00e4gung<br \/>\n<strong>Schlie\u00dfe:<\/strong> Dornschlie\u00dfe poliert mit Logo-Gravur<br \/>\n<strong>Publikumspreis:<\/strong> \u20ac 549,-<\/p>\n<p><a href=\"https:\/\/manufaktuhr.info\/wp-content\/uploads\/2014\/04\/7000332.jpg\"><img loading=\"lazy\" decoding=\"async\" data-attachment-id=\"1376\" data-permalink=\"https:\/\/manufaktuhr.info\/?attachment_id=1376\" data-orig-file=\"https:\/\/manufaktuhr.info\/wp-content\/uploads\/2014\/04\/7000332.jpg\" data-orig-size=\"880,1500\" data-comments-opened=\"1\" data-image-meta=\"{&quot;aperture&quot;:&quot;0&quot;,&quot;credit&quot;:&quot;&quot;,&quot;camera&quot;:&quot;&quot;,&quot;caption&quot;:&quot;&quot;,&quot;created_timestamp&quot;:&quot;0&quot;,&quot;copyright&quot;:&quot;&quot;,&quot;focal_length&quot;:&quot;0&quot;,&quot;iso&quot;:&quot;0&quot;,&quot;shutter_speed&quot;:&quot;0&quot;,&quot;title&quot;:&quot;&quot;}\" data-image-title=\"7000332\" data-image-description=\"\" data-image-caption=\"\" data-medium-file=\"https:\/\/manufaktuhr.info\/wp-content\/uploads\/2014\/04\/7000332-176x300.jpg\" data-large-file=\"https:\/\/manufaktuhr.info\/wp-content\/uploads\/2014\/04\/7000332-600x1024.jpg\" class=\"aligncenter size-large wp-image-1376\" title=\"7000332\" src=\"https:\/\/manufaktuhr.info\/wp-content\/uploads\/2014\/04\/7000332-600x1024.jpg\" alt=\"\" width=\"600\" height=\"1024\" srcset=\"https:\/\/manufaktuhr.info\/wp-content\/uploads\/2014\/04\/7000332-600x1024.jpg 600w, https:\/\/manufaktuhr.info\/wp-content\/uploads\/2014\/04\/7000332-176x300.jpg 176w, https:\/\/manufaktuhr.info\/wp-content\/uploads\/2014\/04\/7000332.jpg 880w\" sizes=\"auto, (max-width: 709px) 85vw, (max-width: 909px) 67vw, (max-width: 984px) 61vw, (max-width: 1362px) 45vw, 600px\" \/><\/a><\/p>\n<p>&nbsp;<\/p>\n<p>&nbsp;<\/p>\n<p><strong>Polarisierend quadratisch<\/strong>.<\/p>\n<p>Die FESTA Automatik \u201eQuadra\u201c, polarisiert mit auff\u00e4lligem quadratischem Geh\u00e4use. Die Gr\u00f6\u00dfe ist so gew\u00e4hlt, dass Damen und Herren gleicherma\u00dfen Freude an diesem polarisierenden Uhrmodell haben werden. Die in drei Zifferblatt- und zwei Kalbsleder\/Edelstahlband Varianten erh\u00e4ltliche Uhr, kommt zu Publikumspreisen von \u20ac 449,- bis \u20ac 499,- in den Handel.<\/p>\n<p><a href=\"https:\/\/manufaktuhr.info\/wp-content\/uploads\/2014\/04\/7000320.jpg\"><img loading=\"lazy\" decoding=\"async\" data-attachment-id=\"1371\" data-permalink=\"https:\/\/manufaktuhr.info\/?attachment_id=1371\" data-orig-file=\"https:\/\/manufaktuhr.info\/wp-content\/uploads\/2014\/04\/7000320.jpg\" data-orig-size=\"880,1500\" data-comments-opened=\"1\" data-image-meta=\"{&quot;aperture&quot;:&quot;0&quot;,&quot;credit&quot;:&quot;&quot;,&quot;camera&quot;:&quot;&quot;,&quot;caption&quot;:&quot;&quot;,&quot;created_timestamp&quot;:&quot;0&quot;,&quot;copyright&quot;:&quot;&quot;,&quot;focal_length&quot;:&quot;0&quot;,&quot;iso&quot;:&quot;0&quot;,&quot;shutter_speed&quot;:&quot;0&quot;,&quot;title&quot;:&quot;&quot;}\" data-image-title=\"7000320\" data-image-description=\"\" data-image-caption=\"\" data-medium-file=\"https:\/\/manufaktuhr.info\/wp-content\/uploads\/2014\/04\/7000320-176x300.jpg\" data-large-file=\"https:\/\/manufaktuhr.info\/wp-content\/uploads\/2014\/04\/7000320-600x1024.jpg\" class=\"aligncenter size-large wp-image-1371\" title=\"7000320\" src=\"https:\/\/manufaktuhr.info\/wp-content\/uploads\/2014\/04\/7000320-600x1024.jpg\" alt=\"\" width=\"600\" height=\"1024\" srcset=\"https:\/\/manufaktuhr.info\/wp-content\/uploads\/2014\/04\/7000320-600x1024.jpg 600w, https:\/\/manufaktuhr.info\/wp-content\/uploads\/2014\/04\/7000320-176x300.jpg 176w, https:\/\/manufaktuhr.info\/wp-content\/uploads\/2014\/04\/7000320.jpg 880w\" sizes=\"auto, (max-width: 709px) 85vw, (max-width: 909px) 67vw, (max-width: 984px) 61vw, (max-width: 1362px) 45vw, 600px\" \/><\/a><\/p>\n<p><strong>FESTA QUADRA Automatik mit Lederarmband<\/strong><\/p>\n<p><strong>Uhrwerk:<\/strong> DP 9015, Automatik, \u00d8 26 mm, 3,9 mm H\u00f6he, 24 Steine, 42 Stunden Gangreserve, Genfer Streifenschliff, Rotor mit Sonnenschliff<br \/>\n<strong>Geh\u00e4use:<\/strong> Edelstahl poliert, \u00d8 33,8 x 33,8 mm Wasserdicht: 5 bar<br \/>\n<strong>Glasboden:<\/strong> 4-fach verschraubt<br \/>\n<strong>Glas:<\/strong> Saphirglas<br \/>\n<strong>Krone:<\/strong> poliert, mit Gravur: Dugena-Dreieck<br \/>\n<strong>Zifferblatt:<\/strong> feinmatt, wei\u00df oder schwarz<br \/>\n<strong>Ziffern\/Indizes\/Logo:<\/strong> silbern oder ros\u00e9golden PVD, erhaben<br \/>\n<strong>Zeiger:<\/strong> silbern oder ros\u00e9golden PVD, poliert, skelettiert<br \/>\n<strong>Band:<\/strong> Leder schwarz oder braun mit Krokopr\u00e4gung<br \/>\n<strong>Schlie\u00dfe:<\/strong> Dornschlie\u00dfe poliert mit Logo-Gravur<br \/>\n<strong>Publikumspreis:<\/strong> \u20ac 449,-<\/p>\n<p><a href=\"https:\/\/manufaktuhr.info\/wp-content\/uploads\/2014\/04\/7000321.jpg\"><img loading=\"lazy\" decoding=\"async\" data-attachment-id=\"1372\" data-permalink=\"https:\/\/manufaktuhr.info\/?attachment_id=1372\" data-orig-file=\"https:\/\/manufaktuhr.info\/wp-content\/uploads\/2014\/04\/7000321.jpg\" data-orig-size=\"880,1500\" data-comments-opened=\"1\" data-image-meta=\"{&quot;aperture&quot;:&quot;0&quot;,&quot;credit&quot;:&quot;&quot;,&quot;camera&quot;:&quot;&quot;,&quot;caption&quot;:&quot;&quot;,&quot;created_timestamp&quot;:&quot;0&quot;,&quot;copyright&quot;:&quot;&quot;,&quot;focal_length&quot;:&quot;0&quot;,&quot;iso&quot;:&quot;0&quot;,&quot;shutter_speed&quot;:&quot;0&quot;,&quot;title&quot;:&quot;&quot;}\" data-image-title=\"7000321\" data-image-description=\"\" data-image-caption=\"\" data-medium-file=\"https:\/\/manufaktuhr.info\/wp-content\/uploads\/2014\/04\/7000321-176x300.jpg\" data-large-file=\"https:\/\/manufaktuhr.info\/wp-content\/uploads\/2014\/04\/7000321-600x1024.jpg\" class=\"aligncenter size-large wp-image-1372\" title=\"7000321\" src=\"https:\/\/manufaktuhr.info\/wp-content\/uploads\/2014\/04\/7000321-600x1024.jpg\" alt=\"\" width=\"600\" height=\"1024\" srcset=\"https:\/\/manufaktuhr.info\/wp-content\/uploads\/2014\/04\/7000321-600x1024.jpg 600w, https:\/\/manufaktuhr.info\/wp-content\/uploads\/2014\/04\/7000321-176x300.jpg 176w, https:\/\/manufaktuhr.info\/wp-content\/uploads\/2014\/04\/7000321.jpg 880w\" sizes=\"auto, (max-width: 709px) 85vw, (max-width: 909px) 67vw, (max-width: 984px) 61vw, (max-width: 1362px) 45vw, 600px\" \/><\/a><a href=\"https:\/\/manufaktuhr.info\/wp-content\/uploads\/2014\/04\/7000322.jpg\"><img loading=\"lazy\" decoding=\"async\" data-attachment-id=\"1373\" data-permalink=\"https:\/\/manufaktuhr.info\/?attachment_id=1373\" data-orig-file=\"https:\/\/manufaktuhr.info\/wp-content\/uploads\/2014\/04\/7000322.jpg\" data-orig-size=\"880,1500\" data-comments-opened=\"1\" data-image-meta=\"{&quot;aperture&quot;:&quot;0&quot;,&quot;credit&quot;:&quot;&quot;,&quot;camera&quot;:&quot;&quot;,&quot;caption&quot;:&quot;&quot;,&quot;created_timestamp&quot;:&quot;0&quot;,&quot;copyright&quot;:&quot;&quot;,&quot;focal_length&quot;:&quot;0&quot;,&quot;iso&quot;:&quot;0&quot;,&quot;shutter_speed&quot;:&quot;0&quot;,&quot;title&quot;:&quot;&quot;}\" data-image-title=\"7000322\" data-image-description=\"\" data-image-caption=\"\" data-medium-file=\"https:\/\/manufaktuhr.info\/wp-content\/uploads\/2014\/04\/7000322-176x300.jpg\" data-large-file=\"https:\/\/manufaktuhr.info\/wp-content\/uploads\/2014\/04\/7000322-600x1024.jpg\" class=\"aligncenter size-large wp-image-1373\" title=\"7000322\" src=\"https:\/\/manufaktuhr.info\/wp-content\/uploads\/2014\/04\/7000322-600x1024.jpg\" alt=\"\" width=\"600\" height=\"1024\" srcset=\"https:\/\/manufaktuhr.info\/wp-content\/uploads\/2014\/04\/7000322-600x1024.jpg 600w, https:\/\/manufaktuhr.info\/wp-content\/uploads\/2014\/04\/7000322-176x300.jpg 176w, https:\/\/manufaktuhr.info\/wp-content\/uploads\/2014\/04\/7000322.jpg 880w\" sizes=\"auto, (max-width: 709px) 85vw, (max-width: 909px) 67vw, (max-width: 984px) 61vw, (max-width: 1362px) 45vw, 600px\" \/><\/a><\/p>\n<p>&nbsp;<\/p>\n<p>&nbsp;<\/p>\n<p><a href=\"https:\/\/manufaktuhr.info\/wp-content\/uploads\/2014\/04\/7090320.jpg\"><img loading=\"lazy\" decoding=\"async\" data-attachment-id=\"1381\" data-permalink=\"https:\/\/manufaktuhr.info\/?attachment_id=1381\" data-orig-file=\"https:\/\/manufaktuhr.info\/wp-content\/uploads\/2014\/04\/7090320.jpg\" data-orig-size=\"880,1500\" data-comments-opened=\"1\" data-image-meta=\"{&quot;aperture&quot;:&quot;0&quot;,&quot;credit&quot;:&quot;&quot;,&quot;camera&quot;:&quot;&quot;,&quot;caption&quot;:&quot;&quot;,&quot;created_timestamp&quot;:&quot;0&quot;,&quot;copyright&quot;:&quot;&quot;,&quot;focal_length&quot;:&quot;0&quot;,&quot;iso&quot;:&quot;0&quot;,&quot;shutter_speed&quot;:&quot;0&quot;,&quot;title&quot;:&quot;&quot;}\" data-image-title=\"7090320\" data-image-description=\"\" data-image-caption=\"\" data-medium-file=\"https:\/\/manufaktuhr.info\/wp-content\/uploads\/2014\/04\/7090320-176x300.jpg\" data-large-file=\"https:\/\/manufaktuhr.info\/wp-content\/uploads\/2014\/04\/7090320-600x1024.jpg\" class=\"aligncenter size-large wp-image-1381\" title=\"7090320\" src=\"https:\/\/manufaktuhr.info\/wp-content\/uploads\/2014\/04\/7090320-600x1024.jpg\" alt=\"\" width=\"600\" height=\"1024\" srcset=\"https:\/\/manufaktuhr.info\/wp-content\/uploads\/2014\/04\/7090320-600x1024.jpg 600w, https:\/\/manufaktuhr.info\/wp-content\/uploads\/2014\/04\/7090320-176x300.jpg 176w, https:\/\/manufaktuhr.info\/wp-content\/uploads\/2014\/04\/7090320.jpg 880w\" sizes=\"auto, (max-width: 709px) 85vw, (max-width: 909px) 67vw, (max-width: 984px) 61vw, (max-width: 1362px) 45vw, 600px\" \/><\/a><\/p>\n<p><strong>FESTA QUADRA Automatik mit Edelstahlarmband<\/strong><\/p>\n<p><strong>Uhrwerk:<\/strong> DP 9015, Automatik, \u00d8 26 mm, 3,9 mm H\u00f6he, 24 Steine, 42 Stunden Gangreserve, Genfer Streifenschliff, Rotor mit Sonnenschliff<br \/>\n<strong>Geh\u00e4use:<\/strong> Edelstahl poliert, \u00d8 33,8 x 33,8 mm Wasserdicht: 5 bar<br \/>\n<strong>Glasboden:<\/strong> 4-fach verschraubt<br \/>\n<strong>Glas:<\/strong> Saphirglas<br \/>\n<strong>Krone:<\/strong> poliert, mit Gravur: Dugena-Dreieck<br \/>\n<strong>Zifferblatt:<\/strong> feinmatt, wei\u00df oder schwarz<br \/>\n<strong>Ziffern\/Indizes\/Logo:<\/strong> silbern oder ros\u00e9golden PVD, erhaben<br \/>\n<strong>Zeiger:<\/strong> silbern oder ros\u00e9golden PVD, poliert, skelettiert<br \/>\n<strong>Band:<\/strong> Edelstahl massiv oder Edelstahl massiv, bicolor PVD<br \/>\n<strong>Schlie\u00dfe:<\/strong> Doppelfalt-Dr\u00fcckerschlie\u00dfe<br \/>\n<strong>Publikumspreis:<\/strong> \u20ac 499,-<\/p>\n<p><a href=\"https:\/\/manufaktuhr.info\/wp-content\/uploads\/2014\/04\/7090321.jpg\"><img loading=\"lazy\" decoding=\"async\" data-attachment-id=\"1382\" data-permalink=\"https:\/\/manufaktuhr.info\/?attachment_id=1382\" data-orig-file=\"https:\/\/manufaktuhr.info\/wp-content\/uploads\/2014\/04\/7090321.jpg\" data-orig-size=\"880,1500\" data-comments-opened=\"1\" data-image-meta=\"{&quot;aperture&quot;:&quot;0&quot;,&quot;credit&quot;:&quot;&quot;,&quot;camera&quot;:&quot;&quot;,&quot;caption&quot;:&quot;&quot;,&quot;created_timestamp&quot;:&quot;0&quot;,&quot;copyright&quot;:&quot;&quot;,&quot;focal_length&quot;:&quot;0&quot;,&quot;iso&quot;:&quot;0&quot;,&quot;shutter_speed&quot;:&quot;0&quot;,&quot;title&quot;:&quot;&quot;}\" data-image-title=\"7090321\" data-image-description=\"\" data-image-caption=\"\" data-medium-file=\"https:\/\/manufaktuhr.info\/wp-content\/uploads\/2014\/04\/7090321-176x300.jpg\" data-large-file=\"https:\/\/manufaktuhr.info\/wp-content\/uploads\/2014\/04\/7090321-600x1024.jpg\" class=\"aligncenter size-large wp-image-1382\" title=\"7090321\" src=\"https:\/\/manufaktuhr.info\/wp-content\/uploads\/2014\/04\/7090321-600x1024.jpg\" alt=\"\" width=\"600\" height=\"1024\" srcset=\"https:\/\/manufaktuhr.info\/wp-content\/uploads\/2014\/04\/7090321-600x1024.jpg 600w, https:\/\/manufaktuhr.info\/wp-content\/uploads\/2014\/04\/7090321-176x300.jpg 176w, https:\/\/manufaktuhr.info\/wp-content\/uploads\/2014\/04\/7090321.jpg 880w\" sizes=\"auto, (max-width: 709px) 85vw, (max-width: 909px) 67vw, (max-width: 984px) 61vw, (max-width: 1362px) 45vw, 600px\" \/><\/a><a href=\"https:\/\/manufaktuhr.info\/wp-content\/uploads\/2014\/04\/7090322.jpg\"><img loading=\"lazy\" decoding=\"async\" data-attachment-id=\"1383\" data-permalink=\"https:\/\/manufaktuhr.info\/?attachment_id=1383\" data-orig-file=\"https:\/\/manufaktuhr.info\/wp-content\/uploads\/2014\/04\/7090322.jpg\" data-orig-size=\"880,1500\" data-comments-opened=\"1\" data-image-meta=\"{&quot;aperture&quot;:&quot;0&quot;,&quot;credit&quot;:&quot;&quot;,&quot;camera&quot;:&quot;&quot;,&quot;caption&quot;:&quot;&quot;,&quot;created_timestamp&quot;:&quot;0&quot;,&quot;copyright&quot;:&quot;&quot;,&quot;focal_length&quot;:&quot;0&quot;,&quot;iso&quot;:&quot;0&quot;,&quot;shutter_speed&quot;:&quot;0&quot;,&quot;title&quot;:&quot;&quot;}\" data-image-title=\"7090322\" data-image-description=\"\" data-image-caption=\"\" data-medium-file=\"https:\/\/manufaktuhr.info\/wp-content\/uploads\/2014\/04\/7090322-176x300.jpg\" data-large-file=\"https:\/\/manufaktuhr.info\/wp-content\/uploads\/2014\/04\/7090322-600x1024.jpg\" class=\"aligncenter size-large wp-image-1383\" title=\"7090322\" src=\"https:\/\/manufaktuhr.info\/wp-content\/uploads\/2014\/04\/7090322-600x1024.jpg\" alt=\"\" width=\"600\" height=\"1024\" srcset=\"https:\/\/manufaktuhr.info\/wp-content\/uploads\/2014\/04\/7090322-600x1024.jpg 600w, https:\/\/manufaktuhr.info\/wp-content\/uploads\/2014\/04\/7090322-176x300.jpg 176w, https:\/\/manufaktuhr.info\/wp-content\/uploads\/2014\/04\/7090322.jpg 880w\" sizes=\"auto, (max-width: 709px) 85vw, (max-width: 909px) 67vw, (max-width: 984px) 61vw, (max-width: 1362px) 45vw, 600px\" \/><\/a><\/p>\n<p>&nbsp;<\/p>\n<p><strong>Festa Design mit r\u00f6mischen Ziffernbl\u00e4ttern<\/strong><\/p>\n<p>Die bereits bekannte FESTA Automatik im runden Geh\u00e4use, erh\u00e4lt eine Schwester f\u00fcr die Anh\u00e4nger von eleganten r\u00f6mischen Zifferbl\u00e4ttern. Ihr Name: FESTA Automatik \u201eRoma\u201c. Wie gewohnt erh\u00e4ltlich mit Kalbslederband in Krokopr\u00e4gung und Edelstahl-Backsteinband mit Doppelfalt- Dr\u00fcckerschlie\u00dfe, Die Publikumspreise, wie bisher bekannt, von \u20ac 389,- bis \u20ac 449,-.<\/p>\n<p><a href=\"https:\/\/manufaktuhr.info\/wp-content\/uploads\/2014\/04\/7000194.jpg\"><img loading=\"lazy\" decoding=\"async\" data-attachment-id=\"1365\" data-permalink=\"https:\/\/manufaktuhr.info\/?attachment_id=1365\" data-orig-file=\"https:\/\/manufaktuhr.info\/wp-content\/uploads\/2014\/04\/7000194.jpg\" data-orig-size=\"880,1500\" data-comments-opened=\"1\" data-image-meta=\"{&quot;aperture&quot;:&quot;0&quot;,&quot;credit&quot;:&quot;&quot;,&quot;camera&quot;:&quot;&quot;,&quot;caption&quot;:&quot;&quot;,&quot;created_timestamp&quot;:&quot;0&quot;,&quot;copyright&quot;:&quot;&quot;,&quot;focal_length&quot;:&quot;0&quot;,&quot;iso&quot;:&quot;0&quot;,&quot;shutter_speed&quot;:&quot;0&quot;,&quot;title&quot;:&quot;&quot;}\" data-image-title=\"7000194\" data-image-description=\"\" data-image-caption=\"\" data-medium-file=\"https:\/\/manufaktuhr.info\/wp-content\/uploads\/2014\/04\/7000194-176x300.jpg\" data-large-file=\"https:\/\/manufaktuhr.info\/wp-content\/uploads\/2014\/04\/7000194-600x1024.jpg\" class=\"aligncenter size-large wp-image-1365\" title=\"7000194\" src=\"https:\/\/manufaktuhr.info\/wp-content\/uploads\/2014\/04\/7000194-600x1024.jpg\" alt=\"\" width=\"600\" height=\"1024\" srcset=\"https:\/\/manufaktuhr.info\/wp-content\/uploads\/2014\/04\/7000194-600x1024.jpg 600w, https:\/\/manufaktuhr.info\/wp-content\/uploads\/2014\/04\/7000194-176x300.jpg 176w, https:\/\/manufaktuhr.info\/wp-content\/uploads\/2014\/04\/7000194.jpg 880w\" sizes=\"auto, (max-width: 709px) 85vw, (max-width: 909px) 67vw, (max-width: 984px) 61vw, (max-width: 1362px) 45vw, 600px\" \/><\/a><strong>FESTA ROMA Automatik mit Lederarmband<\/strong><\/p>\n<p><strong>Uhrwerk:<\/strong> DP 9015, Automatik, \u00d8 26 mm, 3,9 mm H\u00f6he, 24 Steine, 42 Stunden Gangreserve, Genfer Streifenschliff, Rotor mit Sonnenschliff<br \/>\n<strong>Geh\u00e4use:<\/strong> Edelstahl poliert, \u00d8 38,5 mm<br \/>\n<strong>Wasserdicht:<\/strong> 5 bar<br \/>\n<strong>Glasboden:<\/strong> zentral verschraubt<br \/>\n<strong>Glas:<\/strong> Saphirglas, beidseitig bombiert<br \/>\n<strong>Krone:<\/strong> poliert, mit Gravur: Dugena-Dreieck<br \/>\n<strong>Zifferblatt:<\/strong> feinmatt, silbern<br \/>\n<strong>Ziffern\/Indizes\/Logo:<\/strong> silbern oder ros\u00e9golden PVD, erhaben<br \/>\n<strong>Zeiger:<\/strong> silbern, poliert, oder ros\u00e9golden PVD mit Leuchtmasse ausgelegt<br \/>\n<strong>Band:<\/strong> Leder schwarz oder braun mit Krokopr\u00e4gung<br \/>\n<strong>Schlie\u00dfe:<\/strong> Dornschlie\u00dfe poliert mit Logo-Gravur<br \/>\n<strong>Publikumspreis:<\/strong> \u20ac 389,-<\/p>\n<p><a href=\"https:\/\/manufaktuhr.info\/wp-content\/uploads\/2014\/04\/7000195.jpg\"><img loading=\"lazy\" decoding=\"async\" data-attachment-id=\"1366\" data-permalink=\"https:\/\/manufaktuhr.info\/?attachment_id=1366\" data-orig-file=\"https:\/\/manufaktuhr.info\/wp-content\/uploads\/2014\/04\/7000195.jpg\" data-orig-size=\"880,1500\" data-comments-opened=\"1\" data-image-meta=\"{&quot;aperture&quot;:&quot;0&quot;,&quot;credit&quot;:&quot;&quot;,&quot;camera&quot;:&quot;&quot;,&quot;caption&quot;:&quot;&quot;,&quot;created_timestamp&quot;:&quot;0&quot;,&quot;copyright&quot;:&quot;&quot;,&quot;focal_length&quot;:&quot;0&quot;,&quot;iso&quot;:&quot;0&quot;,&quot;shutter_speed&quot;:&quot;0&quot;,&quot;title&quot;:&quot;&quot;}\" data-image-title=\"7000195\" data-image-description=\"\" data-image-caption=\"\" data-medium-file=\"https:\/\/manufaktuhr.info\/wp-content\/uploads\/2014\/04\/7000195-176x300.jpg\" data-large-file=\"https:\/\/manufaktuhr.info\/wp-content\/uploads\/2014\/04\/7000195-600x1024.jpg\" class=\"aligncenter size-large wp-image-1366\" title=\"7000195\" src=\"https:\/\/manufaktuhr.info\/wp-content\/uploads\/2014\/04\/7000195-600x1024.jpg\" alt=\"\" width=\"600\" height=\"1024\" srcset=\"https:\/\/manufaktuhr.info\/wp-content\/uploads\/2014\/04\/7000195-600x1024.jpg 600w, https:\/\/manufaktuhr.info\/wp-content\/uploads\/2014\/04\/7000195-176x300.jpg 176w, https:\/\/manufaktuhr.info\/wp-content\/uploads\/2014\/04\/7000195.jpg 880w\" sizes=\"auto, (max-width: 709px) 85vw, (max-width: 909px) 67vw, (max-width: 984px) 61vw, (max-width: 1362px) 45vw, 600px\" \/><\/a><\/p>\n<p><a href=\"https:\/\/manufaktuhr.info\/wp-content\/uploads\/2014\/04\/7000196.jpg\"><img loading=\"lazy\" decoding=\"async\" data-attachment-id=\"1367\" data-permalink=\"https:\/\/manufaktuhr.info\/?attachment_id=1367\" data-orig-file=\"https:\/\/manufaktuhr.info\/wp-content\/uploads\/2014\/04\/7000196.jpg\" data-orig-size=\"880,1500\" data-comments-opened=\"1\" data-image-meta=\"{&quot;aperture&quot;:&quot;0&quot;,&quot;credit&quot;:&quot;&quot;,&quot;camera&quot;:&quot;&quot;,&quot;caption&quot;:&quot;&quot;,&quot;created_timestamp&quot;:&quot;0&quot;,&quot;copyright&quot;:&quot;&quot;,&quot;focal_length&quot;:&quot;0&quot;,&quot;iso&quot;:&quot;0&quot;,&quot;shutter_speed&quot;:&quot;0&quot;,&quot;title&quot;:&quot;&quot;}\" data-image-title=\"7000196\" data-image-description=\"\" data-image-caption=\"\" data-medium-file=\"https:\/\/manufaktuhr.info\/wp-content\/uploads\/2014\/04\/7000196-176x300.jpg\" data-large-file=\"https:\/\/manufaktuhr.info\/wp-content\/uploads\/2014\/04\/7000196-600x1024.jpg\" class=\"aligncenter size-large wp-image-1367\" title=\"7000196\" src=\"https:\/\/manufaktuhr.info\/wp-content\/uploads\/2014\/04\/7000196-600x1024.jpg\" alt=\"\" width=\"600\" height=\"1024\" srcset=\"https:\/\/manufaktuhr.info\/wp-content\/uploads\/2014\/04\/7000196-600x1024.jpg 600w, https:\/\/manufaktuhr.info\/wp-content\/uploads\/2014\/04\/7000196-176x300.jpg 176w, https:\/\/manufaktuhr.info\/wp-content\/uploads\/2014\/04\/7000196.jpg 880w\" sizes=\"auto, (max-width: 709px) 85vw, (max-width: 909px) 67vw, (max-width: 984px) 61vw, (max-width: 1362px) 45vw, 600px\" \/><\/a><\/p>\n<p>&nbsp;<\/p>\n<p><a href=\"https:\/\/manufaktuhr.info\/wp-content\/uploads\/2014\/04\/7090194.jpg\"><img loading=\"lazy\" decoding=\"async\" data-attachment-id=\"1377\" data-permalink=\"https:\/\/manufaktuhr.info\/?attachment_id=1377\" data-orig-file=\"https:\/\/manufaktuhr.info\/wp-content\/uploads\/2014\/04\/7090194.jpg\" data-orig-size=\"880,1500\" data-comments-opened=\"1\" data-image-meta=\"{&quot;aperture&quot;:&quot;0&quot;,&quot;credit&quot;:&quot;&quot;,&quot;camera&quot;:&quot;&quot;,&quot;caption&quot;:&quot;&quot;,&quot;created_timestamp&quot;:&quot;0&quot;,&quot;copyright&quot;:&quot;&quot;,&quot;focal_length&quot;:&quot;0&quot;,&quot;iso&quot;:&quot;0&quot;,&quot;shutter_speed&quot;:&quot;0&quot;,&quot;title&quot;:&quot;&quot;}\" data-image-title=\"7090194\" data-image-description=\"\" data-image-caption=\"\" data-medium-file=\"https:\/\/manufaktuhr.info\/wp-content\/uploads\/2014\/04\/7090194-176x300.jpg\" data-large-file=\"https:\/\/manufaktuhr.info\/wp-content\/uploads\/2014\/04\/7090194-600x1024.jpg\" class=\"aligncenter size-large wp-image-1377\" title=\"7090194\" src=\"https:\/\/manufaktuhr.info\/wp-content\/uploads\/2014\/04\/7090194-600x1024.jpg\" alt=\"\" width=\"600\" height=\"1024\" srcset=\"https:\/\/manufaktuhr.info\/wp-content\/uploads\/2014\/04\/7090194-600x1024.jpg 600w, https:\/\/manufaktuhr.info\/wp-content\/uploads\/2014\/04\/7090194-176x300.jpg 176w, https:\/\/manufaktuhr.info\/wp-content\/uploads\/2014\/04\/7090194.jpg 880w\" sizes=\"auto, (max-width: 709px) 85vw, (max-width: 909px) 67vw, (max-width: 984px) 61vw, (max-width: 1362px) 45vw, 600px\" \/><\/a><\/p>\n<p><strong>FESTA ROMA Automatik mit Edelstahlarmbend<\/strong><\/p>\n<p><strong>Uhrwerk:<\/strong> DP 9015, Automatik, \u00d8 26 mm, 3,9 mm H\u00f6he, 24 Steine, 42 Stunden Gangreserve, Genfer Streifenschliff, Rotor mit Sonnenschliff<br \/>\n<strong>Geh\u00e4use:<\/strong> Edelstahl poliert, \u00d8 38,5 mm<br \/>\n<strong>Wasserdicht:<\/strong> 5 bar<br \/>\n<strong>Glasboden:<\/strong> zentral verschraubt<br \/>\n<strong>Glas:<\/strong> Saphirglas, beidseitig bombiert<br \/>\n<strong>Krone:<\/strong> poliert, mit Gravur: Dugena-Dreieck<br \/>\n<strong>Zifferblatt:<\/strong> feinmatt, silbern<br \/>\n<strong>Ziffern\/Indizes\/Logo:<\/strong> silbern oder ros\u00e9golden PVD, erhaben<br \/>\n<strong>Zeiger:<\/strong> silbern, poliert, oder ros\u00e9golden PVD mit Leuchtmasse ausgelegt<br \/>\n<strong>Band:<\/strong> Edelstahl massiv oder Edelstahl massiv, bicolor PVD<br \/>\n<strong>Schlie\u00dfe:<\/strong> Doppelfalt-Dr\u00fcckerschlie\u00dfe<br \/>\n<strong>Publikumspreis:<\/strong> \u20ac 439,-<\/p>\n<p><a href=\"https:\/\/manufaktuhr.info\/wp-content\/uploads\/2014\/04\/7090195.jpg\"><img loading=\"lazy\" decoding=\"async\" data-attachment-id=\"1378\" data-permalink=\"https:\/\/manufaktuhr.info\/?attachment_id=1378\" data-orig-file=\"https:\/\/manufaktuhr.info\/wp-content\/uploads\/2014\/04\/7090195.jpg\" data-orig-size=\"880,1500\" data-comments-opened=\"1\" data-image-meta=\"{&quot;aperture&quot;:&quot;0&quot;,&quot;credit&quot;:&quot;&quot;,&quot;camera&quot;:&quot;&quot;,&quot;caption&quot;:&quot;&quot;,&quot;created_timestamp&quot;:&quot;0&quot;,&quot;copyright&quot;:&quot;&quot;,&quot;focal_length&quot;:&quot;0&quot;,&quot;iso&quot;:&quot;0&quot;,&quot;shutter_speed&quot;:&quot;0&quot;,&quot;title&quot;:&quot;&quot;}\" data-image-title=\"7090195\" data-image-description=\"\" data-image-caption=\"\" data-medium-file=\"https:\/\/manufaktuhr.info\/wp-content\/uploads\/2014\/04\/7090195-176x300.jpg\" data-large-file=\"https:\/\/manufaktuhr.info\/wp-content\/uploads\/2014\/04\/7090195-600x1024.jpg\" class=\"aligncenter size-large wp-image-1378\" title=\"7090195\" src=\"https:\/\/manufaktuhr.info\/wp-content\/uploads\/2014\/04\/7090195-600x1024.jpg\" alt=\"\" width=\"600\" height=\"1024\" srcset=\"https:\/\/manufaktuhr.info\/wp-content\/uploads\/2014\/04\/7090195-600x1024.jpg 600w, https:\/\/manufaktuhr.info\/wp-content\/uploads\/2014\/04\/7090195-176x300.jpg 176w, https:\/\/manufaktuhr.info\/wp-content\/uploads\/2014\/04\/7090195.jpg 880w\" sizes=\"auto, (max-width: 709px) 85vw, (max-width: 909px) 67vw, (max-width: 984px) 61vw, (max-width: 1362px) 45vw, 600px\" \/><\/a><\/p>\n<p>&nbsp;<\/p>\n<p><a href=\"https:\/\/manufaktuhr.info\/wp-content\/uploads\/2014\/04\/7090196.jpg\"><img loading=\"lazy\" decoding=\"async\" data-attachment-id=\"1379\" data-permalink=\"https:\/\/manufaktuhr.info\/?attachment_id=1379\" data-orig-file=\"https:\/\/manufaktuhr.info\/wp-content\/uploads\/2014\/04\/7090196.jpg\" data-orig-size=\"880,1500\" data-comments-opened=\"1\" data-image-meta=\"{&quot;aperture&quot;:&quot;0&quot;,&quot;credit&quot;:&quot;&quot;,&quot;camera&quot;:&quot;&quot;,&quot;caption&quot;:&quot;&quot;,&quot;created_timestamp&quot;:&quot;0&quot;,&quot;copyright&quot;:&quot;&quot;,&quot;focal_length&quot;:&quot;0&quot;,&quot;iso&quot;:&quot;0&quot;,&quot;shutter_speed&quot;:&quot;0&quot;,&quot;title&quot;:&quot;&quot;}\" data-image-title=\"7090196\" data-image-description=\"\" data-image-caption=\"\" data-medium-file=\"https:\/\/manufaktuhr.info\/wp-content\/uploads\/2014\/04\/7090196-176x300.jpg\" data-large-file=\"https:\/\/manufaktuhr.info\/wp-content\/uploads\/2014\/04\/7090196-600x1024.jpg\" class=\"aligncenter size-large wp-image-1379\" title=\"7090196\" src=\"https:\/\/manufaktuhr.info\/wp-content\/uploads\/2014\/04\/7090196-600x1024.jpg\" alt=\"\" width=\"600\" height=\"1024\" srcset=\"https:\/\/manufaktuhr.info\/wp-content\/uploads\/2014\/04\/7090196-600x1024.jpg 600w, https:\/\/manufaktuhr.info\/wp-content\/uploads\/2014\/04\/7090196-176x300.jpg 176w, https:\/\/manufaktuhr.info\/wp-content\/uploads\/2014\/04\/7090196.jpg 880w\" sizes=\"auto, (max-width: 709px) 85vw, (max-width: 909px) 67vw, (max-width: 984px) 61vw, (max-width: 1362px) 45vw, 600px\" \/><\/a><\/p>\n<p><strong>Bauhaus im Quadrat<\/strong><\/p>\n<p>Aufbauend auf das \u201eQuadra\u201c Geh\u00e4use, wird den Anh\u00e4ngern des s.g. Bauhaus- Design, ein ganz besonderes Uhrenmodell pr\u00e4sentiert: die nur in limitierter Auflage von 100 Stck (fortlaufend individuell nummeriert von 001 bis 100) erh\u00e4ltliche DESSAU Automatik \u201eQuadra\u201c mit glattem Kalbsleder- oder Edelstahl Milanaiseband. Die Publikumspreise lauten \u20ac 449,- bzw. \u20ac 499,-.<\/p>\n<p><a href=\"https:\/\/manufaktuhr.info\/wp-content\/uploads\/2014\/04\/7000323.jpg\"><img loading=\"lazy\" decoding=\"async\" data-attachment-id=\"1374\" data-permalink=\"https:\/\/manufaktuhr.info\/?attachment_id=1374\" data-orig-file=\"https:\/\/manufaktuhr.info\/wp-content\/uploads\/2014\/04\/7000323.jpg\" data-orig-size=\"880,1500\" data-comments-opened=\"1\" data-image-meta=\"{&quot;aperture&quot;:&quot;0&quot;,&quot;credit&quot;:&quot;&quot;,&quot;camera&quot;:&quot;&quot;,&quot;caption&quot;:&quot;&quot;,&quot;created_timestamp&quot;:&quot;0&quot;,&quot;copyright&quot;:&quot;&quot;,&quot;focal_length&quot;:&quot;0&quot;,&quot;iso&quot;:&quot;0&quot;,&quot;shutter_speed&quot;:&quot;0&quot;,&quot;title&quot;:&quot;&quot;}\" data-image-title=\"7000323\" data-image-description=\"\" data-image-caption=\"\" data-medium-file=\"https:\/\/manufaktuhr.info\/wp-content\/uploads\/2014\/04\/7000323-176x300.jpg\" data-large-file=\"https:\/\/manufaktuhr.info\/wp-content\/uploads\/2014\/04\/7000323-600x1024.jpg\" class=\"aligncenter size-large wp-image-1374\" title=\"7000323\" src=\"https:\/\/manufaktuhr.info\/wp-content\/uploads\/2014\/04\/7000323-600x1024.jpg\" alt=\"\" width=\"600\" height=\"1024\" srcset=\"https:\/\/manufaktuhr.info\/wp-content\/uploads\/2014\/04\/7000323-600x1024.jpg 600w, https:\/\/manufaktuhr.info\/wp-content\/uploads\/2014\/04\/7000323-176x300.jpg 176w, https:\/\/manufaktuhr.info\/wp-content\/uploads\/2014\/04\/7000323.jpg 880w\" sizes=\"auto, (max-width: 709px) 85vw, (max-width: 909px) 67vw, (max-width: 984px) 61vw, (max-width: 1362px) 45vw, 600px\" \/><\/a><\/p>\n<p><strong>DESSAU DESSAU Automatik mit Lederarmband<\/strong><\/p>\n<p><strong>Uhrwerk:<\/strong> DP 9015, Automatik, \u00d8 26 mm, 3,9 mm H\u00f6he, 24 Steine, 42 Stunden Gangreserve, Genfer Streifenschliff, Rotor mit Sonnenschliff<br \/>\n<strong>Geh\u00e4use:<\/strong> Edelstahl poliert, \u00d8 33,8 x 33,8 mm Wasserdicht: 5 bar<br \/>\n<strong>Glasboden:<\/strong> 4-fach verschraubt<br \/>\n<strong>Glas:<\/strong> Saphirglas<br \/>\n<strong>Krone:<\/strong> poliert, mit Gravur: Dugena-Dreieck<br \/>\n<strong>Zifferblatt:<\/strong> feinmatt, wei\u00df<br \/>\n<strong>Ziffern\/Indizes\/Logo:<\/strong> schwarz, gedruckt<br \/>\n<strong>Zeiger:<\/strong> anthrazit<br \/>\n<strong>Band:<\/strong> Leder schwarz<br \/>\n<strong>Schlie\u00dfe:<\/strong> Dornschlie\u00dfe poliert mit Logo-Gravur<br \/>\n<strong>Publikumspreis:<\/strong> \u20ac 449,-<\/p>\n<p>&nbsp;<\/p>\n<p><a href=\"https:\/\/manufaktuhr.info\/wp-content\/uploads\/2014\/04\/7090323.jpg\"><img loading=\"lazy\" decoding=\"async\" data-attachment-id=\"1384\" data-permalink=\"https:\/\/manufaktuhr.info\/?attachment_id=1384\" data-orig-file=\"https:\/\/manufaktuhr.info\/wp-content\/uploads\/2014\/04\/7090323.jpg\" data-orig-size=\"880,1500\" data-comments-opened=\"1\" data-image-meta=\"{&quot;aperture&quot;:&quot;0&quot;,&quot;credit&quot;:&quot;&quot;,&quot;camera&quot;:&quot;&quot;,&quot;caption&quot;:&quot;&quot;,&quot;created_timestamp&quot;:&quot;0&quot;,&quot;copyright&quot;:&quot;&quot;,&quot;focal_length&quot;:&quot;0&quot;,&quot;iso&quot;:&quot;0&quot;,&quot;shutter_speed&quot;:&quot;0&quot;,&quot;title&quot;:&quot;&quot;}\" data-image-title=\"7090323\" data-image-description=\"\" data-image-caption=\"\" data-medium-file=\"https:\/\/manufaktuhr.info\/wp-content\/uploads\/2014\/04\/7090323-176x300.jpg\" data-large-file=\"https:\/\/manufaktuhr.info\/wp-content\/uploads\/2014\/04\/7090323-600x1024.jpg\" class=\"aligncenter size-large wp-image-1384\" title=\"7090323\" src=\"https:\/\/manufaktuhr.info\/wp-content\/uploads\/2014\/04\/7090323-600x1024.jpg\" alt=\"\" width=\"600\" height=\"1024\" srcset=\"https:\/\/manufaktuhr.info\/wp-content\/uploads\/2014\/04\/7090323-600x1024.jpg 600w, https:\/\/manufaktuhr.info\/wp-content\/uploads\/2014\/04\/7090323-176x300.jpg 176w, https:\/\/manufaktuhr.info\/wp-content\/uploads\/2014\/04\/7090323.jpg 880w\" sizes=\"auto, (max-width: 709px) 85vw, (max-width: 909px) 67vw, (max-width: 984px) 61vw, (max-width: 1362px) 45vw, 600px\" \/><\/a><strong>DESSAU DESSAU Automatik mit Milanesearmband<\/strong><\/p>\n<p><strong>Uhrwerk:<\/strong> DP 9015, Automatik, \u00d8 26 mm, 3,9 mm H\u00f6he, 24 Steine, 42 Stunden Gangreserve, Genfer Streifenschliff, Rotor mit Sonnenschliff<br \/>\n<strong>Geh\u00e4use:<\/strong> Edelstahl poliert, \u00d8 33,8 x 33,8 mm Wasserdicht: 5 bar<br \/>\n<strong>Glasboden:<\/strong> 4-fach verschraubt<br \/>\n<strong>Glas:<\/strong> Saphirglas<br \/>\n<strong>Krone:<\/strong> poliert, mit Gravur: Dugena-Dreieck<br \/>\n<strong>Zifferblatt:<\/strong> feinmatt, wei\u00df Ziffern\/Indizes\/Logo: schwarz, gedruckt<br \/>\n<strong>Zeiger:<\/strong> anthrazit<br \/>\n<strong>Band:<\/strong> Edelstahl Milanaiseband<br \/>\n<strong>Schlie\u00dfe:<\/strong> Klappschlie\u00dfe<br \/>\n<strong>Publikumspreis:<\/strong> \u20ac 499,-<\/p>\n<p>&nbsp;<\/p>\n<p>Der mit den neuen Modellen weiter begangene Weg von DUGENA Premium, zur schlussendlich ausschlie\u00dflichen Mechanikuhren Marke, vertrieben ausschlie\u00dflich \u00fcber den Uhren Facheinzelhandel, findet seine Abrundung durch die bereits l\u00e4nger erh\u00e4ltlichen Handaufzug Uhrenmodelle EPSILON 1 bis 10 (Publikumspreise von \u20ac 499,- bis \u20ac 695,-).<\/p>\n<p><strong>Die mechanischen Werke<\/strong><\/p>\n<p>Alle Automatik Uhrenmodelle, werden von den hochklassigen Uhrwerken DP 9015 (A1) und DP 9100 (A1) angetrieben. Die in eigener Uhrenwerkstatt vorgenommenen Modifikationen und Umbauten sind als Anfang weiterer Uhrwerkentwicklungen zu verstehen.<\/p>\n<p><strong>Made in Germany<\/strong><\/p>\n<p>Best\u00e4ndig wie die Marke, ist auch die qualitativ hochwertige Verarbeitung aller mechanischer DUGENA Premium Modelle. Und alle tragen mit Recht und Stolz auf ihrem Zifferblatt die Herkunftsbezeichnung \u201eMade in Germany\u201c. Werden doch alle Uhren in eigener Werkstatt in Meisenheim gebaut, reguliert, gepr\u00fcft und versendet. Und bei Bedarf auch repariert.<\/p>\n<p><strong>DUGENA Premium Qualit\u00e4t<\/strong><\/p>\n<p>Stets Edelstahlgeh\u00e4use mit flachen oder doppelt bombiertem Saphirglas, verschraubten Glasb\u00f6den, bis 5 atm wasserdicht. Feinste Kalbslederb\u00e4nder glatt, oder mit feiner Krokopr\u00e4gung und Dornschlie\u00dfe, oder mit dem massiv gearbeitet und verschraubten Backstein-Edelstahlband mit Doppelfalt-Dr\u00fcckerschlie\u00dfe, in polierter\/satinierter Oberfl\u00e4che. Alle DUGENA Premium Mechanik Modelle besitzen eine Herstellergarantie von 3 Jahren.<\/p>\n<p><strong>Tradition seit fast 100 Jahren<\/strong><\/p>\n<p>DUGENA ist eine der bekanntesten Uhrenmarken Deutschlands. Seit ihrer Gr\u00fcndung im Jahr 1917 , bekannt f\u00fcr zuverl\u00e4ssige, im Stil durchgesetzter Mode gestaltete Qualit\u00e4tsuhren \u201eMade in Germany\u201c. Laut der Markt-Media-Studie 2011 des Instituts f\u00fcr Medien- und Konsumentenforschung besitzen derzeit fast vier Millionen Menschen in Deutschland eine DUGENA-Uhr. Damit rangiert DUGENA unter den acht beliebtesten Uhrenmarken in Deutschland. DUGENA Uhren sind ausschlie\u00dflich im einschl\u00e4gigen Uhrenfachhandel, sowie in den Uhrenfachabteilungen der Kaufhausketten Galeria Kaufhof und Karstadt erh\u00e4ltlich.<\/p>\n","protected":false},"excerpt":{"rendered":"<p>Mit der neuen Modellfamilie \u201eKAPPA\u201c, wird das konsequent fortgesetzt, was mit den \u201emechanischen Rarit\u00e4ten\u201c 2010 (damals in limitierter Auflage) begann, der Wandel von DUGENA Premium, zur reinen Mechanik Uhrenmarke. Erdacht, entwickelt und hergestellt, werden die KAPPA Uhrenmodelle, wie alle anderen mechanischen Uhren von DUGENA Premium, in der eigenen Werkst\u00e4tten in Meisenheim, eben echt \u201eMade in &hellip; <a href=\"https:\/\/manufaktuhr.info\/?p=1387\" class=\"more-link\"><span class=\"screen-reader-text\">\u201eNeues und erweitertes Mechanik Uhrensortiment bei DUGENA Premium\u201c <\/span>weiterlesen<\/a><\/p>\n","protected":false},"author":1,"featured_media":0,"comment_status":"open","ping_status":"open","sticky":false,"template":"","format":"standard","meta":{"jetpack_post_was_ever_published":false,"_jetpack_newsletter_access":"","_jetpack_dont_email_post_to_subs":false,"_jetpack_newsletter_tier_id":0,"_jetpack_memberships_contains_paywalled_content":false,"_jetpack_memberships_contains_paid_content":false,"footnotes":"","jetpack_publicize_message":"","jetpack_publicize_feature_enabled":true,"jetpack_social_post_already_shared":false,"jetpack_social_options":{"image_generator_settings":{"template":"highway","default_image_id":0,"font":"","enabled":false},"version":2}},"categories":[6],"tags":[],"class_list":["post-1387","post","type-post","status-publish","format-standard","hentry","category-dugena-premium"],"jetpack_publicize_connections":[],"jetpack_featured_media_url":"","jetpack_shortlink":"https:\/\/wp.me\/p7fs8R-mn","jetpack-related-posts":[],"jetpack_sharing_enabled":true,"_links":{"self":[{"href":"https:\/\/manufaktuhr.info\/index.php?rest_route=\/wp\/v2\/posts\/1387","targetHints":{"allow":["GET"]}}],"collection":[{"href":"https:\/\/manufaktuhr.info\/index.php?rest_route=\/wp\/v2\/posts"}],"about":[{"href":"https:\/\/manufaktuhr.info\/index.php?rest_route=\/wp\/v2\/types\/post"}],"author":[{"embeddable":true,"href":"https:\/\/manufaktuhr.info\/index.php?rest_route=\/wp\/v2\/users\/1"}],"replies":[{"embeddable":true,"href":"https:\/\/manufaktuhr.info\/index.php?rest_route=%2Fwp%2Fv2%2Fcomments&post=1387"}],"version-history":[{"count":11,"href":"https:\/\/manufaktuhr.info\/index.php?rest_route=\/wp\/v2\/posts\/1387\/revisions"}],"predecessor-version":[{"id":1399,"href":"https:\/\/manufaktuhr.info\/index.php?rest_route=\/wp\/v2\/posts\/1387\/revisions\/1399"}],"wp:attachment":[{"href":"https:\/\/manufaktuhr.info\/index.php?rest_route=%2Fwp%2Fv2%2Fmedia&parent=1387"}],"wp:term":[{"taxonomy":"category","embeddable":true,"href":"https:\/\/manufaktuhr.info\/index.php?rest_route=%2Fwp%2Fv2%2Fcategories&post=1387"},{"taxonomy":"post_tag","embeddable":true,"href":"https:\/\/manufaktuhr.info\/index.php?rest_route=%2Fwp%2Fv2%2Ftags&post=1387"}],"curies":[{"name":"wp","href":"https:\/\/api.w.org\/{rel}","templated":true}]}}