{"id":2318,"date":"2015-06-14T21:43:25","date_gmt":"2015-06-14T20:43:25","guid":{"rendered":"http:\/\/manufaktuhr.info\/?p=2318"},"modified":"2015-06-14T21:43:25","modified_gmt":"2015-06-14T20:43:25","slug":"sonderausstellung-im-deutschen-uhrenmuseum-glashuette-glashuette-zur-ddr-zeit-die-uhrenproduktion-zwischen-1951-und-1990","status":"publish","type":"post","link":"https:\/\/manufaktuhr.info\/?p=2318","title":{"rendered":"Sonderausstellung im Deutschen Uhrenmuseum Glash\u00fctte &#8211; Glash\u00fctte zur DDR-Zeit. Die Uhrenproduktion zwischen 1951 und 1990"},"content":{"rendered":"<p><a href=\"https:\/\/manufaktuhr.info\/wp-content\/uploads\/2015\/06\/Key-Visual-Exhibition.jpg\"><img loading=\"lazy\" decoding=\"async\" data-attachment-id=\"2313\" data-permalink=\"https:\/\/manufaktuhr.info\/?attachment_id=2313\" data-orig-file=\"https:\/\/manufaktuhr.info\/wp-content\/uploads\/2015\/06\/Key-Visual-Exhibition.jpg\" data-orig-size=\"2362,2362\" data-comments-opened=\"1\" data-image-meta=\"{&quot;aperture&quot;:&quot;0&quot;,&quot;credit&quot;:&quot;&quot;,&quot;camera&quot;:&quot;&quot;,&quot;caption&quot;:&quot;&quot;,&quot;created_timestamp&quot;:&quot;0&quot;,&quot;copyright&quot;:&quot;&quot;,&quot;focal_length&quot;:&quot;0&quot;,&quot;iso&quot;:&quot;0&quot;,&quot;shutter_speed&quot;:&quot;0&quot;,&quot;title&quot;:&quot;&quot;,&quot;orientation&quot;:&quot;1&quot;}\" data-image-title=\"Key Visual Exhibition\" data-image-description=\"\" data-image-caption=\"\" data-medium-file=\"https:\/\/manufaktuhr.info\/wp-content\/uploads\/2015\/06\/Key-Visual-Exhibition-300x300.jpg\" data-large-file=\"https:\/\/manufaktuhr.info\/wp-content\/uploads\/2015\/06\/Key-Visual-Exhibition-1024x1024.jpg\" class=\"aligncenter size-large wp-image-2313\" src=\"https:\/\/manufaktuhr.info\/wp-content\/uploads\/2015\/06\/Key-Visual-Exhibition-1024x1024.jpg\" alt=\"Key Visual Exhibition\" width=\"640\" height=\"640\" srcset=\"https:\/\/manufaktuhr.info\/wp-content\/uploads\/2015\/06\/Key-Visual-Exhibition-1024x1024.jpg 1024w, https:\/\/manufaktuhr.info\/wp-content\/uploads\/2015\/06\/Key-Visual-Exhibition-150x150.jpg 150w, https:\/\/manufaktuhr.info\/wp-content\/uploads\/2015\/06\/Key-Visual-Exhibition-300x300.jpg 300w\" sizes=\"auto, (max-width: 709px) 85vw, (max-width: 909px) 67vw, (max-width: 984px) 61vw, (max-width: 1362px) 45vw, 600px\" \/><\/a>\u00dcber 120 G\u00e4ste \u2013 unter ihnen zahlreiche Zeitzeugen \u2013 folgten gestern Abend der Einladung der Stiftung \u201cDeutsches Uhrenmuseum Glash\u00fctte \u2013 Nicolas G. Hayek\u201d zur Er\u00f6ffnung der Sonderausstellung \u201eGlash\u00fctte zur DDR-Zeit\u201c.<\/p>\n<figure id=\"attachment_2314\" aria-describedby=\"caption-attachment-2314\" style=\"width: 640px\" class=\"wp-caption aligncenter\"><a href=\"https:\/\/manufaktuhr.info\/wp-content\/uploads\/2015\/06\/Markus-Dressler_Reinhard-Reichel_and-Frank-Kittel-on-the-Balcony-decorated-with-GUB-Logo.jpg\"><img loading=\"lazy\" decoding=\"async\" data-attachment-id=\"2314\" data-permalink=\"https:\/\/manufaktuhr.info\/?attachment_id=2314\" data-orig-file=\"https:\/\/manufaktuhr.info\/wp-content\/uploads\/2015\/06\/Markus-Dressler_Reinhard-Reichel_and-Frank-Kittel-on-the-Balcony-decorated-with-GUB-Logo.jpg\" data-orig-size=\"2361,1724\" data-comments-opened=\"1\" data-image-meta=\"{&quot;aperture&quot;:&quot;4.5&quot;,&quot;credit&quot;:&quot;Holm Helis&quot;,&quot;camera&quot;:&quot;NIKON D4S&quot;,&quot;caption&quot;:&quot;Ausstellung \\&quot; Glashuette zur DDR Zeit \\&quot; im Deutschen Uhrenmuseum Glashuette.\\r\\u00a9 Foto  : Holm Helis\\r110615\\rDresden&quot;,&quot;created_timestamp&quot;:&quot;1434050611&quot;,&quot;copyright&quot;:&quot;Holm Helis\\rNutzung nur  gegen Honorar + 7% Mwst undUrhebernennung. WICHTIG: Jegliche kommerzielle Nutzung ist Honorar- und Mehrw&quot;,&quot;focal_length&quot;:&quot;200&quot;,&quot;iso&quot;:&quot;640&quot;,&quot;shutter_speed&quot;:&quot;0.00125&quot;,&quot;title&quot;:&quot;&quot;,&quot;orientation&quot;:&quot;1&quot;}\" data-image-title=\"Markus Dressler_Reinhard Reichel_and Frank Kittel on the Balcony decorated with GUB Logo\" data-image-description=\"\" data-image-caption=\"&lt;p&gt;Ausstellung &amp;#8220; Glashuette zur DDR Zeit &amp;#8220; im Deutschen Uhrenmuseum Glashuette.&lt;br \/&gt;\n\u00a9 Foto  : Holm Helis&lt;br \/&gt;\n110615&lt;br \/&gt;\nDresden&lt;\/p&gt;\n\" data-medium-file=\"https:\/\/manufaktuhr.info\/wp-content\/uploads\/2015\/06\/Markus-Dressler_Reinhard-Reichel_and-Frank-Kittel-on-the-Balcony-decorated-with-GUB-Logo-300x219.jpg\" data-large-file=\"https:\/\/manufaktuhr.info\/wp-content\/uploads\/2015\/06\/Markus-Dressler_Reinhard-Reichel_and-Frank-Kittel-on-the-Balcony-decorated-with-GUB-Logo-1024x748.jpg\" class=\"size-large wp-image-2314\" src=\"https:\/\/manufaktuhr.info\/wp-content\/uploads\/2015\/06\/Markus-Dressler_Reinhard-Reichel_and-Frank-Kittel-on-the-Balcony-decorated-with-GUB-Logo-1024x748.jpg\" alt=\"Ausstellung &quot; Glashuette zur DDR Zeit &quot; im Deutschen Uhrenmuseum Glashuette. \u00a9 Foto  : Holm Helis 110615 Dresden\" width=\"640\" height=\"468\" srcset=\"https:\/\/manufaktuhr.info\/wp-content\/uploads\/2015\/06\/Markus-Dressler_Reinhard-Reichel_and-Frank-Kittel-on-the-Balcony-decorated-with-GUB-Logo-1024x748.jpg 1024w, https:\/\/manufaktuhr.info\/wp-content\/uploads\/2015\/06\/Markus-Dressler_Reinhard-Reichel_and-Frank-Kittel-on-the-Balcony-decorated-with-GUB-Logo-300x219.jpg 300w\" sizes=\"auto, (max-width: 709px) 85vw, (max-width: 909px) 67vw, (max-width: 984px) 61vw, (max-width: 1362px) 45vw, 600px\" \/><\/a><figcaption id=\"caption-attachment-2314\" class=\"wp-caption-text\">Ausstellung &#8220; Glashuette zur DDR Zeit &#8220; im Deutschen Uhrenmuseum Glashuette.<br \/>\u00a9 Foto : Holm Helis<br \/>110615<br \/>Dresden<\/figcaption><\/figure>\n<p>Markus Dre\u00dfler, B\u00fcrgermeister der Stadt Glash\u00fctte, und Frank Kittel, Gesch\u00e4ftsf\u00fchrer von Glash\u00fctte Original, begr\u00fc\u00dften alle Anwesenden herzlich mit einer kurzen Ansprache. Danach lud Reinhard Reichel, Direktor des Deutschen Uhrenmuseums Glash\u00fctte, die G\u00e4ste dazu ein, die liebevoll und fachkundig konzipierte Ausstellung zu erkunden.<\/p>\n<p><a href=\"https:\/\/manufaktuhr.info\/wp-content\/uploads\/2015\/06\/Guests-at-the-exhibition-3.jpg\"><img loading=\"lazy\" decoding=\"async\" data-attachment-id=\"2310\" data-permalink=\"https:\/\/manufaktuhr.info\/?attachment_id=2310\" data-orig-file=\"https:\/\/manufaktuhr.info\/wp-content\/uploads\/2015\/06\/Guests-at-the-exhibition-3.jpg\" data-orig-size=\"2361,1434\" data-comments-opened=\"1\" data-image-meta=\"{&quot;aperture&quot;:&quot;5.6&quot;,&quot;credit&quot;:&quot;&quot;,&quot;camera&quot;:&quot;NIKON D4S&quot;,&quot;caption&quot;:&quot;&quot;,&quot;created_timestamp&quot;:&quot;1434051540&quot;,&quot;copyright&quot;:&quot;&quot;,&quot;focal_length&quot;:&quot;28&quot;,&quot;iso&quot;:&quot;1250&quot;,&quot;shutter_speed&quot;:&quot;0.016666666666667&quot;,&quot;title&quot;:&quot;&quot;,&quot;orientation&quot;:&quot;1&quot;}\" data-image-title=\"Guests at the exhibition (3)\" data-image-description=\"\" data-image-caption=\"\" data-medium-file=\"https:\/\/manufaktuhr.info\/wp-content\/uploads\/2015\/06\/Guests-at-the-exhibition-3-300x182.jpg\" data-large-file=\"https:\/\/manufaktuhr.info\/wp-content\/uploads\/2015\/06\/Guests-at-the-exhibition-3-1024x622.jpg\" class=\"aligncenter size-large wp-image-2310\" src=\"https:\/\/manufaktuhr.info\/wp-content\/uploads\/2015\/06\/Guests-at-the-exhibition-3-1024x622.jpg\" alt=\"Guests at the exhibition (3)\" width=\"640\" height=\"389\" srcset=\"https:\/\/manufaktuhr.info\/wp-content\/uploads\/2015\/06\/Guests-at-the-exhibition-3-1024x622.jpg 1024w, https:\/\/manufaktuhr.info\/wp-content\/uploads\/2015\/06\/Guests-at-the-exhibition-3-300x182.jpg 300w\" sizes=\"auto, (max-width: 709px) 85vw, (max-width: 909px) 67vw, (max-width: 984px) 61vw, (max-width: 1362px) 45vw, 600px\" \/><\/a>Mit dieser Sonderausstellung w\u00fcrdigt das Deutsche Uhrenmuseum Glash\u00fctte 25 Jahre nach der Wiedervereinigung die Leistungen der damaligen Glash\u00fctter Konstrukteure, Uhrmacher, Werkzeugmacher und Feinmechaniker. Diesen Personen ist es gelungen, trotz der oftmals schwierigen Umst\u00e4nde jener Zeit, die Tradition der Uhrmacherei w\u00e4hrend der DDR-Zeit zu erhalten.<\/p>\n<figure id=\"attachment_2311\" aria-describedby=\"caption-attachment-2311\" style=\"width: 640px\" class=\"wp-caption aligncenter\"><a href=\"https:\/\/manufaktuhr.info\/wp-content\/uploads\/2015\/06\/Guests-at-the-exhibition-4.jpg\"><img loading=\"lazy\" decoding=\"async\" data-attachment-id=\"2311\" data-permalink=\"https:\/\/manufaktuhr.info\/?attachment_id=2311\" data-orig-file=\"https:\/\/manufaktuhr.info\/wp-content\/uploads\/2015\/06\/Guests-at-the-exhibition-4.jpg\" data-orig-size=\"2361,1709\" data-comments-opened=\"1\" data-image-meta=\"{&quot;aperture&quot;:&quot;5.6&quot;,&quot;credit&quot;:&quot;Holm Helis&quot;,&quot;camera&quot;:&quot;NIKON D4S&quot;,&quot;caption&quot;:&quot;Ausstellung \\&quot; Glashuette zur DDR Zeit \\&quot; im Deutschen Uhrenmuseum Glashuette.\\r\\u00a9 Foto  : Holm Helis\\r110615\\rDresden&quot;,&quot;created_timestamp&quot;:&quot;1434052681&quot;,&quot;copyright&quot;:&quot;Holm Helis\\rNutzung nur  gegen Honorar + 7% Mwst undUrhebernennung. WICHTIG: Jegliche kommerzielle Nutzung ist Honorar- und Mehrw&quot;,&quot;focal_length&quot;:&quot;70&quot;,&quot;iso&quot;:&quot;1600&quot;,&quot;shutter_speed&quot;:&quot;0.0125&quot;,&quot;title&quot;:&quot;&quot;,&quot;orientation&quot;:&quot;1&quot;}\" data-image-title=\"Guests at the exhibition (4)\" data-image-description=\"\" data-image-caption=\"&lt;p&gt;Ausstellung &amp;#8220; Glashuette zur DDR Zeit &amp;#8220; im Deutschen Uhrenmuseum Glashuette.&lt;br \/&gt;\n\u00a9 Foto  : Holm Helis&lt;br \/&gt;\n110615&lt;br \/&gt;\nDresden&lt;\/p&gt;\n\" data-medium-file=\"https:\/\/manufaktuhr.info\/wp-content\/uploads\/2015\/06\/Guests-at-the-exhibition-4-300x217.jpg\" data-large-file=\"https:\/\/manufaktuhr.info\/wp-content\/uploads\/2015\/06\/Guests-at-the-exhibition-4-1024x741.jpg\" class=\"size-large wp-image-2311\" src=\"https:\/\/manufaktuhr.info\/wp-content\/uploads\/2015\/06\/Guests-at-the-exhibition-4-1024x741.jpg\" alt=\"Ausstellung &quot; Glashuette zur DDR Zeit &quot; im Deutschen Uhrenmuseum Glashuette. \u00a9 Foto  : Holm Helis 110615 Dresden\" width=\"640\" height=\"463\" srcset=\"https:\/\/manufaktuhr.info\/wp-content\/uploads\/2015\/06\/Guests-at-the-exhibition-4-1024x741.jpg 1024w, https:\/\/manufaktuhr.info\/wp-content\/uploads\/2015\/06\/Guests-at-the-exhibition-4-300x217.jpg 300w\" sizes=\"auto, (max-width: 709px) 85vw, (max-width: 909px) 67vw, (max-width: 984px) 61vw, (max-width: 1362px) 45vw, 600px\" \/><\/a><figcaption id=\"caption-attachment-2311\" class=\"wp-caption-text\">Ausstellung &#8220; Glashuette zur DDR Zeit &#8220; im Deutschen Uhrenmuseum Glashuette.<br \/>\u00a9 Foto : Holm Helis<br \/>110615<br \/>Dresden<\/figcaption><\/figure>\n<p>Mit der Gr\u00fcndung des Volkseigenen Betriebs Glash\u00fctter Uhrenbetriebe, kurz VEB GUB, begann am 1. Juli 1951 ein neuer Abschnitt in der Geschichte der Glash\u00fctter Uhrenindustrie. Der Betrieb fertigte zahlreiche Produkte an, die in Alltag und Wissenschaft Verwendung fanden. Die Sonderausstellung zeigt, wie vielf\u00e4ltig die Produktpalette war: Armbanduhren, Marine-Chronometer, Sondermaschinen, Wand- und Schaltuhren.<\/p>\n<figure id=\"attachment_2308\" aria-describedby=\"caption-attachment-2308\" style=\"width: 640px\" class=\"wp-caption aligncenter\"><a href=\"https:\/\/manufaktuhr.info\/wp-content\/uploads\/2015\/06\/Guests-and-contemporary-witnesses-at-the-vernissage-3.jpg\"><img loading=\"lazy\" decoding=\"async\" data-attachment-id=\"2308\" data-permalink=\"https:\/\/manufaktuhr.info\/?attachment_id=2308\" data-orig-file=\"https:\/\/manufaktuhr.info\/wp-content\/uploads\/2015\/06\/Guests-and-contemporary-witnesses-at-the-vernissage-3.jpg\" data-orig-size=\"2361,1827\" data-comments-opened=\"1\" data-image-meta=\"{&quot;aperture&quot;:&quot;4.5&quot;,&quot;credit&quot;:&quot;Holm Helis&quot;,&quot;camera&quot;:&quot;NIKON D4S&quot;,&quot;caption&quot;:&quot;Ausstellung \\&quot; Glashuette zur DDR Zeit \\&quot; im Deutschen Uhrenmuseum Glashuette.\\r\\u00a9 Foto  : Holm Helis\\r110615\\rDresden&quot;,&quot;created_timestamp&quot;:&quot;1434052021&quot;,&quot;copyright&quot;:&quot;Holm Helis\\rNutzung nur  gegen Honorar + 7% Mwst undUrhebernennung. WICHTIG: Jegliche kommerzielle Nutzung ist Honorar- und Mehrwertsteuerpflichtig! Honorar gemaess MFM. Weitergabe an Dritte nur nach vorheriger Absprache mit dem Urheber! Darstellung im INTERNET ist grundsaetzlich Honorar- und Mehrwertsteuerpflichtig, auch als 1:1 Kopie in INTERNET-Ausgaben von Tageszeitungen und Magazinen. Autoren-Nennung auch f\\u00fcr INTERNET-Darstellung gemaess \\u00a7 13 UrhGes.:\\r\\r Jede weitere Nutzung nach dem Erstabdruck des Bildmaterials ist ebenfalls Honorar- und Mehrwertsteuerpflichtig!&quot;,&quot;focal_length&quot;:&quot;17&quot;,&quot;iso&quot;:&quot;1250&quot;,&quot;shutter_speed&quot;:&quot;0.016666666666667&quot;,&quot;title&quot;:&quot;&quot;,&quot;orientation&quot;:&quot;1&quot;}\" data-image-title=\"Guests and contemporary witnesses at the vernissage (3)\" data-image-description=\"\" data-image-caption=\"&lt;p&gt;Ausstellung &amp;#8220; Glashuette zur DDR Zeit &amp;#8220; im Deutschen Uhrenmuseum Glashuette.&lt;br \/&gt;\n\u00a9 Foto  : Holm Helis&lt;br \/&gt;\n110615&lt;br \/&gt;\nDresden&lt;\/p&gt;\n\" data-medium-file=\"https:\/\/manufaktuhr.info\/wp-content\/uploads\/2015\/06\/Guests-and-contemporary-witnesses-at-the-vernissage-3-300x232.jpg\" data-large-file=\"https:\/\/manufaktuhr.info\/wp-content\/uploads\/2015\/06\/Guests-and-contemporary-witnesses-at-the-vernissage-3-1024x792.jpg\" class=\"size-large wp-image-2308\" src=\"https:\/\/manufaktuhr.info\/wp-content\/uploads\/2015\/06\/Guests-and-contemporary-witnesses-at-the-vernissage-3-1024x792.jpg\" alt=\"Ausstellung &quot; Glashuette zur DDR Zeit &quot; im Deutschen Uhrenmuseum Glashuette. \u00a9 Foto  : Holm Helis 110615 Dresden\" width=\"640\" height=\"495\" srcset=\"https:\/\/manufaktuhr.info\/wp-content\/uploads\/2015\/06\/Guests-and-contemporary-witnesses-at-the-vernissage-3-1024x792.jpg 1024w, https:\/\/manufaktuhr.info\/wp-content\/uploads\/2015\/06\/Guests-and-contemporary-witnesses-at-the-vernissage-3-300x232.jpg 300w\" sizes=\"auto, (max-width: 709px) 85vw, (max-width: 909px) 67vw, (max-width: 984px) 61vw, (max-width: 1362px) 45vw, 600px\" \/><\/a><figcaption id=\"caption-attachment-2308\" class=\"wp-caption-text\">Ausstellung &#8220; Glashuette zur DDR Zeit &#8220; im Deutschen Uhrenmuseum Glashuette.<br \/>\u00a9 Foto : Holm Helis<br \/>110615<br \/>Dresden<\/figcaption><\/figure>\n<p>Der VEB Glash\u00fctter Uhrenbetriebe entwickelte sich bis 1990 zum gr\u00f6\u00dften Arbeitgeber der Region. Aus diesem Grund bekleidete er auch viele Aufgaben, die \u00fcber die Fertigung von Zeitmessern hinausgingen: Die Aus- und Weiterbildung talentierter Menschen und verschiedene Angebote zur Freizeitgestaltung in der ehemaligen DDR werden ebenfalls in der Ausstellung beleuchtet. Das Museum zeigt neben einer Auswahl der damaligen Uhrenproduktion auch Werkzeuge,<\/p>\n<p><a href=\"https:\/\/manufaktuhr.info\/wp-content\/uploads\/2015\/06\/Guets-discovering-the-exhibition.jpg\"><img loading=\"lazy\" decoding=\"async\" data-attachment-id=\"2312\" data-permalink=\"https:\/\/manufaktuhr.info\/?attachment_id=2312\" data-orig-file=\"https:\/\/manufaktuhr.info\/wp-content\/uploads\/2015\/06\/Guets-discovering-the-exhibition.jpg\" data-orig-size=\"2361,1670\" data-comments-opened=\"1\" data-image-meta=\"{&quot;aperture&quot;:&quot;4&quot;,&quot;credit&quot;:&quot;&quot;,&quot;camera&quot;:&quot;NIKON D4S&quot;,&quot;caption&quot;:&quot;&quot;,&quot;created_timestamp&quot;:&quot;1434052450&quot;,&quot;copyright&quot;:&quot;&quot;,&quot;focal_length&quot;:&quot;70&quot;,&quot;iso&quot;:&quot;1250&quot;,&quot;shutter_speed&quot;:&quot;0.0125&quot;,&quot;title&quot;:&quot;&quot;,&quot;orientation&quot;:&quot;1&quot;}\" data-image-title=\"Guets discovering the exhibition\" data-image-description=\"\" data-image-caption=\"\" data-medium-file=\"https:\/\/manufaktuhr.info\/wp-content\/uploads\/2015\/06\/Guets-discovering-the-exhibition-300x212.jpg\" data-large-file=\"https:\/\/manufaktuhr.info\/wp-content\/uploads\/2015\/06\/Guets-discovering-the-exhibition-1024x724.jpg\" class=\"aligncenter size-large wp-image-2312\" src=\"https:\/\/manufaktuhr.info\/wp-content\/uploads\/2015\/06\/Guets-discovering-the-exhibition-1024x724.jpg\" alt=\"Guets discovering the exhibition\" width=\"640\" height=\"453\" srcset=\"https:\/\/manufaktuhr.info\/wp-content\/uploads\/2015\/06\/Guets-discovering-the-exhibition-1024x724.jpg 1024w, https:\/\/manufaktuhr.info\/wp-content\/uploads\/2015\/06\/Guets-discovering-the-exhibition-300x212.jpg 300w\" sizes=\"auto, (max-width: 709px) 85vw, (max-width: 909px) 67vw, (max-width: 984px) 61vw, (max-width: 1362px) 45vw, 600px\" \/><\/a>Spezialmaschinen, Lehrmittel, Zeichnungen und eine Vielzahl an Fotografien. Werbefilme und Prospekte veranschaulichen Aspekte des Vertriebs und der Vermarktung.<\/p>\n<figure id=\"attachment_2307\" aria-describedby=\"caption-attachment-2307\" style=\"width: 640px\" class=\"wp-caption aligncenter\"><a href=\"https:\/\/manufaktuhr.info\/wp-content\/uploads\/2015\/06\/Guests-and-contemporary-witnesses-at-the-vernissage-2.jpg\"><img loading=\"lazy\" decoding=\"async\" data-attachment-id=\"2307\" data-permalink=\"https:\/\/manufaktuhr.info\/?attachment_id=2307\" data-orig-file=\"https:\/\/manufaktuhr.info\/wp-content\/uploads\/2015\/06\/Guests-and-contemporary-witnesses-at-the-vernissage-2.jpg\" data-orig-size=\"2361,1644\" data-comments-opened=\"1\" data-image-meta=\"{&quot;aperture&quot;:&quot;5.6&quot;,&quot;credit&quot;:&quot;Holm Helis&quot;,&quot;camera&quot;:&quot;NIKON D4S&quot;,&quot;caption&quot;:&quot;Ausstellung \\&quot; Glashuette zur DDR Zeit \\&quot; im Deutschen Uhrenmuseum Glashuette.\\r\\u00a9 Foto  : Holm Helis\\r110615\\rDresden&quot;,&quot;created_timestamp&quot;:&quot;1434051163&quot;,&quot;copyright&quot;:&quot;Holm Helis\\rNutzung nur  gegen Honorar + 7% Mwst undUrhebernennung. WICHTIG: Jegliche kommerzielle Nutzung ist Honorar- und Mehrw&quot;,&quot;focal_length&quot;:&quot;17&quot;,&quot;iso&quot;:&quot;1250&quot;,&quot;shutter_speed&quot;:&quot;0.0125&quot;,&quot;title&quot;:&quot;&quot;,&quot;orientation&quot;:&quot;1&quot;}\" data-image-title=\"Guests and contemporary witnesses at the vernissage (2)\" data-image-description=\"\" data-image-caption=\"&lt;p&gt;Ausstellung &amp;#8220; Glashuette zur DDR Zeit &amp;#8220; im Deutschen Uhrenmuseum Glashuette.&lt;br \/&gt;\n\u00a9 Foto  : Holm Helis&lt;br \/&gt;\n110615&lt;br \/&gt;\nDresden&lt;\/p&gt;\n\" data-medium-file=\"https:\/\/manufaktuhr.info\/wp-content\/uploads\/2015\/06\/Guests-and-contemporary-witnesses-at-the-vernissage-2-300x209.jpg\" data-large-file=\"https:\/\/manufaktuhr.info\/wp-content\/uploads\/2015\/06\/Guests-and-contemporary-witnesses-at-the-vernissage-2-1024x713.jpg\" class=\"size-large wp-image-2307\" src=\"https:\/\/manufaktuhr.info\/wp-content\/uploads\/2015\/06\/Guests-and-contemporary-witnesses-at-the-vernissage-2-1024x713.jpg\" alt=\"Ausstellung &quot; Glashuette zur DDR Zeit &quot; im Deutschen Uhrenmuseum Glashuette. \u00a9 Foto  : Holm Helis 110615 Dresden\" width=\"640\" height=\"446\" srcset=\"https:\/\/manufaktuhr.info\/wp-content\/uploads\/2015\/06\/Guests-and-contemporary-witnesses-at-the-vernissage-2-1024x713.jpg 1024w, https:\/\/manufaktuhr.info\/wp-content\/uploads\/2015\/06\/Guests-and-contemporary-witnesses-at-the-vernissage-2-300x209.jpg 300w\" sizes=\"auto, (max-width: 709px) 85vw, (max-width: 909px) 67vw, (max-width: 984px) 61vw, (max-width: 1362px) 45vw, 600px\" \/><\/a><figcaption id=\"caption-attachment-2307\" class=\"wp-caption-text\">Ausstellung &#8220; Glashuette zur DDR Zeit &#8220; im Deutschen Uhrenmuseum Glashuette.<br \/>\u00a9 Foto : Holm Helis<br \/>110615<br \/>Dresden<\/figcaption><\/figure>\n<p>Die Sonderausstellung ist vom 12. Juni \u2013 1. November 2015 im Deutschen Uhrenmuseum Glash\u00fctte zu erleben. Ein Begleitband zur Ausstellung in deutscher und englischer Sprache kann f\u00fcr 6,50 Euro im Museumsshop erworben werden.<\/p>\n<p><strong>Hintergrundinformationen<\/strong><\/p>\n<p>Die Manufaktur Glash\u00fctte Original setzt sich seit geraumer Zeit f\u00fcr die Pflege und F\u00f6rderung der Glash\u00fctter Uhrmacherkunst ein. Gemeinsam mit der Stadt Glash\u00fctte hat sie dazu im Jahr 2006 die Stiftung \u201eDeutsches Uhrenmuseum Glash\u00fctte \u2013 Nicolas G. Hayek\u201c ins Leben gerufen, die nicht nur f\u00fcr die Dauerausstellung des Museums verantwortlich ist, sondern auch regelm\u00e4\u00dfig Sonderausstellungen zu verschiedenen zeit- und geschichtsbezogenen Themen konzipiert.<\/p>\n<figure id=\"attachment_2317\" aria-describedby=\"caption-attachment-2317\" style=\"width: 640px\" class=\"wp-caption aligncenter\"><a href=\"https:\/\/manufaktuhr.info\/wp-content\/uploads\/2015\/06\/Former-Construction-Engineer-Ernst-Frankenstein-joined-the-vernissage.jpg\"><img loading=\"lazy\" decoding=\"async\" data-attachment-id=\"2317\" data-permalink=\"https:\/\/manufaktuhr.info\/?attachment_id=2317\" data-orig-file=\"https:\/\/manufaktuhr.info\/wp-content\/uploads\/2015\/06\/Former-Construction-Engineer-Ernst-Frankenstein-joined-the-vernissage.jpg\" data-orig-size=\"1757,2361\" data-comments-opened=\"1\" data-image-meta=\"{&quot;aperture&quot;:&quot;5.6&quot;,&quot;credit&quot;:&quot;Holm Helis&quot;,&quot;camera&quot;:&quot;NIKON D4S&quot;,&quot;caption&quot;:&quot;Ausstellung \\&quot; Glashuette zur DDR Zeit \\&quot; im Deutschen Uhrenmuseum Glashuette.\\r\\u00a9 Foto  : Holm Helis\\r110615\\rDresden&quot;,&quot;created_timestamp&quot;:&quot;1434053110&quot;,&quot;copyright&quot;:&quot;Holm Helis\\rNutzung nur  gegen Honorar + 7% Mwst undUrhebernennung. WICHTIG: Jegliche kommerzielle Nutzung ist Honorar- und Mehrwertsteuerpflichtig! Honorar gemaess MFM. Weitergabe an Dritte nur nach vorheriger Absprache mit dem Urheber! Darstellung im INTERNET ist grundsaetzlich Honorar- und Mehrwertsteuerpflichtig, auch als 1:1 Kopie in INTERNET-Ausgaben von Tageszeitungen und Magazinen. Autoren-Nennung auch f\\u00fcr INTERNET-Darstellung gemaess \\u00a7 13 UrhGes.:\\r\\r Jede weitere Nutzung nach dem Erstabdruck des Bildmaterials ist ebenfalls Honorar- und Mehrwertsteuerpflichtig!&quot;,&quot;focal_length&quot;:&quot;70&quot;,&quot;iso&quot;:&quot;1250&quot;,&quot;shutter_speed&quot;:&quot;0.0125&quot;,&quot;title&quot;:&quot;&quot;,&quot;orientation&quot;:&quot;1&quot;}\" data-image-title=\"Former Construction Engineer Ernst Frankenstein joined the vernissage\" data-image-description=\"\" data-image-caption=\"&lt;p&gt;Ausstellung &amp;#8220; Glashuette zur DDR Zeit &amp;#8220; im Deutschen Uhrenmuseum Glashuette.&lt;br \/&gt;\n\u00a9 Foto  : Holm Helis&lt;br \/&gt;\n110615&lt;br \/&gt;\nDresden&lt;\/p&gt;\n\" data-medium-file=\"https:\/\/manufaktuhr.info\/wp-content\/uploads\/2015\/06\/Former-Construction-Engineer-Ernst-Frankenstein-joined-the-vernissage-223x300.jpg\" data-large-file=\"https:\/\/manufaktuhr.info\/wp-content\/uploads\/2015\/06\/Former-Construction-Engineer-Ernst-Frankenstein-joined-the-vernissage-762x1024.jpg\" class=\"size-large wp-image-2317\" src=\"https:\/\/manufaktuhr.info\/wp-content\/uploads\/2015\/06\/Former-Construction-Engineer-Ernst-Frankenstein-joined-the-vernissage-762x1024.jpg\" alt=\"Ausstellung &quot; Glashuette zur DDR Zeit &quot; im Deutschen Uhrenmuseum Glashuette. \u00a9 Foto  : Holm Helis 110615 Dresden\" width=\"640\" height=\"860\" srcset=\"https:\/\/manufaktuhr.info\/wp-content\/uploads\/2015\/06\/Former-Construction-Engineer-Ernst-Frankenstein-joined-the-vernissage-762x1024.jpg 762w, https:\/\/manufaktuhr.info\/wp-content\/uploads\/2015\/06\/Former-Construction-Engineer-Ernst-Frankenstein-joined-the-vernissage-223x300.jpg 223w, https:\/\/manufaktuhr.info\/wp-content\/uploads\/2015\/06\/Former-Construction-Engineer-Ernst-Frankenstein-joined-the-vernissage.jpg 1757w\" sizes=\"auto, (max-width: 709px) 85vw, (max-width: 909px) 67vw, (max-width: 984px) 61vw, (max-width: 1362px) 45vw, 600px\" \/><\/a><figcaption id=\"caption-attachment-2317\" class=\"wp-caption-text\">Ausstellung &#8220; Glashuette zur DDR Zeit &#8220; im Deutschen Uhrenmuseum Glashuette.<br \/>\u00a9 Foto : Holm Helis<br \/>110615<br \/>Dresden<\/figcaption><\/figure>\n<p>170 Jahre nach der Ansiedlung der Uhrenindustrie in Glash\u00fctte und 25 Jahre nach der deutschen Wiedervereinigung w\u00fcrdigt die aktuelle Sonderausstellung die Leistungen der Glash\u00fctter Konstrukteure und Uhrmacher w\u00e4hrend der DDR-Zeit. Als Rechtsnachfolger des damaligen VEB Glash\u00fctter Uhrenbetriebe ist die Manufaktur Glash\u00fctte Original stolz, diese pr\u00e4gende Phase ihrer Unternehmensgeschichte einem breiten Publikum zu pr\u00e4sentieren.<\/p>\n<figure id=\"attachment_2316\" aria-describedby=\"caption-attachment-2316\" style=\"width: 640px\" class=\"wp-caption aligncenter\"><a href=\"https:\/\/manufaktuhr.info\/wp-content\/uploads\/2015\/06\/Fascinated-guests-at-the-vernissage.jpg\"><img loading=\"lazy\" decoding=\"async\" data-attachment-id=\"2316\" data-permalink=\"https:\/\/manufaktuhr.info\/?attachment_id=2316\" data-orig-file=\"https:\/\/manufaktuhr.info\/wp-content\/uploads\/2015\/06\/Fascinated-guests-at-the-vernissage.jpg\" data-orig-size=\"2361,1771\" data-comments-opened=\"1\" data-image-meta=\"{&quot;aperture&quot;:&quot;5.6&quot;,&quot;credit&quot;:&quot;Holm Helis&quot;,&quot;camera&quot;:&quot;NIKON D4S&quot;,&quot;caption&quot;:&quot;Ausstellung \\&quot; Glashuette zur DDR Zeit \\&quot; im Deutschen Uhrenmuseum Glashuette.\\r\\u00a9 Foto  : Holm Helis\\r110615\\rDresden&quot;,&quot;created_timestamp&quot;:&quot;1434051965&quot;,&quot;copyright&quot;:&quot;Holm Helis\\rNutzung nur  gegen Honorar + 7% Mwst undUrhebernennung. WICHTIG: Jegliche kommerzielle Nutzung ist Honorar- und Mehrwertsteuerpflichtig! Honorar gemaess MFM. Weitergabe an Dritte nur nach vorheriger Absprache mit dem Urheber! Darstellung im INTERNET ist grundsaetzlich Honorar- und Mehrwertsteuerpflichtig, auch als 1:1 Kopie in INTERNET-Ausgaben von Tageszeitungen und Magazinen. Autoren-Nennung auch f\\u00fcr INTERNET-Darstellung gemaess \\u00a7 13 UrhGes.:\\r\\r Jede weitere Nutzung nach dem Erstabdruck des Bildmaterials ist ebenfalls Honorar- und Mehrwertsteuerpflichtig!&quot;,&quot;focal_length&quot;:&quot;17&quot;,&quot;iso&quot;:&quot;1250&quot;,&quot;shutter_speed&quot;:&quot;0.02&quot;,&quot;title&quot;:&quot;&quot;,&quot;orientation&quot;:&quot;1&quot;}\" data-image-title=\"Fascinated guests at the vernissage\" data-image-description=\"\" data-image-caption=\"&lt;p&gt;Ausstellung &amp;#8220; Glashuette zur DDR Zeit &amp;#8220; im Deutschen Uhrenmuseum Glashuette.&lt;br \/&gt;\n\u00a9 Foto  : Holm Helis&lt;br \/&gt;\n110615&lt;br \/&gt;\nDresden&lt;\/p&gt;\n\" data-medium-file=\"https:\/\/manufaktuhr.info\/wp-content\/uploads\/2015\/06\/Fascinated-guests-at-the-vernissage-300x225.jpg\" data-large-file=\"https:\/\/manufaktuhr.info\/wp-content\/uploads\/2015\/06\/Fascinated-guests-at-the-vernissage-1024x768.jpg\" class=\"size-large wp-image-2316\" src=\"https:\/\/manufaktuhr.info\/wp-content\/uploads\/2015\/06\/Fascinated-guests-at-the-vernissage-1024x768.jpg\" alt=\"Ausstellung &quot; Glashuette zur DDR Zeit &quot; im Deutschen Uhrenmuseum Glashuette. \u00a9 Foto  : Holm Helis 110615 Dresden\" width=\"640\" height=\"480\" srcset=\"https:\/\/manufaktuhr.info\/wp-content\/uploads\/2015\/06\/Fascinated-guests-at-the-vernissage-1024x768.jpg 1024w, https:\/\/manufaktuhr.info\/wp-content\/uploads\/2015\/06\/Fascinated-guests-at-the-vernissage-300x225.jpg 300w\" sizes=\"auto, (max-width: 709px) 85vw, (max-width: 909px) 67vw, (max-width: 984px) 61vw, (max-width: 1362px) 45vw, 600px\" \/><\/a><figcaption id=\"caption-attachment-2316\" class=\"wp-caption-text\">Ausstellung &#8220; Glashuette zur DDR Zeit &#8220; im Deutschen Uhrenmuseum Glashuette.<br \/>\u00a9 Foto : Holm Helis<br \/>110615<br \/>Dresden<\/figcaption><\/figure>\n<p>Heute entstehen bei Glash\u00fctte Original in h\u00f6chster Fertigungstiefe und mit einem gro\u00dfen Anteil an Handarbeit technisch raffinierte Zeitmesser, die Kenner der Uhrmacherkunst in In- und Ausland begeistern. Seit dem Jahr 2000 geh\u00f6rt die s\u00e4chsische Manufaktur zur Schweizer Swatch Group, dem weltweit gr\u00f6\u00dften Uhrenhersteller.<\/p>\n<figure id=\"attachment_2309\" aria-describedby=\"caption-attachment-2309\" style=\"width: 640px\" class=\"wp-caption aligncenter\"><a href=\"https:\/\/manufaktuhr.info\/wp-content\/uploads\/2015\/06\/Guests-at-the-exhibition-2.jpg\"><img loading=\"lazy\" decoding=\"async\" data-attachment-id=\"2309\" data-permalink=\"https:\/\/manufaktuhr.info\/?attachment_id=2309\" data-orig-file=\"https:\/\/manufaktuhr.info\/wp-content\/uploads\/2015\/06\/Guests-at-the-exhibition-2.jpg\" data-orig-size=\"2360,1711\" data-comments-opened=\"1\" data-image-meta=\"{&quot;aperture&quot;:&quot;4.5&quot;,&quot;credit&quot;:&quot;Holm Helis&quot;,&quot;camera&quot;:&quot;NIKON D4S&quot;,&quot;caption&quot;:&quot;Ausstellung \\&quot; Glashuette zur DDR Zeit \\&quot; im Deutschen Uhrenmuseum Glashuette.\\r\\u00a9 Foto  : Holm Helis\\r110615\\rDresden&quot;,&quot;created_timestamp&quot;:&quot;1434052199&quot;,&quot;copyright&quot;:&quot;Holm Helis\\rNutzung nur  gegen Honorar + 7% Mwst undUrhebernennung. WICHTIG: Jegliche kommerzielle Nutzung ist Honorar- und Mehrw&quot;,&quot;focal_length&quot;:&quot;17&quot;,&quot;iso&quot;:&quot;2000&quot;,&quot;shutter_speed&quot;:&quot;0.016666666666667&quot;,&quot;title&quot;:&quot;&quot;,&quot;orientation&quot;:&quot;1&quot;}\" data-image-title=\"Guests at the exhibition (2)\" data-image-description=\"\" data-image-caption=\"&lt;p&gt;Ausstellung &amp;#8220; Glashuette zur DDR Zeit &amp;#8220; im Deutschen Uhrenmuseum Glashuette.&lt;br \/&gt;\n\u00a9 Foto  : Holm Helis&lt;br \/&gt;\n110615&lt;br \/&gt;\nDresden&lt;\/p&gt;\n\" data-medium-file=\"https:\/\/manufaktuhr.info\/wp-content\/uploads\/2015\/06\/Guests-at-the-exhibition-2-300x218.jpg\" data-large-file=\"https:\/\/manufaktuhr.info\/wp-content\/uploads\/2015\/06\/Guests-at-the-exhibition-2-1024x742.jpg\" class=\"size-large wp-image-2309\" src=\"https:\/\/manufaktuhr.info\/wp-content\/uploads\/2015\/06\/Guests-at-the-exhibition-2-1024x742.jpg\" alt=\"Ausstellung &quot; Glashuette zur DDR Zeit &quot; im Deutschen Uhrenmuseum Glashuette. \u00a9 Foto  : Holm Helis 110615 Dresden\" width=\"640\" height=\"464\" srcset=\"https:\/\/manufaktuhr.info\/wp-content\/uploads\/2015\/06\/Guests-at-the-exhibition-2-1024x742.jpg 1024w, https:\/\/manufaktuhr.info\/wp-content\/uploads\/2015\/06\/Guests-at-the-exhibition-2-300x218.jpg 300w\" sizes=\"auto, (max-width: 709px) 85vw, (max-width: 909px) 67vw, (max-width: 984px) 61vw, (max-width: 1362px) 45vw, 600px\" \/><\/a><figcaption id=\"caption-attachment-2309\" class=\"wp-caption-text\">Ausstellung &#8220; Glashuette zur DDR Zeit &#8220; im Deutschen Uhrenmuseum Glashuette.<br \/>\u00a9 Foto : Holm Helis<br \/>110615<br \/>Dresden<\/figcaption><\/figure>\n<p>Die Sonderausstellung \u201eGlash\u00fctte zur DDR-Zeit\u201c steht im Kontext einer Reihe von Aktivit\u00e4ten, die das Jahr 2015 begleiten. So wurde bereits im Februar die Filmreihe \u201e5 Perspektiven\u201c pr\u00e4sentiert, die die s\u00e4chsische Manufaktur aus verschiedenen und sehr pers\u00f6nlichen Blickwinkeln beleuchtet. Weiterer Bestandteil ist eine multimediale internationale Roadshow, die im April in Basel ihren Auftakt hatte.<\/p>\n<p>Unter dem Motto \u201e360\u00b0 Glash\u00fctte Original\u201c informiert die Wanderausstellung \u00fcber die reiche Vergangenheit, das heutige hochspezialisierte Fachwissen und die Ausbildung der Fachkr\u00e4fte von morgen in der unternehmenseigenen Uhrmacherschule \u201eAlfred Helwig\u201c.<\/p>\n","protected":false},"excerpt":{"rendered":"<p>\u00dcber 120 G\u00e4ste \u2013 unter ihnen zahlreiche Zeitzeugen \u2013 folgten gestern Abend der Einladung der Stiftung \u201cDeutsches Uhrenmuseum Glash\u00fctte \u2013 Nicolas G. Hayek\u201d zur Er\u00f6ffnung der Sonderausstellung \u201eGlash\u00fctte zur DDR-Zeit\u201c. Markus Dre\u00dfler, B\u00fcrgermeister der Stadt Glash\u00fctte, und Frank Kittel, Gesch\u00e4ftsf\u00fchrer von Glash\u00fctte Original, begr\u00fc\u00dften alle Anwesenden herzlich mit einer kurzen Ansprache. Danach lud Reinhard Reichel, &hellip; <a href=\"https:\/\/manufaktuhr.info\/?p=2318\" class=\"more-link\"><span class=\"screen-reader-text\">\u201eSonderausstellung im Deutschen Uhrenmuseum Glash\u00fctte &#8211; Glash\u00fctte zur DDR-Zeit. Die Uhrenproduktion zwischen 1951 und 1990\u201c <\/span>weiterlesen<\/a><\/p>\n","protected":false},"author":1,"featured_media":0,"comment_status":"open","ping_status":"open","sticky":false,"template":"","format":"standard","meta":{"jetpack_post_was_ever_published":false,"_jetpack_newsletter_access":"","_jetpack_dont_email_post_to_subs":false,"_jetpack_newsletter_tier_id":0,"_jetpack_memberships_contains_paywalled_content":false,"_jetpack_memberships_contains_paid_content":false,"footnotes":"","jetpack_publicize_message":"","jetpack_publicize_feature_enabled":true,"jetpack_social_post_already_shared":false,"jetpack_social_options":{"image_generator_settings":{"template":"highway","default_image_id":0,"font":"","enabled":false},"version":2}},"categories":[10],"tags":[],"class_list":["post-2318","post","type-post","status-publish","format-standard","hentry","category-glashutte-original"],"jetpack_publicize_connections":[],"jetpack_featured_media_url":"","jetpack_shortlink":"https:\/\/wp.me\/p7fs8R-Bo","jetpack-related-posts":[],"jetpack_sharing_enabled":true,"_links":{"self":[{"href":"https:\/\/manufaktuhr.info\/index.php?rest_route=\/wp\/v2\/posts\/2318","targetHints":{"allow":["GET"]}}],"collection":[{"href":"https:\/\/manufaktuhr.info\/index.php?rest_route=\/wp\/v2\/posts"}],"about":[{"href":"https:\/\/manufaktuhr.info\/index.php?rest_route=\/wp\/v2\/types\/post"}],"author":[{"embeddable":true,"href":"https:\/\/manufaktuhr.info\/index.php?rest_route=\/wp\/v2\/users\/1"}],"replies":[{"embeddable":true,"href":"https:\/\/manufaktuhr.info\/index.php?rest_route=%2Fwp%2Fv2%2Fcomments&post=2318"}],"version-history":[{"count":1,"href":"https:\/\/manufaktuhr.info\/index.php?rest_route=\/wp\/v2\/posts\/2318\/revisions"}],"predecessor-version":[{"id":2319,"href":"https:\/\/manufaktuhr.info\/index.php?rest_route=\/wp\/v2\/posts\/2318\/revisions\/2319"}],"wp:attachment":[{"href":"https:\/\/manufaktuhr.info\/index.php?rest_route=%2Fwp%2Fv2%2Fmedia&parent=2318"}],"wp:term":[{"taxonomy":"category","embeddable":true,"href":"https:\/\/manufaktuhr.info\/index.php?rest_route=%2Fwp%2Fv2%2Fcategories&post=2318"},{"taxonomy":"post_tag","embeddable":true,"href":"https:\/\/manufaktuhr.info\/index.php?rest_route=%2Fwp%2Fv2%2Ftags&post=2318"}],"curies":[{"name":"wp","href":"https:\/\/api.w.org\/{rel}","templated":true}]}}