{"id":3603,"date":"2016-04-20T09:52:29","date_gmt":"2016-04-20T07:52:29","guid":{"rendered":"http:\/\/manufaktuhr.info\/?p=3603"},"modified":"2016-04-20T09:52:29","modified_gmt":"2016-04-20T07:52:29","slug":"a-lange-soehne-beim-concorso-deleganza-2016","status":"publish","type":"post","link":"https:\/\/manufaktuhr.info\/?p=3603","title":{"rendered":"A. Lange &#038; S\u00f6hne beim Concorso d\u2019Eleganza 2016"},"content":{"rendered":"<p>Bereits zum f\u00fcnften Mal begleitet A. Lange &amp; S\u00f6hne das Schaulaufen der automobilen Kunstwerke am Comer See. Der prestigetr\u00e4chtige Wettbewerb f\u00fcr klassische Automobile und wegweisende Konzeptstudien steht in diesem Jahr unter dem Motto \u201eBack to the future \u2013 the journey continues\u201c. Der Sieger in der Kategorie \u201eBest of Show\u201c erh\u00e4lt eine einzigartige Lange 1 Zeitzone \u201eComo Edition\u201c.<\/p>\n<figure id=\"attachment_3590\" aria-describedby=\"caption-attachment-3590\" style=\"width: 640px\" class=\"wp-caption aligncenter\"><a href=\"https:\/\/manufaktuhr.info\/wp-content\/uploads\/2016\/04\/ALS_116_039_Concorso_2015_02_web.jpg\"><img loading=\"lazy\" decoding=\"async\" data-attachment-id=\"3590\" data-permalink=\"https:\/\/manufaktuhr.info\/?attachment_id=3590\" data-orig-file=\"https:\/\/manufaktuhr.info\/wp-content\/uploads\/2016\/04\/ALS_116_039_Concorso_2015_02_web.jpg\" data-orig-size=\"1280,1024\" data-comments-opened=\"1\" data-image-meta=\"{&quot;aperture&quot;:&quot;14&quot;,&quot;credit&quot;:&quot;Ben Gierig - Fotografie&quot;,&quot;camera&quot;:&quot;Canon EOS 5D Mark III&quot;,&quot;caption&quot;:&quot;Concorso d\\u2019Eleganza Villa d\\u2019Este 2015 - A.Lange \\u0026amp; S\\u00f6hne - Ben Gierig - Fotografie www.Ben-Gierig.de&quot;,&quot;created_timestamp&quot;:&quot;1432382674&quot;,&quot;copyright&quot;:&quot;Ben Gierig - Fotografie&quot;,&quot;focal_length&quot;:&quot;100&quot;,&quot;iso&quot;:&quot;1000&quot;,&quot;shutter_speed&quot;:&quot;0.0015625&quot;,&quot;title&quot;:&quot;Concorso d\\u2019Eleganza Villa d\\u2019Este 2015&quot;,&quot;orientation&quot;:&quot;1&quot;}\" data-image-title=\"Concorso d\u2019Eleganza Villa d\u2019Este 2015\" data-image-description=\"&lt;p&gt;Die LANGE 1 ZEITZONE auf der Motorhaube eines extravaganten Pegaso Cupula von 1952, der zu den Preistr\u00e4gern des Jahres 2015 geh\u00f6rte. Fotografie www.Ben-Gierig.de&lt;\/p&gt;\n\" data-image-caption=\"&lt;p&gt;Concorso d\u2019Eleganza Villa d\u2019Este 2015 &amp;#8211; A.Lange &amp;amp; S\u00f6hne &amp;#8211; Ben Gierig &amp;#8211; Fotografie www.Ben-Gierig.de&lt;\/p&gt;\n\" data-medium-file=\"https:\/\/manufaktuhr.info\/wp-content\/uploads\/2016\/04\/ALS_116_039_Concorso_2015_02_web-300x240.jpg\" data-large-file=\"https:\/\/manufaktuhr.info\/wp-content\/uploads\/2016\/04\/ALS_116_039_Concorso_2015_02_web-1024x819.jpg\" class=\"size-large wp-image-3590\" src=\"https:\/\/manufaktuhr.info\/wp-content\/uploads\/2016\/04\/ALS_116_039_Concorso_2015_02_web-1024x819.jpg\" alt=\"Concorso d\u2019Eleganza Villa d\u2019Este 2015 - A.Lange &amp; S\u00f6hne - Ben Gierig - Fotografie www.Ben-Gierig.de\" width=\"640\" height=\"512\" srcset=\"https:\/\/manufaktuhr.info\/wp-content\/uploads\/2016\/04\/ALS_116_039_Concorso_2015_02_web-1024x819.jpg 1024w, https:\/\/manufaktuhr.info\/wp-content\/uploads\/2016\/04\/ALS_116_039_Concorso_2015_02_web-300x240.jpg 300w, https:\/\/manufaktuhr.info\/wp-content\/uploads\/2016\/04\/ALS_116_039_Concorso_2015_02_web-768x614.jpg 768w, https:\/\/manufaktuhr.info\/wp-content\/uploads\/2016\/04\/ALS_116_039_Concorso_2015_02_web.jpg 1280w\" sizes=\"auto, (max-width: 709px) 85vw, (max-width: 909px) 67vw, (max-width: 984px) 61vw, (max-width: 1362px) 45vw, 600px\" \/><\/a><figcaption id=\"caption-attachment-3590\" class=\"wp-caption-text\">Concorso d\u2019Eleganza Villa d\u2019Este 2015 &#8211; A.Lange &amp; S\u00f6hne &#8211; Ben Gierig &#8211; Fotografie www.Ben-Gierig.de<\/figcaption><\/figure>\n<p>Vom 20. bis 22. Mai versammelt sich am Comer See die Elite des klassischen Automobilbaus. Historische Fahrzeuge von herausragender Klasse und mit faszinierender Geschichte wetteifern in acht Kategorien um die Gunst von Jury und Publikum. Seit 2012 ist A. Lange &amp; S\u00f6hne Sponsor des Klassikertreffens, das zu den traditionsreichsten und bedeutendsten der Welt z\u00e4hlt. Im weitl\u00e4ufigen Park der Villa d\u2019Este erz\u00e4hlt jedes Auto seine eigene, spannende Geschichte. Eines von ihnen ist der Pegaso Cupula von 1952, der im vergangenen Jahr den Preis f\u00fcr das aufregendste Design erhielt. Die ebenso extravaganten wie seltenen Coup\u00e9s der spanischen Marke Pegaso beeindrucken noch heute mit ihrer gewagten Mischung aus Farbe, Form und Technik.<\/p>\n<figure id=\"attachment_3591\" aria-describedby=\"caption-attachment-3591\" style=\"width: 640px\" class=\"wp-caption aligncenter\"><a href=\"https:\/\/manufaktuhr.info\/wp-content\/uploads\/2016\/04\/ALS_116_039_Concorso_2015_03_web.jpg\"><img loading=\"lazy\" decoding=\"async\" data-attachment-id=\"3591\" data-permalink=\"https:\/\/manufaktuhr.info\/?attachment_id=3591\" data-orig-file=\"https:\/\/manufaktuhr.info\/wp-content\/uploads\/2016\/04\/ALS_116_039_Concorso_2015_03_web.jpg\" data-orig-size=\"1280,1024\" data-comments-opened=\"1\" data-image-meta=\"{&quot;aperture&quot;:&quot;16&quot;,&quot;credit&quot;:&quot;Ben Gierig - Fotografie&quot;,&quot;camera&quot;:&quot;Canon EOS 5D Mark III&quot;,&quot;caption&quot;:&quot;Concorso d\\u2019Eleganza Villa d\\u2019Este 2015 - A.Lange \\u0026amp; S\\u00f6hne - Ben Gierig - Fotografie www.Ben-Gierig.de&quot;,&quot;created_timestamp&quot;:&quot;1432468010&quot;,&quot;copyright&quot;:&quot;Ben Gierig - Fotografie&quot;,&quot;focal_length&quot;:&quot;100&quot;,&quot;iso&quot;:&quot;800&quot;,&quot;shutter_speed&quot;:&quot;0.002&quot;,&quot;title&quot;:&quot;Concorso d\\u2019Eleganza Villa d\\u2019Este 2015&quot;,&quot;orientation&quot;:&quot;1&quot;}\" data-image-title=\"Concorso d\u2019Eleganza Villa d\u2019Este 2015\" data-image-description=\"\" data-image-caption=\"&lt;p&gt;Concorso d\u2019Eleganza Villa d\u2019Este 2015 &amp;#8211; A.Lange &amp;amp; S\u00f6hne &amp;#8211; Ben Gierig &amp;#8211; Fotografie www.Ben-Gierig.de&lt;\/p&gt;\n\" data-medium-file=\"https:\/\/manufaktuhr.info\/wp-content\/uploads\/2016\/04\/ALS_116_039_Concorso_2015_03_web-300x240.jpg\" data-large-file=\"https:\/\/manufaktuhr.info\/wp-content\/uploads\/2016\/04\/ALS_116_039_Concorso_2015_03_web-1024x819.jpg\" class=\"size-large wp-image-3591\" src=\"https:\/\/manufaktuhr.info\/wp-content\/uploads\/2016\/04\/ALS_116_039_Concorso_2015_03_web-1024x819.jpg\" alt=\"Concorso d\u2019Eleganza Villa d\u2019Este 2015 - A.Lange &amp; S\u00f6hne - Ben Gierig - Fotografie www.Ben-Gierig.de\" width=\"640\" height=\"512\" srcset=\"https:\/\/manufaktuhr.info\/wp-content\/uploads\/2016\/04\/ALS_116_039_Concorso_2015_03_web-1024x819.jpg 1024w, https:\/\/manufaktuhr.info\/wp-content\/uploads\/2016\/04\/ALS_116_039_Concorso_2015_03_web-300x240.jpg 300w, https:\/\/manufaktuhr.info\/wp-content\/uploads\/2016\/04\/ALS_116_039_Concorso_2015_03_web-768x614.jpg 768w, https:\/\/manufaktuhr.info\/wp-content\/uploads\/2016\/04\/ALS_116_039_Concorso_2015_03_web.jpg 1280w\" sizes=\"auto, (max-width: 709px) 85vw, (max-width: 909px) 67vw, (max-width: 984px) 61vw, (max-width: 1362px) 45vw, 600px\" \/><\/a><figcaption id=\"caption-attachment-3591\" class=\"wp-caption-text\">Concorso d\u2019Eleganza Villa d\u2019Este 2015 &#8211; A.Lange &amp; S\u00f6hne &#8211; Ben Gierig &#8211; Fotografie www.Ben-Gierig.de<\/figcaption><\/figure>\n<p>In der Wettbewerbsklasse \u201eDaring to be different \u2013 designs that pushed the envelope\u201c \u00a0werden in diesem Jahr Beispiele f\u00fcr besonders mutige, oft kontrovers diskutierte und zugleich wegweisende Neuerungen aus den Bereichen Gestaltung und Technologie pr\u00e4sentiert. W\u00e4re die f\u00fcr den Wettbewerb geschaffene Lange 1 Zeitzone \u201eComo Edition\u201c ein Auto, w\u00fcrde sie in dieser Kategorie zu den Favoriten geh\u00f6ren. Das markante, dezentrale Zifferblattdesign der Lange 1 sorgte bereits 1994 f\u00fcr Furore und machte die zu neuem Leben erweckte Marke A. Lange &amp; S\u00f6hne \u00fcber Nacht ber\u00fchmt. Die innovative Heimat- und Zeitzonenanzeige ist Ausdruck der mechanischen Meisterschaft, mit der die Manufaktur Uhrenliebhaber und -sammler immer wieder aufs Neue begeistert. Der handgravierte Geh\u00e4useboden der wei\u00dfgoldenen Sonderedition zeigt das Wappen des Wettbewerbs. Auf dem St\u00e4dtering steht Como f\u00fcr die mitteleu\u00adrop\u00e4ische Zeit. Lange-CEO Wilhelm Schmid wird den einzigartigen Zeitmesser dem Gewinner der Kategorie \u201eBest of Show\u201c bei der Siegerehrung am 22. Mai pers\u00f6nlich \u00fcbergeben.<\/p>\n<p><strong>Lange 1 Zeitzone \u201eComo Edition\u201c<\/strong><\/p>\n<p>Die Lange 1 Zeitzone \u201eComo Edition\u201c ist einer der exklusivsten Zeitmesser von A.\u00a0Lange &amp; S\u00f6hne. Denn es gibt ihn nur einmal im Jahr \u2013 f\u00fcr den \u201eBest of Show\u201c-Sieger des Concorso d\u2019Eleganza Villa d\u2019Este.<\/p>\n<p><a href=\"https:\/\/manufaktuhr.info\/wp-content\/uploads\/2016\/04\/ALS_116_049_Concorso_Frontal__web-e1461138624983.jpg\"><img loading=\"lazy\" decoding=\"async\" data-attachment-id=\"3598\" data-permalink=\"https:\/\/manufaktuhr.info\/?attachment_id=3598\" data-orig-file=\"https:\/\/manufaktuhr.info\/wp-content\/uploads\/2016\/04\/ALS_116_049_Concorso_Frontal__web-e1461138624983.jpg\" data-orig-size=\"458,750\" data-comments-opened=\"1\" data-image-meta=\"{&quot;aperture&quot;:&quot;0&quot;,&quot;credit&quot;:&quot;&quot;,&quot;camera&quot;:&quot;&quot;,&quot;caption&quot;:&quot;&quot;,&quot;created_timestamp&quot;:&quot;0&quot;,&quot;copyright&quot;:&quot;&quot;,&quot;focal_length&quot;:&quot;0&quot;,&quot;iso&quot;:&quot;0&quot;,&quot;shutter_speed&quot;:&quot;0&quot;,&quot;title&quot;:&quot;&quot;,&quot;orientation&quot;:&quot;0&quot;}\" data-image-title=\"ALS_116_049_Concorso_Frontal__web\" data-image-description=\"\" data-image-caption=\"\" data-medium-file=\"https:\/\/manufaktuhr.info\/wp-content\/uploads\/2016\/04\/ALS_116_049_Concorso_Frontal__web-e1461138184817-183x300.jpg\" data-large-file=\"https:\/\/manufaktuhr.info\/wp-content\/uploads\/2016\/04\/ALS_116_049_Concorso_Frontal__web-1024x819.jpg\" class=\"aligncenter size-full wp-image-3598\" src=\"https:\/\/manufaktuhr.info\/wp-content\/uploads\/2016\/04\/ALS_116_049_Concorso_Frontal__web-e1461138624983.jpg\" alt=\"ALS_116_049_Concorso_Frontal__web\" width=\"458\" height=\"750\" \/><\/a><\/p>\n<p><a href=\"https:\/\/manufaktuhr.info\/wp-content\/uploads\/2016\/04\/ALS_116_049_RS_Sondermodell_Italien_2016_web-e1461138604427.jpg\"><img loading=\"lazy\" decoding=\"async\" data-attachment-id=\"3602\" data-permalink=\"https:\/\/manufaktuhr.info\/?attachment_id=3602\" data-orig-file=\"https:\/\/manufaktuhr.info\/wp-content\/uploads\/2016\/04\/ALS_116_049_RS_Sondermodell_Italien_2016_web-e1461138604427.jpg\" data-orig-size=\"470,750\" data-comments-opened=\"1\" data-image-meta=\"{&quot;aperture&quot;:&quot;0&quot;,&quot;credit&quot;:&quot;&quot;,&quot;camera&quot;:&quot;&quot;,&quot;caption&quot;:&quot;&quot;,&quot;created_timestamp&quot;:&quot;0&quot;,&quot;copyright&quot;:&quot;&quot;,&quot;focal_length&quot;:&quot;0&quot;,&quot;iso&quot;:&quot;0&quot;,&quot;shutter_speed&quot;:&quot;0&quot;,&quot;title&quot;:&quot;&quot;,&quot;orientation&quot;:&quot;1&quot;}\" data-image-title=\"ALS_116_049_RS_Sondermodell_Italien_2016_web\" data-image-description=\"\" data-image-caption=\"\" data-medium-file=\"https:\/\/manufaktuhr.info\/wp-content\/uploads\/2016\/04\/ALS_116_049_RS_Sondermodell_Italien_2016_web-e1461138217409-188x300.jpg\" data-large-file=\"https:\/\/manufaktuhr.info\/wp-content\/uploads\/2016\/04\/ALS_116_049_RS_Sondermodell_Italien_2016_web-1024x819.jpg\" class=\"aligncenter size-full wp-image-3602\" src=\"https:\/\/manufaktuhr.info\/wp-content\/uploads\/2016\/04\/ALS_116_049_RS_Sondermodell_Italien_2016_web-e1461138604427.jpg\" alt=\"ALS_116_049_RS_Sondermodell_Italien_2016_web\" width=\"470\" height=\"750\" \/><\/a><\/p>\n<p>Seit 2012 unterst\u00fctzt A. Lange &amp; S\u00f6hne den Concorso d\u2019Eleganza Villa d\u2019Este, der allj\u00e4hr\u00adlich im Mai am Comer See ausgetragen wird. F\u00fcr die exklusive Veranstaltung, die die Sch\u00f6nheit und Eleganz des klassi\u00adschen Automobils in den Mittelpunkt stellt, hat A.\u00a0Lange &amp; S\u00f6hne einen einzigartigen Zeit\u00admesser geschaffen: ein exklusives Modell der Lange 1 Zeitzone mit dem besonde\u00adren Zusatz \u201eComo Edition\u201c. Diese Uhr kann man nicht kaufen, sie ist allein dem Sieger in der Kategorie \u201eBest of Show\u201c vorbehalten.<\/p>\n<p>Die Lange 1 Zeitzone ist mit ihrer praktischen Heimat- und Zonenzeit-Anzeige die perfekte Begleiterin f\u00fcr Kosmo\u00adpoliten. Bei ihrer Entwicklung stand die bestm\u00f6gliche Ablesbarkeit im Vordergrund. Auf dem klar gestalteten Zifferblatt lassen sich die Heimatzeit und die Zeit einer zweiten Zeitzone auf einen Blick erfassen. Die Einstellung der zweiten Zeitzone erfolgt \u00fcber einen dreh\u00adbaren St\u00e4dtering mit 24 Zeitzonen, der sich komfortabel mittels eines Dr\u00fcckers weiter schalten l\u00e4sst. Das aufwendig von Hand finissierte und zweifach montierte Manufaktur\u00adkaliber verf\u00fcgt \u00fcber eine Gangreserve von drei Tagen.<\/p>\n<figure id=\"attachment_3595\" aria-describedby=\"caption-attachment-3595\" style=\"width: 1280px\" class=\"wp-caption aligncenter\"><a href=\"https:\/\/manufaktuhr.info\/wp-content\/uploads\/2016\/04\/ALS_116_049_Concorso_2015_02_web.jpg\"><img loading=\"lazy\" decoding=\"async\" data-attachment-id=\"3595\" data-permalink=\"https:\/\/manufaktuhr.info\/?attachment_id=3595\" data-orig-file=\"https:\/\/manufaktuhr.info\/wp-content\/uploads\/2016\/04\/ALS_116_049_Concorso_2015_02_web.jpg\" data-orig-size=\"1280,1024\" data-comments-opened=\"1\" data-image-meta=\"{&quot;aperture&quot;:&quot;7.1&quot;,&quot;credit&quot;:&quot;Ben Gierig - Fotografie&quot;,&quot;camera&quot;:&quot;Canon EOS 5D Mark III&quot;,&quot;caption&quot;:&quot;A.Lange \\u0026amp; S\\u00f6hne - Concorso d&#039;Eleganza Villa d&#039;Este 2015 - Ben Gierig - Fotografie&quot;,&quot;created_timestamp&quot;:&quot;1432372993&quot;,&quot;copyright&quot;:&quot;Ben Gierig - Fotografie&quot;,&quot;focal_length&quot;:&quot;100&quot;,&quot;iso&quot;:&quot;400&quot;,&quot;shutter_speed&quot;:&quot;0.008&quot;,&quot;title&quot;:&quot;&quot;,&quot;orientation&quot;:&quot;1&quot;}\" data-image-title=\"ALS_116_049_Concorso_2015_02_web\" data-image-description=\"\" data-image-caption=\"&lt;p&gt;A.Lange &amp;amp; S\u00f6hne &amp;#8211; Concorso d&amp;#8217;Eleganza Villa d&amp;#8217;Este 2015 &amp;#8211; Ben Gierig &amp;#8211; Fotografie&lt;\/p&gt;\n\" data-medium-file=\"https:\/\/manufaktuhr.info\/wp-content\/uploads\/2016\/04\/ALS_116_049_Concorso_2015_02_web-300x240.jpg\" data-large-file=\"https:\/\/manufaktuhr.info\/wp-content\/uploads\/2016\/04\/ALS_116_049_Concorso_2015_02_web-1024x819.jpg\" class=\"size-full wp-image-3595\" src=\"https:\/\/manufaktuhr.info\/wp-content\/uploads\/2016\/04\/ALS_116_049_Concorso_2015_02_web.jpg\" alt=\"A.Lange &amp; S\u00f6hne - Concorso d'Eleganza Villa d'Este 2015 - Ben Gierig - Fotografie\" width=\"1280\" height=\"1024\" srcset=\"https:\/\/manufaktuhr.info\/wp-content\/uploads\/2016\/04\/ALS_116_049_Concorso_2015_02_web.jpg 1280w, https:\/\/manufaktuhr.info\/wp-content\/uploads\/2016\/04\/ALS_116_049_Concorso_2015_02_web-300x240.jpg 300w, https:\/\/manufaktuhr.info\/wp-content\/uploads\/2016\/04\/ALS_116_049_Concorso_2015_02_web-768x614.jpg 768w, https:\/\/manufaktuhr.info\/wp-content\/uploads\/2016\/04\/ALS_116_049_Concorso_2015_02_web-1024x819.jpg 1024w\" sizes=\"auto, (max-width: 709px) 85vw, (max-width: 909px) 67vw, (max-width: 1362px) 62vw, 840px\" \/><\/a><figcaption id=\"caption-attachment-3595\" class=\"wp-caption-text\">A.Lange &amp; S\u00f6hne &#8211; Concorso d&#8217;Eleganza Villa d&#8217;Este 2015 &#8211; Ben Gierig &#8211; Fotografie<\/figcaption><\/figure>\n<p>Gegen\u00fcber der klassischen Variante wartet die Como-Edition mit zwei Besonderheiten auf: Die mitteleu\u00adrop\u00e4ische Zeit auf dem dreh\u00adbaren St\u00e4dtering wird nicht wie sonst durch Berlin, sondern durch Como dargestellt &#8211; eine Reverenz an den Austragungsort des Wettbewerbs. Au\u00dferdem ist die Uhr als \u201eCuvette\u201c ausgef\u00fchrt. Das bedeutet, dass die Lange 1 Zeitzone werkseitig mit einem handgravierten Klappboden aus Wei\u00dfgold versehen ist.<\/p>\n<p>Die darauf im freien Schnitt ausgef\u00fchrte Handgravur verweist auf den Anlass: Der Schriftzug \u201eConcorso d\u2019Eleganza Villa d\u2019Este\u201c bildet den Rahmen f\u00fcr das Wappen des Wettbewerbs und zwei Jahreszahlen. Sie schlagen den Bogen vom ersten Concorso d\u2019Eleganza Villa d\u2019Este im Jahr 1929 bis zur Gegenwart, in diesem Jahr gekennzeichnet durch die Zahl 2016.<\/p>\n<p>In den vergangenen f\u00fcnf Wettbewerbsjahren ist die Lange 1 Zeitzone \u201eComo Edition\u201c einer Reihe von au\u00dfergew\u00f6hnlichen Automobilen begegnet. Hier eine Zusammenstellung der sch\u00f6nsten Rendez\u00advous:<\/p>\n<figure id=\"attachment_3601\" aria-describedby=\"caption-attachment-3601\" style=\"width: 1280px\" class=\"wp-caption aligncenter\"><a href=\"https:\/\/manufaktuhr.info\/wp-content\/uploads\/2016\/04\/ALS_116_049_RollsRoyce_20_25_HP_2014_web.jpg\"><img loading=\"lazy\" decoding=\"async\" data-attachment-id=\"3601\" data-permalink=\"https:\/\/manufaktuhr.info\/?attachment_id=3601\" data-orig-file=\"https:\/\/manufaktuhr.info\/wp-content\/uploads\/2016\/04\/ALS_116_049_RollsRoyce_20_25_HP_2014_web.jpg\" data-orig-size=\"1280,1024\" data-comments-opened=\"1\" data-image-meta=\"{&quot;aperture&quot;:&quot;0&quot;,&quot;credit&quot;:&quot;&quot;,&quot;camera&quot;:&quot;Tiff File&quot;,&quot;caption&quot;:&quot;&quot;,&quot;created_timestamp&quot;:&quot;1398293955&quot;,&quot;copyright&quot;:&quot;&quot;,&quot;focal_length&quot;:&quot;0&quot;,&quot;iso&quot;:&quot;0&quot;,&quot;shutter_speed&quot;:&quot;0&quot;,&quot;title&quot;:&quot;&quot;,&quot;orientation&quot;:&quot;1&quot;}\" data-image-title=\"ALS_116_049_RollsRoyce_20_25_HP_2014_web\" data-image-description=\"&lt;p&gt;Die Troph\u00e4e f\u00fcr das sch\u00f6nste Auto des Concorso d\u2019Eleganza Villa d\u2019Este vor einem Lalique-Windrichtungsgeber aus Kristall auf dem K\u00fchler eines Rolls-Royce 20\/25 H.P. von 1929&lt;\/p&gt;\n\" data-image-caption=\"&lt;p&gt;Die Troph\u00e4e f\u00fcr das sch\u00f6nste Auto des Concorso d\u2019Eleganza Villa d\u2019Este vor einem Lalique-Windrichtungsgeber aus Kristall auf dem K\u00fchler eines Rolls-Royce 20\/25 H.P. von 1929&lt;\/p&gt;\n\" data-medium-file=\"https:\/\/manufaktuhr.info\/wp-content\/uploads\/2016\/04\/ALS_116_049_RollsRoyce_20_25_HP_2014_web-300x240.jpg\" data-large-file=\"https:\/\/manufaktuhr.info\/wp-content\/uploads\/2016\/04\/ALS_116_049_RollsRoyce_20_25_HP_2014_web-1024x819.jpg\" class=\"size-full wp-image-3601\" src=\"https:\/\/manufaktuhr.info\/wp-content\/uploads\/2016\/04\/ALS_116_049_RollsRoyce_20_25_HP_2014_web.jpg\" alt=\"Die Troph\u00e4e f\u00fcr das sch\u00f6nste Auto des Concorso d\u2019Eleganza Villa d\u2019Este vor einem Lalique-Windrichtungsgeber aus Kristall auf dem K\u00fchler eines Rolls-Royce 20\/25 H.P. von 1929\" width=\"1280\" height=\"1024\" srcset=\"https:\/\/manufaktuhr.info\/wp-content\/uploads\/2016\/04\/ALS_116_049_RollsRoyce_20_25_HP_2014_web.jpg 1280w, https:\/\/manufaktuhr.info\/wp-content\/uploads\/2016\/04\/ALS_116_049_RollsRoyce_20_25_HP_2014_web-300x240.jpg 300w, https:\/\/manufaktuhr.info\/wp-content\/uploads\/2016\/04\/ALS_116_049_RollsRoyce_20_25_HP_2014_web-768x614.jpg 768w, https:\/\/manufaktuhr.info\/wp-content\/uploads\/2016\/04\/ALS_116_049_RollsRoyce_20_25_HP_2014_web-1024x819.jpg 1024w\" sizes=\"auto, (max-width: 709px) 85vw, (max-width: 909px) 67vw, (max-width: 1362px) 62vw, 840px\" \/><\/a><figcaption id=\"caption-attachment-3601\" class=\"wp-caption-text\">Die Troph\u00e4e f\u00fcr das sch\u00f6nste Auto des Concorso d\u2019Eleganza Villa d\u2019Este vor einem Lalique-Windrichtungsgeber aus Kristall auf dem K\u00fchler eines Rolls-Royce 20\/25 H.P. von 1929<\/figcaption><\/figure>\n<figure id=\"attachment_3600\" aria-describedby=\"caption-attachment-3600\" style=\"width: 1280px\" class=\"wp-caption aligncenter\"><a href=\"https:\/\/manufaktuhr.info\/wp-content\/uploads\/2016\/04\/ALS_116_049_Rolls-Royce_Silver_Ghost_2013_02_web.jpg\"><img loading=\"lazy\" decoding=\"async\" data-attachment-id=\"3600\" data-permalink=\"https:\/\/manufaktuhr.info\/?attachment_id=3600\" data-orig-file=\"https:\/\/manufaktuhr.info\/wp-content\/uploads\/2016\/04\/ALS_116_049_Rolls-Royce_Silver_Ghost_2013_02_web.jpg\" data-orig-size=\"1280,1024\" data-comments-opened=\"1\" data-image-meta=\"{&quot;aperture&quot;:&quot;18&quot;,&quot;credit&quot;:&quot;&quot;,&quot;camera&quot;:&quot;Canon EOS 5D Mark III&quot;,&quot;caption&quot;:&quot;&quot;,&quot;created_timestamp&quot;:&quot;1369408216&quot;,&quot;copyright&quot;:&quot;&quot;,&quot;focal_length&quot;:&quot;50&quot;,&quot;iso&quot;:&quot;640&quot;,&quot;shutter_speed&quot;:&quot;0.01&quot;,&quot;title&quot;:&quot;&quot;,&quot;orientation&quot;:&quot;1&quot;}\" data-image-title=\"ALS_116_049_Rolls-Royce_Silver_Ghost_2013_02_web\" data-image-description=\"&lt;p&gt;\u201ePerfect Match\u201c: Sondermodell der LANGE 1 ZEITZONE auf der Motorhaube eines Rolls-Royce Silver Ghost Austrian Alpine Trials Car von 1913&lt;\/p&gt;\n\" data-image-caption=\"&lt;p&gt;\u201ePerfect Match\u201c: Sondermodell der LANGE 1 ZEITZONE auf der Motorhaube eines Rolls-Royce Silver Ghost Austrian Alpine Trials Car von 1913&lt;\/p&gt;\n\" data-medium-file=\"https:\/\/manufaktuhr.info\/wp-content\/uploads\/2016\/04\/ALS_116_049_Rolls-Royce_Silver_Ghost_2013_02_web-300x240.jpg\" data-large-file=\"https:\/\/manufaktuhr.info\/wp-content\/uploads\/2016\/04\/ALS_116_049_Rolls-Royce_Silver_Ghost_2013_02_web-1024x819.jpg\" class=\"size-full wp-image-3600\" src=\"https:\/\/manufaktuhr.info\/wp-content\/uploads\/2016\/04\/ALS_116_049_Rolls-Royce_Silver_Ghost_2013_02_web.jpg\" alt=\"\u201ePerfect Match\u201c: Sondermodell der LANGE 1 ZEITZONE auf der Motorhaube eines Rolls-Royce Silver Ghost Austrian Alpine Trials Car von 1913\" width=\"1280\" height=\"1024\" srcset=\"https:\/\/manufaktuhr.info\/wp-content\/uploads\/2016\/04\/ALS_116_049_Rolls-Royce_Silver_Ghost_2013_02_web.jpg 1280w, https:\/\/manufaktuhr.info\/wp-content\/uploads\/2016\/04\/ALS_116_049_Rolls-Royce_Silver_Ghost_2013_02_web-300x240.jpg 300w, https:\/\/manufaktuhr.info\/wp-content\/uploads\/2016\/04\/ALS_116_049_Rolls-Royce_Silver_Ghost_2013_02_web-768x614.jpg 768w, https:\/\/manufaktuhr.info\/wp-content\/uploads\/2016\/04\/ALS_116_049_Rolls-Royce_Silver_Ghost_2013_02_web-1024x819.jpg 1024w\" sizes=\"auto, (max-width: 709px) 85vw, (max-width: 909px) 67vw, (max-width: 1362px) 62vw, 840px\" \/><\/a><figcaption id=\"caption-attachment-3600\" class=\"wp-caption-text\">\u201ePerfect Match\u201c: Sondermodell der LANGE 1 ZEITZONE auf der Motorhaube eines Rolls-Royce Silver Ghost Austrian Alpine Trials Car von 1913<\/figcaption><\/figure>\n<figure id=\"attachment_3599\" aria-describedby=\"caption-attachment-3599\" style=\"width: 1280px\" class=\"wp-caption aligncenter\"><a href=\"https:\/\/manufaktuhr.info\/wp-content\/uploads\/2016\/04\/ALS_116_049_Maserati_450S_Concorso_2014_web.jpg\"><img loading=\"lazy\" decoding=\"async\" data-attachment-id=\"3599\" data-permalink=\"https:\/\/manufaktuhr.info\/?attachment_id=3599\" data-orig-file=\"https:\/\/manufaktuhr.info\/wp-content\/uploads\/2016\/04\/ALS_116_049_Maserati_450S_Concorso_2014_web.jpg\" data-orig-size=\"1280,1024\" data-comments-opened=\"1\" data-image-meta=\"{&quot;aperture&quot;:&quot;8&quot;,&quot;credit&quot;:&quot;&quot;,&quot;camera&quot;:&quot;Canon EOS 5D Mark III&quot;,&quot;caption&quot;:&quot;&quot;,&quot;created_timestamp&quot;:&quot;1400920367&quot;,&quot;copyright&quot;:&quot;&quot;,&quot;focal_length&quot;:&quot;50&quot;,&quot;iso&quot;:&quot;400&quot;,&quot;shutter_speed&quot;:&quot;0.01&quot;,&quot;title&quot;:&quot;&quot;,&quot;orientation&quot;:&quot;1&quot;}\" data-image-title=\"ALS_116_049_Maserati_450S_Concorso_2014_web\" data-image-description=\"&lt;p&gt;Preis f\u00fcr das sch\u00f6nste Automobil und idealer Reisebegleiter: LANGE 1 ZEITZONE \u201eComo Edition\u201c, aufgenommen im Gewinnerauto des Jahres 2014, einem 1956er Maserati 450 S&lt;\/p&gt;\n\" data-image-caption=\"&lt;p&gt;Preis f\u00fcr das sch\u00f6nste Automobil und idealer Reisebegleiter: LANGE 1 ZEITZONE \u201eComo Edition\u201c, aufgenommen im Gewinnerauto des Jahres 2014, einem 1956er Maserati 450 S&lt;\/p&gt;\n\" data-medium-file=\"https:\/\/manufaktuhr.info\/wp-content\/uploads\/2016\/04\/ALS_116_049_Maserati_450S_Concorso_2014_web-300x240.jpg\" data-large-file=\"https:\/\/manufaktuhr.info\/wp-content\/uploads\/2016\/04\/ALS_116_049_Maserati_450S_Concorso_2014_web-1024x819.jpg\" class=\"size-full wp-image-3599\" src=\"https:\/\/manufaktuhr.info\/wp-content\/uploads\/2016\/04\/ALS_116_049_Maserati_450S_Concorso_2014_web.jpg\" alt=\"Preis f\u00fcr das sch\u00f6nste Automobil und idealer Reisebegleiter: LANGE 1 ZEITZONE \u201eComo Edition\u201c, aufgenommen im Gewinnerauto des Jahres 2014, einem 1956er Maserati 450 S\" width=\"1280\" height=\"1024\" srcset=\"https:\/\/manufaktuhr.info\/wp-content\/uploads\/2016\/04\/ALS_116_049_Maserati_450S_Concorso_2014_web.jpg 1280w, https:\/\/manufaktuhr.info\/wp-content\/uploads\/2016\/04\/ALS_116_049_Maserati_450S_Concorso_2014_web-300x240.jpg 300w, https:\/\/manufaktuhr.info\/wp-content\/uploads\/2016\/04\/ALS_116_049_Maserati_450S_Concorso_2014_web-768x614.jpg 768w, https:\/\/manufaktuhr.info\/wp-content\/uploads\/2016\/04\/ALS_116_049_Maserati_450S_Concorso_2014_web-1024x819.jpg 1024w\" sizes=\"auto, (max-width: 709px) 85vw, (max-width: 909px) 67vw, (max-width: 1362px) 62vw, 840px\" \/><\/a><figcaption id=\"caption-attachment-3599\" class=\"wp-caption-text\">Preis f\u00fcr das sch\u00f6nste Automobil und idealer Reisebegleiter: LANGE 1 ZEITZONE \u201eComo Edition\u201c, aufgenommen im Gewinnerauto des Jahres 2014, einem 1956er Maserati 450 S<\/figcaption><\/figure>\n<figure id=\"attachment_3597\" aria-describedby=\"caption-attachment-3597\" style=\"width: 1280px\" class=\"wp-caption aligncenter\"><a href=\"https:\/\/manufaktuhr.info\/wp-content\/uploads\/2016\/04\/ALS_116_049_Concorso_BMW_507_Roadster_01_web-1.jpg\"><img loading=\"lazy\" decoding=\"async\" data-attachment-id=\"3597\" data-permalink=\"https:\/\/manufaktuhr.info\/?attachment_id=3597\" data-orig-file=\"https:\/\/manufaktuhr.info\/wp-content\/uploads\/2016\/04\/ALS_116_049_Concorso_BMW_507_Roadster_01_web-1.jpg\" data-orig-size=\"1280,1024\" data-comments-opened=\"1\" data-image-meta=\"{&quot;aperture&quot;:&quot;0&quot;,&quot;credit&quot;:&quot;&quot;,&quot;camera&quot;:&quot;&quot;,&quot;caption&quot;:&quot;&quot;,&quot;created_timestamp&quot;:&quot;0&quot;,&quot;copyright&quot;:&quot;&quot;,&quot;focal_length&quot;:&quot;0&quot;,&quot;iso&quot;:&quot;0&quot;,&quot;shutter_speed&quot;:&quot;0&quot;,&quot;title&quot;:&quot;&quot;,&quot;orientation&quot;:&quot;0&quot;}\" data-image-title=\"ALS_116_049_Concorso_BMW_507_Roadster_01_web\" data-image-description=\"&lt;p&gt;Das Sondermodell der LANGE 1 ZEITZONE in einem BMW 507 Roadster, von dem zwischen 1956 und 1959 nur 254 Exemplare gebaut wurden.&lt;\/p&gt;\n\" data-image-caption=\"&lt;p&gt;Das Sondermodell der LANGE 1 ZEITZONE in einem BMW 507 Roadster, von dem zwischen 1956 und 1959 nur 254 Exemplare gebaut wurden.&lt;\/p&gt;\n\" data-medium-file=\"https:\/\/manufaktuhr.info\/wp-content\/uploads\/2016\/04\/ALS_116_049_Concorso_BMW_507_Roadster_01_web-1-300x240.jpg\" data-large-file=\"https:\/\/manufaktuhr.info\/wp-content\/uploads\/2016\/04\/ALS_116_049_Concorso_BMW_507_Roadster_01_web-1-1024x819.jpg\" class=\"size-full wp-image-3597\" src=\"https:\/\/manufaktuhr.info\/wp-content\/uploads\/2016\/04\/ALS_116_049_Concorso_BMW_507_Roadster_01_web-1.jpg\" alt=\"Das Sondermodell der LANGE 1 ZEITZONE in einem BMW 507 Roadster, von dem zwischen 1956 und 1959 nur 254 Exemplare gebaut wurden.\" width=\"1280\" height=\"1024\" srcset=\"https:\/\/manufaktuhr.info\/wp-content\/uploads\/2016\/04\/ALS_116_049_Concorso_BMW_507_Roadster_01_web-1.jpg 1280w, https:\/\/manufaktuhr.info\/wp-content\/uploads\/2016\/04\/ALS_116_049_Concorso_BMW_507_Roadster_01_web-1-300x240.jpg 300w, https:\/\/manufaktuhr.info\/wp-content\/uploads\/2016\/04\/ALS_116_049_Concorso_BMW_507_Roadster_01_web-1-768x614.jpg 768w, https:\/\/manufaktuhr.info\/wp-content\/uploads\/2016\/04\/ALS_116_049_Concorso_BMW_507_Roadster_01_web-1-1024x819.jpg 1024w\" sizes=\"auto, (max-width: 709px) 85vw, (max-width: 909px) 67vw, (max-width: 1362px) 62vw, 840px\" \/><\/a><figcaption id=\"caption-attachment-3597\" class=\"wp-caption-text\">Das Sondermodell der LANGE 1 ZEITZONE in einem BMW 507 Roadster, von dem zwischen 1956 und 1959 nur 254 Exemplare gebaut wurden.<\/figcaption><\/figure>\n<figure id=\"attachment_3594\" aria-describedby=\"caption-attachment-3594\" style=\"width: 1024px\" class=\"wp-caption aligncenter\"><a href=\"https:\/\/manufaktuhr.info\/wp-content\/uploads\/2016\/04\/ALS_116_049_CONCORSO_2012_116_049_web.jpg\"><img loading=\"lazy\" decoding=\"async\" data-attachment-id=\"3594\" data-permalink=\"https:\/\/manufaktuhr.info\/?attachment_id=3594\" data-orig-file=\"https:\/\/manufaktuhr.info\/wp-content\/uploads\/2016\/04\/ALS_116_049_CONCORSO_2012_116_049_web.jpg\" data-orig-size=\"1024,768\" data-comments-opened=\"1\" data-image-meta=\"{&quot;aperture&quot;:&quot;0&quot;,&quot;credit&quot;:&quot;&quot;,&quot;camera&quot;:&quot;&quot;,&quot;caption&quot;:&quot;&quot;,&quot;created_timestamp&quot;:&quot;0&quot;,&quot;copyright&quot;:&quot;&quot;,&quot;focal_length&quot;:&quot;0&quot;,&quot;iso&quot;:&quot;0&quot;,&quot;shutter_speed&quot;:&quot;0&quot;,&quot;title&quot;:&quot;&quot;,&quot;orientation&quot;:&quot;0&quot;}\" data-image-title=\"ALS_116_049_CONCORSO_2012_116_049_web\" data-image-description=\"&lt;p&gt;Der \u201eBest of Show\u201c-Sieger des Concorso d\u2019Eleganza Villa d\u2019Este erh\u00e4lt die einzigartige LANGE 1 ZEITZONE \u201eComo Edition\u201c \u2013 hier am Steuer eines BMW 321 aus dem BMW-Museum in M\u00fcnchen.&lt;\/p&gt;\n\" data-image-caption=\"&lt;p&gt;Der \u201eBest of Show\u201c-Sieger des Concorso d\u2019Eleganza Villa d\u2019Este erh\u00e4lt die einzigartige LANGE 1 ZEITZONE \u201eComo Edition\u201c \u2013 hier am Steuer eines BMW 321 aus dem BMW-Museum in M\u00fcnchen.&lt;\/p&gt;\n\" data-medium-file=\"https:\/\/manufaktuhr.info\/wp-content\/uploads\/2016\/04\/ALS_116_049_CONCORSO_2012_116_049_web-300x225.jpg\" data-large-file=\"https:\/\/manufaktuhr.info\/wp-content\/uploads\/2016\/04\/ALS_116_049_CONCORSO_2012_116_049_web-1024x768.jpg\" class=\"size-full wp-image-3594\" src=\"https:\/\/manufaktuhr.info\/wp-content\/uploads\/2016\/04\/ALS_116_049_CONCORSO_2012_116_049_web.jpg\" alt=\"Der \u201eBest of Show\u201c-Sieger des Concorso d\u2019Eleganza Villa d\u2019Este erh\u00e4lt die einzigartige LANGE 1 ZEITZONE \u201eComo Edition\u201c \u2013 hier am Steuer eines BMW 321 aus dem BMW-Museum in M\u00fcnchen.\" width=\"1024\" height=\"768\" srcset=\"https:\/\/manufaktuhr.info\/wp-content\/uploads\/2016\/04\/ALS_116_049_CONCORSO_2012_116_049_web.jpg 1024w, https:\/\/manufaktuhr.info\/wp-content\/uploads\/2016\/04\/ALS_116_049_CONCORSO_2012_116_049_web-300x225.jpg 300w, https:\/\/manufaktuhr.info\/wp-content\/uploads\/2016\/04\/ALS_116_049_CONCORSO_2012_116_049_web-768x576.jpg 768w\" sizes=\"auto, (max-width: 709px) 85vw, (max-width: 909px) 67vw, (max-width: 1362px) 62vw, 840px\" \/><\/a><figcaption id=\"caption-attachment-3594\" class=\"wp-caption-text\">Der \u201eBest of Show\u201c-Sieger des Concorso d\u2019Eleganza Villa d\u2019Este erh\u00e4lt die einzigartige LANGE 1 ZEITZONE \u201eComo Edition\u201c \u2013 hier am Steuer eines BMW 321 aus dem BMW-Museum in M\u00fcnchen.<\/figcaption><\/figure>\n<figure id=\"attachment_3593\" aria-describedby=\"caption-attachment-3593\" style=\"width: 1280px\" class=\"wp-caption aligncenter\"><a href=\"https:\/\/manufaktuhr.info\/wp-content\/uploads\/2016\/04\/ALS_116_049_BMW_i8_2013_01_web.jpg\"><img loading=\"lazy\" decoding=\"async\" data-attachment-id=\"3593\" data-permalink=\"https:\/\/manufaktuhr.info\/?attachment_id=3593\" data-orig-file=\"https:\/\/manufaktuhr.info\/wp-content\/uploads\/2016\/04\/ALS_116_049_BMW_i8_2013_01_web.jpg\" data-orig-size=\"1280,1024\" data-comments-opened=\"1\" data-image-meta=\"{&quot;aperture&quot;:&quot;0&quot;,&quot;credit&quot;:&quot;&quot;,&quot;camera&quot;:&quot;&quot;,&quot;caption&quot;:&quot;&quot;,&quot;created_timestamp&quot;:&quot;0&quot;,&quot;copyright&quot;:&quot;&quot;,&quot;focal_length&quot;:&quot;0&quot;,&quot;iso&quot;:&quot;0&quot;,&quot;shutter_speed&quot;:&quot;0&quot;,&quot;title&quot;:&quot;&quot;,&quot;orientation&quot;:&quot;1&quot;}\" data-image-title=\"ALS_116_049_BMW_i8_2013_01_web\" data-image-description=\"&lt;p&gt;Technologie-Gipfel: Concorso-Sondermodell der LANGE\u00a01 ZEITZONE im Cockpit einer BMW i8 Konzeptstudie&lt;\/p&gt;\n\" data-image-caption=\"&lt;p&gt;Technologie-Gipfel: Concorso-Sondermodell der LANGE\u00a01 ZEITZONE im Cockpit einer BMW i8 Konzeptstudie&lt;\/p&gt;\n\" data-medium-file=\"https:\/\/manufaktuhr.info\/wp-content\/uploads\/2016\/04\/ALS_116_049_BMW_i8_2013_01_web-300x240.jpg\" data-large-file=\"https:\/\/manufaktuhr.info\/wp-content\/uploads\/2016\/04\/ALS_116_049_BMW_i8_2013_01_web-1024x819.jpg\" class=\"size-full wp-image-3593\" src=\"https:\/\/manufaktuhr.info\/wp-content\/uploads\/2016\/04\/ALS_116_049_BMW_i8_2013_01_web.jpg\" alt=\"Technologie-Gipfel: Concorso-Sondermodell der LANGE\u00a01 ZEITZONE im Cockpit einer BMW i8 Konzeptstudie\" width=\"1280\" height=\"1024\" srcset=\"https:\/\/manufaktuhr.info\/wp-content\/uploads\/2016\/04\/ALS_116_049_BMW_i8_2013_01_web.jpg 1280w, https:\/\/manufaktuhr.info\/wp-content\/uploads\/2016\/04\/ALS_116_049_BMW_i8_2013_01_web-300x240.jpg 300w, https:\/\/manufaktuhr.info\/wp-content\/uploads\/2016\/04\/ALS_116_049_BMW_i8_2013_01_web-768x614.jpg 768w, https:\/\/manufaktuhr.info\/wp-content\/uploads\/2016\/04\/ALS_116_049_BMW_i8_2013_01_web-1024x819.jpg 1024w\" sizes=\"auto, (max-width: 709px) 85vw, (max-width: 909px) 67vw, (max-width: 1362px) 62vw, 840px\" \/><\/a><figcaption id=\"caption-attachment-3593\" class=\"wp-caption-text\">Technologie-Gipfel: Concorso-Sondermodell der LANGE\u00a01 ZEITZONE im Cockpit einer BMW i8 Konzeptstudie<\/figcaption><\/figure>\n<figure id=\"attachment_3592\" aria-describedby=\"caption-attachment-3592\" style=\"width: 1280px\" class=\"wp-caption aligncenter\"><a href=\"https:\/\/manufaktuhr.info\/wp-content\/uploads\/2016\/04\/ALS_116_049_BMW_Art_Car02_03_web.jpg\"><img loading=\"lazy\" decoding=\"async\" data-attachment-id=\"3592\" data-permalink=\"https:\/\/manufaktuhr.info\/?attachment_id=3592\" data-orig-file=\"https:\/\/manufaktuhr.info\/wp-content\/uploads\/2016\/04\/ALS_116_049_BMW_Art_Car02_03_web.jpg\" data-orig-size=\"1280,1024\" data-comments-opened=\"1\" data-image-meta=\"{&quot;aperture&quot;:&quot;0&quot;,&quot;credit&quot;:&quot;Bert Buijsrogge Photography&quot;,&quot;camera&quot;:&quot;&quot;,&quot;caption&quot;:&quot;&quot;,&quot;created_timestamp&quot;:&quot;0&quot;,&quot;copyright&quot;:&quot;\\u00a9 Bert Buijsrogge | All rights reserved&quot;,&quot;focal_length&quot;:&quot;0&quot;,&quot;iso&quot;:&quot;0&quot;,&quot;shutter_speed&quot;:&quot;0&quot;,&quot;title&quot;:&quot;&quot;,&quot;orientation&quot;:&quot;1&quot;}\" data-image-title=\"ALS_116_049_BMW_Art_Car02_03_web\" data-image-description=\"&lt;p&gt;Tickendes auf rollendem Kunstwerk: LANGE 1 ZEITZONE \u201eComo Edition\u201c auf Frank Stellas Art Car des Jahres 1976, einem BMW 3.0 CSL&lt;\/p&gt;\n\" data-image-caption=\"&lt;p&gt;Tickendes auf rollendem Kunstwerk: LANGE 1 ZEITZONE \u201eComo Edition\u201c auf Frank Stellas Art Car des Jahres 1976, einem BMW 3.0 CSL&lt;\/p&gt;\n\" data-medium-file=\"https:\/\/manufaktuhr.info\/wp-content\/uploads\/2016\/04\/ALS_116_049_BMW_Art_Car02_03_web-300x240.jpg\" data-large-file=\"https:\/\/manufaktuhr.info\/wp-content\/uploads\/2016\/04\/ALS_116_049_BMW_Art_Car02_03_web-1024x819.jpg\" class=\"size-full wp-image-3592\" src=\"https:\/\/manufaktuhr.info\/wp-content\/uploads\/2016\/04\/ALS_116_049_BMW_Art_Car02_03_web.jpg\" alt=\"Tickendes auf rollendem Kunstwerk: LANGE 1 ZEITZONE \u201eComo Edition\u201c auf Frank Stellas Art Car des Jahres 1976, einem BMW 3.0 CSL\" width=\"1280\" height=\"1024\" srcset=\"https:\/\/manufaktuhr.info\/wp-content\/uploads\/2016\/04\/ALS_116_049_BMW_Art_Car02_03_web.jpg 1280w, https:\/\/manufaktuhr.info\/wp-content\/uploads\/2016\/04\/ALS_116_049_BMW_Art_Car02_03_web-300x240.jpg 300w, https:\/\/manufaktuhr.info\/wp-content\/uploads\/2016\/04\/ALS_116_049_BMW_Art_Car02_03_web-768x614.jpg 768w, https:\/\/manufaktuhr.info\/wp-content\/uploads\/2016\/04\/ALS_116_049_BMW_Art_Car02_03_web-1024x819.jpg 1024w\" sizes=\"auto, (max-width: 709px) 85vw, (max-width: 909px) 67vw, (max-width: 1362px) 62vw, 840px\" \/><\/a><figcaption id=\"caption-attachment-3592\" class=\"wp-caption-text\">Tickendes auf rollendem Kunstwerk: LANGE 1 ZEITZONE \u201eComo Edition\u201c auf Frank Stellas Art Car des Jahres 1976, einem BMW 3.0 CSL<\/figcaption><\/figure>\n<figure id=\"attachment_3589\" aria-describedby=\"caption-attachment-3589\" style=\"width: 1280px\" class=\"wp-caption aligncenter\"><a href=\"https:\/\/manufaktuhr.info\/wp-content\/uploads\/2016\/04\/ALS_116_039_Concorso_2015_01_web.jpg\"><img loading=\"lazy\" decoding=\"async\" data-attachment-id=\"3589\" data-permalink=\"https:\/\/manufaktuhr.info\/?attachment_id=3589\" data-orig-file=\"https:\/\/manufaktuhr.info\/wp-content\/uploads\/2016\/04\/ALS_116_039_Concorso_2015_01_web.jpg\" data-orig-size=\"1280,1024\" data-comments-opened=\"1\" data-image-meta=\"{&quot;aperture&quot;:&quot;11&quot;,&quot;credit&quot;:&quot;Ben Gierig - Fotografie&quot;,&quot;camera&quot;:&quot;Canon EOS 5D Mark III&quot;,&quot;caption&quot;:&quot;Concorso d\\u2019Eleganza Villa d\\u2019Este 2015 - A.Lange \\u0026amp; S\\u00f6hne - Ben Gierig - Fotografie www.Ben-Gierig.de&quot;,&quot;created_timestamp&quot;:&quot;1432382187&quot;,&quot;copyright&quot;:&quot;Ben Gierig - Fotografie&quot;,&quot;focal_length&quot;:&quot;100&quot;,&quot;iso&quot;:&quot;1000&quot;,&quot;shutter_speed&quot;:&quot;0.008&quot;,&quot;title&quot;:&quot;Concorso d\\u2019Eleganza Villa d\\u2019Este 2015&quot;,&quot;orientation&quot;:&quot;1&quot;}\" data-image-title=\"Concorso d\u2019Eleganza Villa d\u2019Este 2015\" data-image-description=\"\" data-image-caption=\"&lt;p&gt;Concorso d\u2019Eleganza Villa d\u2019Este 2015 &amp;#8211; A.Lange &amp;amp; S\u00f6hne &amp;#8211; Ben Gierig &amp;#8211; Fotografie www.Ben-Gierig.de&lt;\/p&gt;\n\" data-medium-file=\"https:\/\/manufaktuhr.info\/wp-content\/uploads\/2016\/04\/ALS_116_039_Concorso_2015_01_web-300x240.jpg\" data-large-file=\"https:\/\/manufaktuhr.info\/wp-content\/uploads\/2016\/04\/ALS_116_039_Concorso_2015_01_web-1024x819.jpg\" class=\"size-full wp-image-3589\" src=\"https:\/\/manufaktuhr.info\/wp-content\/uploads\/2016\/04\/ALS_116_039_Concorso_2015_01_web.jpg\" alt=\"Concorso d\u2019Eleganza Villa d\u2019Este 2015 - A.Lange &amp; S\u00f6hne - Ben Gierig - Fotografie www.Ben-Gierig.de\" width=\"1280\" height=\"1024\" srcset=\"https:\/\/manufaktuhr.info\/wp-content\/uploads\/2016\/04\/ALS_116_039_Concorso_2015_01_web.jpg 1280w, https:\/\/manufaktuhr.info\/wp-content\/uploads\/2016\/04\/ALS_116_039_Concorso_2015_01_web-300x240.jpg 300w, https:\/\/manufaktuhr.info\/wp-content\/uploads\/2016\/04\/ALS_116_039_Concorso_2015_01_web-768x614.jpg 768w, https:\/\/manufaktuhr.info\/wp-content\/uploads\/2016\/04\/ALS_116_039_Concorso_2015_01_web-1024x819.jpg 1024w\" sizes=\"auto, (max-width: 709px) 85vw, (max-width: 909px) 67vw, (max-width: 1362px) 62vw, 840px\" \/><\/a><figcaption id=\"caption-attachment-3589\" class=\"wp-caption-text\">Concorso d\u2019Eleganza Villa d\u2019Este 2015 &#8211; A.Lange &amp; S\u00f6hne &#8211; Ben Gierig &#8211; Fotografie www.Ben-Gierig.de<\/figcaption><\/figure>\n","protected":false},"excerpt":{"rendered":"<p>Bereits zum f\u00fcnften Mal begleitet A. Lange &amp; S\u00f6hne das Schaulaufen der automobilen Kunstwerke am Comer See. Der prestigetr\u00e4chtige Wettbewerb f\u00fcr klassische Automobile und wegweisende Konzeptstudien steht in diesem Jahr unter dem Motto \u201eBack to the future \u2013 the journey continues\u201c. Der Sieger in der Kategorie \u201eBest of Show\u201c erh\u00e4lt eine einzigartige Lange 1 Zeitzone &hellip; <a href=\"https:\/\/manufaktuhr.info\/?p=3603\" class=\"more-link\"><span class=\"screen-reader-text\">\u201eA. Lange &#038; S\u00f6hne beim Concorso d\u2019Eleganza 2016\u201c <\/span>weiterlesen<\/a><\/p>\n","protected":false},"author":1,"featured_media":0,"comment_status":"open","ping_status":"open","sticky":false,"template":"","format":"standard","meta":{"jetpack_post_was_ever_published":false,"_jetpack_newsletter_access":"","_jetpack_dont_email_post_to_subs":false,"_jetpack_newsletter_tier_id":0,"_jetpack_memberships_contains_paywalled_content":false,"_jetpack_memberships_contains_paid_content":false,"footnotes":"","jetpack_publicize_message":"","jetpack_publicize_feature_enabled":true,"jetpack_social_post_already_shared":true,"jetpack_social_options":{"image_generator_settings":{"template":"highway","default_image_id":0,"font":"","enabled":false},"version":2}},"categories":[3],"tags":[],"class_list":["post-3603","post","type-post","status-publish","format-standard","hentry","category-a-lange-sohne"],"jetpack_publicize_connections":[],"jetpack_featured_media_url":"","jetpack_shortlink":"https:\/\/wp.me\/p7fs8R-W7","jetpack-related-posts":[],"jetpack_sharing_enabled":true,"_links":{"self":[{"href":"https:\/\/manufaktuhr.info\/index.php?rest_route=\/wp\/v2\/posts\/3603","targetHints":{"allow":["GET"]}}],"collection":[{"href":"https:\/\/manufaktuhr.info\/index.php?rest_route=\/wp\/v2\/posts"}],"about":[{"href":"https:\/\/manufaktuhr.info\/index.php?rest_route=\/wp\/v2\/types\/post"}],"author":[{"embeddable":true,"href":"https:\/\/manufaktuhr.info\/index.php?rest_route=\/wp\/v2\/users\/1"}],"replies":[{"embeddable":true,"href":"https:\/\/manufaktuhr.info\/index.php?rest_route=%2Fwp%2Fv2%2Fcomments&post=3603"}],"version-history":[{"count":1,"href":"https:\/\/manufaktuhr.info\/index.php?rest_route=\/wp\/v2\/posts\/3603\/revisions"}],"predecessor-version":[{"id":3604,"href":"https:\/\/manufaktuhr.info\/index.php?rest_route=\/wp\/v2\/posts\/3603\/revisions\/3604"}],"wp:attachment":[{"href":"https:\/\/manufaktuhr.info\/index.php?rest_route=%2Fwp%2Fv2%2Fmedia&parent=3603"}],"wp:term":[{"taxonomy":"category","embeddable":true,"href":"https:\/\/manufaktuhr.info\/index.php?rest_route=%2Fwp%2Fv2%2Fcategories&post=3603"},{"taxonomy":"post_tag","embeddable":true,"href":"https:\/\/manufaktuhr.info\/index.php?rest_route=%2Fwp%2Fv2%2Ftags&post=3603"}],"curies":[{"name":"wp","href":"https:\/\/api.w.org\/{rel}","templated":true}]}}