{"id":3657,"date":"2016-05-29T13:39:06","date_gmt":"2016-05-29T11:39:06","guid":{"rendered":"http:\/\/manufaktuhr.info\/?p=3657"},"modified":"2016-05-29T13:39:06","modified_gmt":"2016-05-29T11:39:06","slug":"sinn-spezialuhren-feiert-richtfest-des-neuen-hauptsitzes","status":"publish","type":"post","link":"https:\/\/manufaktuhr.info\/?p=3657","title":{"rendered":"Sinn Spezialuhren feiert Richtfest des neuen Hauptsitzes"},"content":{"rendered":"<p>Die Grundsteinlegung erfolgte im Juli 2015, nun wird ein weiteres wichtiges Kapitel in der Unternehmensgeschichte geschrieben. Am 25. Mai feiert Sinn Spezialuhren das Richtfest des neuen Hauptsitzes in der Wilhelm-Fay-Stra\u00dfe 21 in Frankfurt-Sossenheim. Der Bezug der R\u00e4umlichkeiten f\u00fcr rund 100 Mitarbeiter ist f\u00fcr Anfang 2017 geplant.<\/p>\n<figure id=\"attachment_3658\" aria-describedby=\"caption-attachment-3658\" style=\"width: 1200px\" class=\"wp-caption aligncenter\"><a href=\"https:\/\/manufaktuhr.info\/wp-content\/uploads\/2016\/05\/Sinn_Richtfest_0919_EBV.jpg\"><img loading=\"lazy\" decoding=\"async\" data-attachment-id=\"3658\" data-permalink=\"https:\/\/manufaktuhr.info\/?attachment_id=3658\" data-orig-file=\"https:\/\/manufaktuhr.info\/wp-content\/uploads\/2016\/05\/Sinn_Richtfest_0919_EBV.jpg\" data-orig-size=\"1200,800\" data-comments-opened=\"1\" data-image-meta=\"{&quot;aperture&quot;:&quot;0&quot;,&quot;credit&quot;:&quot;&quot;,&quot;camera&quot;:&quot;&quot;,&quot;caption&quot;:&quot;&quot;,&quot;created_timestamp&quot;:&quot;0&quot;,&quot;copyright&quot;:&quot;&quot;,&quot;focal_length&quot;:&quot;0&quot;,&quot;iso&quot;:&quot;0&quot;,&quot;shutter_speed&quot;:&quot;0&quot;,&quot;title&quot;:&quot;&quot;,&quot;orientation&quot;:&quot;0&quot;}\" data-image-title=\"Sinn_Richtfest_0919_EBV\" data-image-description=\"\" data-image-caption=\"&lt;p&gt;vlnr: Markus Frank (Stadtrat), Dipl.-Ing. Lothar Schmidt (Gesch\u00e4ftsf\u00fchrer &amp;#038; Inhaber von Sinn Spezialuhren), Zimmermann (itasi AG), Dipl.-Ing. Dipl.-Wirtschaftsing. Petra M\u00f6ller (Prokuristin bei Sinn Spezialuhren), Frank Wingerter (Gesch\u00e4ftsleitung itasi AG)&lt;\/p&gt;\n\" data-medium-file=\"https:\/\/manufaktuhr.info\/wp-content\/uploads\/2016\/05\/Sinn_Richtfest_0919_EBV-300x200.jpg\" data-large-file=\"https:\/\/manufaktuhr.info\/wp-content\/uploads\/2016\/05\/Sinn_Richtfest_0919_EBV-1024x683.jpg\" class=\"size-full wp-image-3658\" src=\"https:\/\/manufaktuhr.info\/wp-content\/uploads\/2016\/05\/Sinn_Richtfest_0919_EBV.jpg\" alt=\"vlnr: Markus Frank (Stadtrat), Dipl.-Ing. Lothar Schmidt (Gesch\u00e4ftsf\u00fchrer &amp; Inhaber von Sinn Spezialuhren), Zimmermann (itasi AG), Dipl.-Ing. Dipl.-Wirtschaftsing. Petra M\u00f6ller (Prokuristin bei Sinn Spezialuhren), Frank Wingerter (Gesch\u00e4ftsleitung itasi AG)\" width=\"1200\" height=\"800\" srcset=\"https:\/\/manufaktuhr.info\/wp-content\/uploads\/2016\/05\/Sinn_Richtfest_0919_EBV.jpg 1200w, https:\/\/manufaktuhr.info\/wp-content\/uploads\/2016\/05\/Sinn_Richtfest_0919_EBV-300x200.jpg 300w, https:\/\/manufaktuhr.info\/wp-content\/uploads\/2016\/05\/Sinn_Richtfest_0919_EBV-768x512.jpg 768w, https:\/\/manufaktuhr.info\/wp-content\/uploads\/2016\/05\/Sinn_Richtfest_0919_EBV-1024x683.jpg 1024w\" sizes=\"auto, (max-width: 709px) 85vw, (max-width: 909px) 67vw, (max-width: 1362px) 62vw, 840px\" \/><\/a><figcaption id=\"caption-attachment-3658\" class=\"wp-caption-text\">vlnr: Markus Frank (Stadtrat), Dipl.-Ing. Lothar Schmidt (Gesch\u00e4ftsf\u00fchrer &amp; Inhaber von Sinn Spezialuhren), Zimmermann (itasi AG), Dipl.-Ing. Dipl.-Wirtschaftsing. Petra M\u00f6ller (Prokuristin bei Sinn Spezialuhren), Frank Wingerter (Gesch\u00e4ftsleitung itasi AG)<\/figcaption><\/figure>\n<p>Der feierliche Akt des Richtfestes beginnt mit einem Gru\u00dfwort von Markus Frank, Stadtrat und Dezernent f\u00fcr Wirtschaft, Sport, Sicherheit und Feuerwehr. Weitere Redner sind Lothar Schmidt, Inhaber von Sinn Spezialuhren und Frank Wingerter, Vorstandsvorsitzender der Itasi-Aktiengesellschaft und Bautr\u00e4ger. Nach alter Tradition wird der Polier einen Zimmermannspruch sprechen und sein Glas vom Vordach werfen, um dem neuen Haus Gl\u00fcck und Segen zu w\u00fcnschen. Der offizielle Teil des Richtfestes wird mit einem Richtschmaus beendet, bei dem alle G\u00e4ste auf das Wohl der zweiten Bauphase ansto\u00dfen.<\/p>\n<p>Die Immobilie mit einer Grundst\u00fccksgr\u00f6\u00dfe von ca. 7.000 qm tr\u00e4gt der Prosperit\u00e4t des Unternehmens in den letzten Jahren Rechnung. So kann Sinn Spezialuhren auf ein positives und stabiles Wachstum verweisen. Diese Entwicklung m\u00f6chte der Uhrenhersteller mit dem Umzug fortschreiben und das Unternehmen auf eine zukunftsf\u00e4hige Basis stellen. Auch am neuen Standort werden in Zukunft die hochwertigen Zeitmesser produziert, im eigenen Verkaufsraum im Direktvertrieb angeboten und die Kundendienstaufgaben \u00fcbernommen.<\/p>\n<p>Zudem erm\u00f6glicht eine vergr\u00f6\u00dferte Nutzfl\u00e4che von derzeit 1.950 qm auf zuk\u00fcnftig 4.650 qm die Erweiterung von Montage- und Produktionsfl\u00e4chen und damit perspektivisch eine erh\u00f6hte Fertigungstiefe. Gr\u00f6\u00dfere Ausstellungsr\u00e4ume f\u00fcr den Direktvertrieb der Uhren und die Fortf\u00fchrung der pers\u00f6nlichen Kundenbetreuung erm\u00f6glichen die neuen R\u00e4umlichkeiten ebenfalls.<\/p>\n<p><a href=\"https:\/\/manufaktuhr.info\/wp-content\/uploads\/2016\/05\/Sinn_Luftaufnahemen_Richtfest_0017.jpg\"><img loading=\"lazy\" decoding=\"async\" data-attachment-id=\"3659\" data-permalink=\"https:\/\/manufaktuhr.info\/?attachment_id=3659\" data-orig-file=\"https:\/\/manufaktuhr.info\/wp-content\/uploads\/2016\/05\/Sinn_Luftaufnahemen_Richtfest_0017.jpg\" data-orig-size=\"1200,858\" data-comments-opened=\"1\" data-image-meta=\"{&quot;aperture&quot;:&quot;0&quot;,&quot;credit&quot;:&quot;&quot;,&quot;camera&quot;:&quot;&quot;,&quot;caption&quot;:&quot;&quot;,&quot;created_timestamp&quot;:&quot;0&quot;,&quot;copyright&quot;:&quot;&quot;,&quot;focal_length&quot;:&quot;0&quot;,&quot;iso&quot;:&quot;0&quot;,&quot;shutter_speed&quot;:&quot;0&quot;,&quot;title&quot;:&quot;&quot;,&quot;orientation&quot;:&quot;0&quot;}\" data-image-title=\"Sinn_Luftaufnahemen_Richtfest_0017\" data-image-description=\"\" data-image-caption=\"\" data-medium-file=\"https:\/\/manufaktuhr.info\/wp-content\/uploads\/2016\/05\/Sinn_Luftaufnahemen_Richtfest_0017-300x215.jpg\" data-large-file=\"https:\/\/manufaktuhr.info\/wp-content\/uploads\/2016\/05\/Sinn_Luftaufnahemen_Richtfest_0017-1024x732.jpg\" class=\"aligncenter size-full wp-image-3659\" src=\"https:\/\/manufaktuhr.info\/wp-content\/uploads\/2016\/05\/Sinn_Luftaufnahemen_Richtfest_0017.jpg\" alt=\"Sinn_Luftaufnahemen_Richtfest_0017\" width=\"1200\" height=\"858\" srcset=\"https:\/\/manufaktuhr.info\/wp-content\/uploads\/2016\/05\/Sinn_Luftaufnahemen_Richtfest_0017.jpg 1200w, https:\/\/manufaktuhr.info\/wp-content\/uploads\/2016\/05\/Sinn_Luftaufnahemen_Richtfest_0017-300x215.jpg 300w, https:\/\/manufaktuhr.info\/wp-content\/uploads\/2016\/05\/Sinn_Luftaufnahemen_Richtfest_0017-768x549.jpg 768w, https:\/\/manufaktuhr.info\/wp-content\/uploads\/2016\/05\/Sinn_Luftaufnahemen_Richtfest_0017-1024x732.jpg 1024w\" sizes=\"auto, (max-width: 709px) 85vw, (max-width: 909px) 67vw, (max-width: 1362px) 62vw, 840px\" \/><\/a>Im Zentrum des zweieinhalbgeschossigen Geb\u00e4udes mit Staffelgeschoss und Dachterrasse befindet sich ein Atrium mit Glas\u00fcberdachung. Das Geb\u00e4ude selbst erf\u00fcllt die strengen Auflagen der Energieeinsparverordnung (EnEV2014). F\u00fcr Kunden und Mitarbeiter stehen insgesamt 75 Parkpl\u00e4tze zur Verf\u00fcgung, wobei der neue Hauptsitz sehr verkehrsg\u00fcnstig gelegen ist, sowohl f\u00fcr Autofahrer als auch f\u00fcr Nutzer des \u00f6ffentlichen Personennahverkehrs.<\/p>\n<p>Im Zuge des Umzugs wird der bisherige Hauptsitz in Frankfurt-R\u00f6delheim aufgegeben. Dennoch bleiben den Kunden in Zukunft zwei unternehmenseigene Anlaufstellen in Frankfurt am Main mit Direktvertrieb und Kundendienst erhalten. Denn seit Mai 2015 ist Sinn Spezialuhren mit einer eigenen Niederlassung auf dem R\u00f6merberg vertreten. Nat\u00fcrlich k\u00f6nnen die Kunden ihre SINN-Uhr auch in einem der deutschlandweiten Depots erwerben. Hierbei handelt es sich um ausgew\u00e4hlte Juweliere und Uhrenfachgesch\u00e4fte.<\/p>\n","protected":false},"excerpt":{"rendered":"<p>Die Grundsteinlegung erfolgte im Juli 2015, nun wird ein weiteres wichtiges Kapitel in der Unternehmensgeschichte geschrieben. Am 25. Mai feiert Sinn Spezialuhren das Richtfest des neuen Hauptsitzes in der Wilhelm-Fay-Stra\u00dfe 21 in Frankfurt-Sossenheim. Der Bezug der R\u00e4umlichkeiten f\u00fcr rund 100 Mitarbeiter ist f\u00fcr Anfang 2017 geplant. Der feierliche Akt des Richtfestes beginnt mit einem Gru\u00dfwort &hellip; <a href=\"https:\/\/manufaktuhr.info\/?p=3657\" class=\"more-link\"><span class=\"screen-reader-text\">\u201eSinn Spezialuhren feiert Richtfest des neuen Hauptsitzes\u201c <\/span>weiterlesen<\/a><\/p>\n","protected":false},"author":1,"featured_media":0,"comment_status":"open","ping_status":"open","sticky":false,"template":"","format":"standard","meta":{"jetpack_post_was_ever_published":false,"_jetpack_newsletter_access":"","_jetpack_dont_email_post_to_subs":false,"_jetpack_newsletter_tier_id":0,"_jetpack_memberships_contains_paywalled_content":false,"_jetpack_memberships_contains_paid_content":false,"footnotes":"","jetpack_publicize_message":"","jetpack_publicize_feature_enabled":true,"jetpack_social_post_already_shared":true,"jetpack_social_options":{"image_generator_settings":{"template":"highway","default_image_id":0,"font":"","enabled":false},"version":2}},"categories":[28],"tags":[],"class_list":["post-3657","post","type-post","status-publish","format-standard","hentry","category-sinn-spezialuhren"],"jetpack_publicize_connections":[],"jetpack_featured_media_url":"","jetpack_shortlink":"https:\/\/wp.me\/p7fs8R-WZ","jetpack-related-posts":[],"jetpack_sharing_enabled":true,"_links":{"self":[{"href":"https:\/\/manufaktuhr.info\/index.php?rest_route=\/wp\/v2\/posts\/3657","targetHints":{"allow":["GET"]}}],"collection":[{"href":"https:\/\/manufaktuhr.info\/index.php?rest_route=\/wp\/v2\/posts"}],"about":[{"href":"https:\/\/manufaktuhr.info\/index.php?rest_route=\/wp\/v2\/types\/post"}],"author":[{"embeddable":true,"href":"https:\/\/manufaktuhr.info\/index.php?rest_route=\/wp\/v2\/users\/1"}],"replies":[{"embeddable":true,"href":"https:\/\/manufaktuhr.info\/index.php?rest_route=%2Fwp%2Fv2%2Fcomments&post=3657"}],"version-history":[{"count":1,"href":"https:\/\/manufaktuhr.info\/index.php?rest_route=\/wp\/v2\/posts\/3657\/revisions"}],"predecessor-version":[{"id":3660,"href":"https:\/\/manufaktuhr.info\/index.php?rest_route=\/wp\/v2\/posts\/3657\/revisions\/3660"}],"wp:attachment":[{"href":"https:\/\/manufaktuhr.info\/index.php?rest_route=%2Fwp%2Fv2%2Fmedia&parent=3657"}],"wp:term":[{"taxonomy":"category","embeddable":true,"href":"https:\/\/manufaktuhr.info\/index.php?rest_route=%2Fwp%2Fv2%2Fcategories&post=3657"},{"taxonomy":"post_tag","embeddable":true,"href":"https:\/\/manufaktuhr.info\/index.php?rest_route=%2Fwp%2Fv2%2Ftags&post=3657"}],"curies":[{"name":"wp","href":"https:\/\/api.w.org\/{rel}","templated":true}]}}