{"id":3756,"date":"2016-06-30T11:20:18","date_gmt":"2016-06-30T09:20:18","guid":{"rendered":"http:\/\/manufaktuhr.info\/?p=3756"},"modified":"2016-06-30T11:31:34","modified_gmt":"2016-06-30T09:31:34","slug":"tutima-heissluftballon-auf-jungfernfahrt-premiere-mit-prominenter-patin","status":"publish","type":"post","link":"https:\/\/manufaktuhr.info\/?p=3756","title":{"rendered":"Tutima Hei\u00dfluftballon auf Jungfernfahrt &#8211; Premiere mit prominenter Patin"},"content":{"rendered":"<p><strong>Seit 1927 setzt Tutima Zeichen der Uhrmacherkunst \u2013 jetzt auch weithin sichtbar am Himmel!<\/strong><\/p>\n<p>Im Rahmen der \u201eBalloon Sail\u201c auf der Kieler Woche wurde ein fabrikneuer Hei\u00dfluftballon von Tutima Glash\u00fctte am 21. Juni auf dem Nordmarksportfeld feierlich getauft und dem Deut\u00adschen Aero Club \u00fcber\u00adgeben. Prominente Patin: die Olympia\u00adsie\u00adge\u00adrin sowie Welt- und Europameisterin und mehrfa\u00adche Deutsche Meisterin im Hochsprung Heike Henkel \u2013 eine ge\u00adb\u00fcrtige Kielerin, die im wahrsten Sinne von einem Rekord zum n\u00e4chsten sprang, im\u00admer boden\u00adst\u00e4ndig blieb und sich so die Sympathien der Deut\u00adschen si\u00adcherte. \u201eMit ihrer Histo\u00adrie aus Dis\u00adziplin und konti\u00adnu\u00adierlicher H\u00f6chstleistung auf Welt\u00adniveau ver\u00adk\u00f6rpert Heike Henkel perfekt die Werte unserer Marke\u201c, so Tutima Marketingleiterin Ute Delecate.<\/p>\n<p><a href=\"https:\/\/manufaktuhr.info\/wp-content\/uploads\/2016\/06\/Ballontaufe_2.jpg\"><img loading=\"lazy\" decoding=\"async\" data-attachment-id=\"3755\" data-permalink=\"https:\/\/manufaktuhr.info\/?attachment_id=3755\" data-orig-file=\"https:\/\/manufaktuhr.info\/wp-content\/uploads\/2016\/06\/Ballontaufe_2.jpg\" data-orig-size=\"5459,8191\" data-comments-opened=\"1\" data-image-meta=\"{&quot;aperture&quot;:&quot;11&quot;,&quot;credit&quot;:&quot;&quot;,&quot;camera&quot;:&quot;Canon EOS-1Ds Mark III&quot;,&quot;caption&quot;:&quot;&quot;,&quot;created_timestamp&quot;:&quot;1466517990&quot;,&quot;copyright&quot;:&quot;&quot;,&quot;focal_length&quot;:&quot;17&quot;,&quot;iso&quot;:&quot;200&quot;,&quot;shutter_speed&quot;:&quot;0.004&quot;,&quot;title&quot;:&quot;&quot;,&quot;orientation&quot;:&quot;1&quot;}\" data-image-title=\"Ballontaufe_2\" data-image-description=\"\" data-image-caption=\"\" data-medium-file=\"https:\/\/manufaktuhr.info\/wp-content\/uploads\/2016\/06\/Ballontaufe_2.jpg\" data-large-file=\"https:\/\/manufaktuhr.info\/wp-content\/uploads\/2016\/06\/Ballontaufe_2.jpg\" class=\"aligncenter size-full wp-image-3755\" src=\"https:\/\/manufaktuhr.info\/wp-content\/uploads\/2016\/06\/Ballontaufe_2.jpg\" alt=\"Ballontaufe_2\" width=\"5459\" height=\"8191\" \/><\/a>Mit der Ballon\u00fcbergabe best\u00e4tigt der Hersteller sportlicher Pr\u00e4zisionszeitmesser die Partnerschaft mit dem Deut\u00adschen Aero Club. DAeC-Pr\u00e4sident Wolfgang M\u00fcther hielt zum Jungfernflug die Ansprache, bevor Heike Henkel der Besatzung des Hei\u00dfluftballons \u2013 gef\u00fchrt vom mehr\u00adfachen Ballonfahrt-Weltmeister Wilhelm Eimers \u2013 \u201eAllzeit Gl\u00fcck ab und gut Land\u201c w\u00fcnschte.<\/p>\n<p><a href=\"https:\/\/manufaktuhr.info\/wp-content\/uploads\/2016\/06\/Ballontaufe_1.jpg\"><img loading=\"lazy\" decoding=\"async\" data-attachment-id=\"3754\" data-permalink=\"https:\/\/manufaktuhr.info\/?attachment_id=3754\" data-orig-file=\"https:\/\/manufaktuhr.info\/wp-content\/uploads\/2016\/06\/Ballontaufe_1.jpg\" data-orig-size=\"7830,4524\" data-comments-opened=\"1\" data-image-meta=\"{&quot;aperture&quot;:&quot;11&quot;,&quot;credit&quot;:&quot;&quot;,&quot;camera&quot;:&quot;Canon EOS-1Ds Mark III&quot;,&quot;caption&quot;:&quot;&quot;,&quot;created_timestamp&quot;:&quot;1466518161&quot;,&quot;copyright&quot;:&quot;&quot;,&quot;focal_length&quot;:&quot;33&quot;,&quot;iso&quot;:&quot;200&quot;,&quot;shutter_speed&quot;:&quot;0.004&quot;,&quot;title&quot;:&quot;&quot;,&quot;orientation&quot;:&quot;1&quot;}\" data-image-title=\"Ballontaufe_1\" data-image-description=\"\" data-image-caption=\"\" data-medium-file=\"https:\/\/manufaktuhr.info\/wp-content\/uploads\/2016\/06\/Ballontaufe_1.jpg\" data-large-file=\"https:\/\/manufaktuhr.info\/wp-content\/uploads\/2016\/06\/Ballontaufe_1.jpg\" class=\"aligncenter size-full wp-image-3754\" src=\"https:\/\/manufaktuhr.info\/wp-content\/uploads\/2016\/06\/Ballontaufe_1.jpg\" alt=\"Ballontaufe_1\" width=\"7830\" height=\"4524\" \/><\/a>Bereits im zw\u00f6lften Jahr ist Tutima \u201eOffizieller Zeit\u00adnehmer der Kieler Woche Regatten\u201c und kann zu\u00adk\u00fcnf\u00adtig das Segelhighlight und weitere wichtige Er\u00adeignisse auch aus gro\u00dfer H\u00f6he aufmerksamkeits\u00adstark begleiten.<\/p>\n","protected":false},"excerpt":{"rendered":"<p>Seit 1927 setzt Tutima Zeichen der Uhrmacherkunst \u2013 jetzt auch weithin sichtbar am Himmel! Im Rahmen der \u201eBalloon Sail\u201c auf der Kieler Woche wurde ein fabrikneuer Hei\u00dfluftballon von Tutima Glash\u00fctte am 21. Juni auf dem Nordmarksportfeld feierlich getauft und dem Deut\u00adschen Aero Club \u00fcber\u00adgeben. Prominente Patin: die Olympia\u00adsie\u00adge\u00adrin sowie Welt- und Europameisterin und mehrfa\u00adche Deutsche &hellip; <a href=\"https:\/\/manufaktuhr.info\/?p=3756\" class=\"more-link\"><span class=\"screen-reader-text\">\u201eTutima Hei\u00dfluftballon auf Jungfernfahrt &#8211; Premiere mit prominenter Patin\u201c <\/span>weiterlesen<\/a><\/p>\n","protected":false},"author":1,"featured_media":3754,"comment_status":"open","ping_status":"open","sticky":false,"template":"","format":"standard","meta":{"jetpack_post_was_ever_published":false,"_jetpack_newsletter_access":"","_jetpack_dont_email_post_to_subs":false,"_jetpack_newsletter_tier_id":0,"_jetpack_memberships_contains_paywalled_content":false,"_jetpack_memberships_contains_paid_content":false,"footnotes":"","jetpack_publicize_message":"","jetpack_publicize_feature_enabled":true,"jetpack_social_post_already_shared":true,"jetpack_social_options":{"image_generator_settings":{"template":"highway","default_image_id":0,"font":"","enabled":false},"version":2}},"categories":[42],"tags":[],"class_list":["post-3756","post","type-post","status-publish","format-standard","has-post-thumbnail","hentry","category-tutima-uhrenfabrik-gmbh"],"jetpack_publicize_connections":[],"jetpack_featured_media_url":"https:\/\/manufaktuhr.info\/wp-content\/uploads\/2016\/06\/Ballontaufe_1.jpg","jetpack_shortlink":"https:\/\/wp.me\/p7fs8R-YA","jetpack-related-posts":[],"jetpack_sharing_enabled":true,"_links":{"self":[{"href":"https:\/\/manufaktuhr.info\/index.php?rest_route=\/wp\/v2\/posts\/3756","targetHints":{"allow":["GET"]}}],"collection":[{"href":"https:\/\/manufaktuhr.info\/index.php?rest_route=\/wp\/v2\/posts"}],"about":[{"href":"https:\/\/manufaktuhr.info\/index.php?rest_route=\/wp\/v2\/types\/post"}],"author":[{"embeddable":true,"href":"https:\/\/manufaktuhr.info\/index.php?rest_route=\/wp\/v2\/users\/1"}],"replies":[{"embeddable":true,"href":"https:\/\/manufaktuhr.info\/index.php?rest_route=%2Fwp%2Fv2%2Fcomments&post=3756"}],"version-history":[{"count":1,"href":"https:\/\/manufaktuhr.info\/index.php?rest_route=\/wp\/v2\/posts\/3756\/revisions"}],"predecessor-version":[{"id":3757,"href":"https:\/\/manufaktuhr.info\/index.php?rest_route=\/wp\/v2\/posts\/3756\/revisions\/3757"}],"wp:featuredmedia":[{"embeddable":true,"href":"https:\/\/manufaktuhr.info\/index.php?rest_route=\/wp\/v2\/media\/3754"}],"wp:attachment":[{"href":"https:\/\/manufaktuhr.info\/index.php?rest_route=%2Fwp%2Fv2%2Fmedia&parent=3756"}],"wp:term":[{"taxonomy":"category","embeddable":true,"href":"https:\/\/manufaktuhr.info\/index.php?rest_route=%2Fwp%2Fv2%2Fcategories&post=3756"},{"taxonomy":"post_tag","embeddable":true,"href":"https:\/\/manufaktuhr.info\/index.php?rest_route=%2Fwp%2Fv2%2Ftags&post=3756"}],"curies":[{"name":"wp","href":"https:\/\/api.w.org\/{rel}","templated":true}]}}