{"id":4466,"date":"2016-12-21T09:36:35","date_gmt":"2016-12-21T08:36:35","guid":{"rendered":"http:\/\/manufaktuhr.info\/?p=4466"},"modified":"2016-12-21T09:36:35","modified_gmt":"2016-12-21T08:36:35","slug":"das-muehle-jahr-2016-im-gespraech-mit-thilo-muehle","status":"publish","type":"post","link":"https:\/\/manufaktuhr.info\/?p=4466","title":{"rendered":"Das M\u00fchle-Jahr 2016: Im Gespr\u00e4ch mit Thilo M\u00fchle"},"content":{"rendered":"<p><strong><a href=\"https:\/\/manufaktuhr.info\/wp-content\/uploads\/2016\/12\/Thilo_Muehle.jpg\"><img loading=\"lazy\" decoding=\"async\" data-attachment-id=\"4465\" data-permalink=\"https:\/\/manufaktuhr.info\/?attachment_id=4465\" data-orig-file=\"https:\/\/manufaktuhr.info\/wp-content\/uploads\/2016\/12\/Thilo_Muehle.jpg\" data-orig-size=\"4864,7348\" data-comments-opened=\"1\" data-image-meta=\"{&quot;aperture&quot;:&quot;0&quot;,&quot;credit&quot;:&quot;&quot;,&quot;camera&quot;:&quot;&quot;,&quot;caption&quot;:&quot;&quot;,&quot;created_timestamp&quot;:&quot;0&quot;,&quot;copyright&quot;:&quot;&quot;,&quot;focal_length&quot;:&quot;0&quot;,&quot;iso&quot;:&quot;0&quot;,&quot;shutter_speed&quot;:&quot;0&quot;,&quot;title&quot;:&quot;&quot;,&quot;orientation&quot;:&quot;1&quot;}\" data-image-title=\"Thilo_Muehle\" data-image-description=\"\" data-image-caption=\"\" data-medium-file=\"https:\/\/manufaktuhr.info\/wp-content\/uploads\/2016\/12\/Thilo_Muehle-199x300.jpg\" data-large-file=\"https:\/\/manufaktuhr.info\/wp-content\/uploads\/2016\/12\/Thilo_Muehle-678x1024.jpg\" class=\"aligncenter size-large wp-image-4465\" src=\"https:\/\/manufaktuhr.info\/wp-content\/uploads\/2016\/12\/Thilo_Muehle-678x1024.jpg\" alt=\"\" width=\"640\" height=\"967\" srcset=\"https:\/\/manufaktuhr.info\/wp-content\/uploads\/2016\/12\/Thilo_Muehle-678x1024.jpg 678w, https:\/\/manufaktuhr.info\/wp-content\/uploads\/2016\/12\/Thilo_Muehle-199x300.jpg 199w, https:\/\/manufaktuhr.info\/wp-content\/uploads\/2016\/12\/Thilo_Muehle-768x1160.jpg 768w\" sizes=\"auto, (max-width: 709px) 85vw, (max-width: 909px) 67vw, (max-width: 984px) 61vw, (max-width: 1362px) 45vw, 600px\" \/><\/a>Herr M\u00fchle, wie w\u00fcrden Sie das Jahr 2016 f\u00fcr M\u00fchle-Glash\u00fctte zusammenfassen?<\/strong><\/p>\n<p>Im vierten Quartal 2015 gab es einen Einbruch, der eigentlich die gesamte Branche und alle M\u00e4rkte erfasst hat. Eine vergleichbare Situation habe ich in all den Jahren noch nicht erlebt und so richtig kann man diesen Einbruch auch heute noch nicht erkl\u00e4ren. Gerade unsere neuen Uhrenmodelle haben uns jedoch gut \u00fcber die branchenweit wohl etwas umsatzschw\u00e4cheren Sommermonate geholfen. Seit August zieht der Umsatz weltweit wieder erfreulich an und so werden wir auch 2016 wieder mit einem Plus abschlie\u00dfen. Dabei kommt uns auch zugute, dass die Kunden mittlerweile sehr gut informiert sind und Produkte mit einem guten Preis-Leistungs-Verh\u00e4ltnis bevorzugen.<\/p>\n<p><strong>Was waren die wesentlichen Entwicklungen, die M\u00fchle-Glash\u00fctte im vergangenen Jahr gemacht hat?<\/strong><\/p>\n<p>Wesentlich war die Pr\u00e4sentation des neuen Markenbildes. Mit dem neuen Claim, der neuen Homepage und den neuen Anzeigenmotiven positionieren wir uns noch deutlicher als Glash\u00fctter Marke im mechanischen Sportuhrenbereich und sch\u00e4rfen gezielt unser Markenprofil. Sowohl mit der Pr\u00e4sentation der ProMare-Modellfamilie als auch mit unserer neuen Kampagne \u2013 F\u00fcr die, die anders ticken \u2013 haben wir der Marke Nautische Instrumente M\u00fchle-Glash\u00fctte noch einmal eine weitere Richtung gegeben. Au\u00dferdem bedeutet uns die Manufakturlinie \u201eR. M\u00fchle &amp; Sohn\u201c sehr viel. Sie ist der Gradmesser f\u00fcr unsere Fertigungstiefe und unsere konstruktive Kompetenz. Bei der Robert M\u00fchle Zeigerdatum, die in diesem Jahr vorgestellt wurde, sieht man dies sehr deutlich: Von der Konstruktion des Werkes und der Komplikationen \u00fcber die Produktion eines Gro\u00dfteils der verwendeten Teile bis hin zur Montage geschieht alles bei uns im Haus. Jeder Zeitmesser, der in dieser Linie fertiggestellt wird, ist f\u00fcr mich eine Best\u00e4tigung, dass wir in den letzten Jahren an den richtigen Stellen Zeit, Wissen und Geld investiert haben.<\/p>\n<p><a href=\"https:\/\/manufaktuhr.info\/wp-content\/uploads\/2016\/12\/IMG_7824.jpg\"><img loading=\"lazy\" decoding=\"async\" data-attachment-id=\"4467\" data-permalink=\"https:\/\/manufaktuhr.info\/?attachment_id=4467\" data-orig-file=\"https:\/\/manufaktuhr.info\/wp-content\/uploads\/2016\/12\/IMG_7824.jpg\" data-orig-size=\"2717,2231\" data-comments-opened=\"1\" data-image-meta=\"{&quot;aperture&quot;:&quot;1.8&quot;,&quot;credit&quot;:&quot;&quot;,&quot;camera&quot;:&quot;iPhone 7 Plus&quot;,&quot;caption&quot;:&quot;&quot;,&quot;created_timestamp&quot;:&quot;1481230134&quot;,&quot;copyright&quot;:&quot;&quot;,&quot;focal_length&quot;:&quot;3.99&quot;,&quot;iso&quot;:&quot;40&quot;,&quot;shutter_speed&quot;:&quot;0.01&quot;,&quot;title&quot;:&quot;&quot;,&quot;orientation&quot;:&quot;0&quot;}\" data-image-title=\"IMG_7824\" data-image-description=\"\" data-image-caption=\"\" data-medium-file=\"https:\/\/manufaktuhr.info\/wp-content\/uploads\/2016\/12\/IMG_7824-300x246.jpg\" data-large-file=\"https:\/\/manufaktuhr.info\/wp-content\/uploads\/2016\/12\/IMG_7824-1024x841.jpg\" class=\"aligncenter size-large wp-image-4467\" src=\"https:\/\/manufaktuhr.info\/wp-content\/uploads\/2016\/12\/IMG_7824-1024x841.jpg\" alt=\"\" width=\"640\" height=\"526\" srcset=\"https:\/\/manufaktuhr.info\/wp-content\/uploads\/2016\/12\/IMG_7824-1024x841.jpg 1024w, https:\/\/manufaktuhr.info\/wp-content\/uploads\/2016\/12\/IMG_7824-300x246.jpg 300w, https:\/\/manufaktuhr.info\/wp-content\/uploads\/2016\/12\/IMG_7824-768x631.jpg 768w\" sizes=\"auto, (max-width: 709px) 85vw, (max-width: 909px) 67vw, (max-width: 984px) 61vw, (max-width: 1362px) 45vw, 600px\" \/><\/a><\/p>\n<p><strong>Welches neu vorgestellte Modell lag Ihnen 2016 besonders am Herzen?<\/strong><\/p>\n<p>F\u00fcr mich war dies der ProMare Chronograph. Diese Uhr ist ein logischer Schritt, wenn man unsere Marken-DNA betrachtet. Denn mit den nautischen Armbanduhren stellen wir schon lange mechanische Zeitmesser her, die f\u00fcr den sportlichen Einsatz gedacht sind. Sie folgen unseren nautischen Tugenden und sind besonders robust, pr\u00e4zise und optimal ablesbar \u2013 Eigenschaften, die eine Outdoor-Uhr ausmachen. Der ProMare Chronograph vereint diese Eigenschaften und ist zugleich auch vom Design und von der Farbgebung her als sportive mechanische Uhr angelegt, die man immer und \u00fcberall tragen kann. Eine Uhr f\u00fcr Menschen wie mich: Die tags\u00fcber im B\u00fcro sitzen und sich nach Feierabend auf das Mountainbike schwingen oder laufen gehen. Von daher ist es f\u00fcr mich auch eine sehr pers\u00f6nliche Uhr, wenn ich ehrlich bin.<\/p>\n<p><a href=\"https:\/\/manufaktuhr.info\/wp-content\/uploads\/2016\/03\/IMG_4707.jpg\"><img loading=\"lazy\" decoding=\"async\" data-attachment-id=\"3243\" data-permalink=\"https:\/\/manufaktuhr.info\/?attachment_id=3243\" data-orig-file=\"https:\/\/manufaktuhr.info\/wp-content\/uploads\/2016\/03\/IMG_4707.jpg\" data-orig-size=\"1200,800\" data-comments-opened=\"1\" data-image-meta=\"{&quot;aperture&quot;:&quot;0&quot;,&quot;credit&quot;:&quot;&quot;,&quot;camera&quot;:&quot;&quot;,&quot;caption&quot;:&quot;&quot;,&quot;created_timestamp&quot;:&quot;0&quot;,&quot;copyright&quot;:&quot;&quot;,&quot;focal_length&quot;:&quot;0&quot;,&quot;iso&quot;:&quot;0&quot;,&quot;shutter_speed&quot;:&quot;0&quot;,&quot;title&quot;:&quot;&quot;,&quot;orientation&quot;:&quot;0&quot;}\" data-image-title=\"IMG_4707\" data-image-description=\"\" data-image-caption=\"\" data-medium-file=\"https:\/\/manufaktuhr.info\/wp-content\/uploads\/2016\/03\/IMG_4707-300x200.jpg\" data-large-file=\"https:\/\/manufaktuhr.info\/wp-content\/uploads\/2016\/03\/IMG_4707-1024x683.jpg\" class=\"aligncenter size-large wp-image-3243\" src=\"https:\/\/manufaktuhr.info\/wp-content\/uploads\/2016\/03\/IMG_4707-1024x683.jpg\" alt=\"\" width=\"640\" height=\"427\" srcset=\"https:\/\/manufaktuhr.info\/wp-content\/uploads\/2016\/03\/IMG_4707-1024x683.jpg 1024w, https:\/\/manufaktuhr.info\/wp-content\/uploads\/2016\/03\/IMG_4707-300x200.jpg 300w, https:\/\/manufaktuhr.info\/wp-content\/uploads\/2016\/03\/IMG_4707-768x512.jpg 768w, https:\/\/manufaktuhr.info\/wp-content\/uploads\/2016\/03\/IMG_4707.jpg 1200w\" sizes=\"auto, (max-width: 709px) 85vw, (max-width: 909px) 67vw, (max-width: 984px) 61vw, (max-width: 1362px) 45vw, 600px\" \/><\/a><\/p>\n<p><strong>Als Familienunternehmen blicken Sie auf eine lange Tradition zur\u00fcck. Wie stellt sich M\u00fchle- Glash\u00fctte weiter auf, um den Herausforderungen der Zukunft zu begegnen?<\/strong><\/p>\n<p>Mit der neuen Kampagne haben wir im letzten Jahr einen Weg eingeschlagen, den wir auch 2017 konsequent fortsetzen werden. Das gilt f\u00fcr den Markenauftritt ebenso wie f\u00fcr die kommenden Modellneuheiten. Hier wollen wir uns \u2013 neben der Entwicklung neuer Modelle f\u00fcr die nautisch-funktionale Kollektion \u2013 auch verst\u00e4rkt auf unsere Manufakturlinie \u201eR. M\u00fchle &amp; Sohn\u201c konzentrieren. In finanzieller Hinsicht gilt weiterhin der Grundsatz: Investitionen werden mit Bedacht und auf lange Frist angelegt sein, um ein moderates, aber daf\u00fcr umso stabileres Wachstum zu erzielen. Wichtig wird au\u00dferdem sein, dass wir unser Vertriebspotenzial weiter optimieren und die Partnerschaft mit dem Einzel- und Gro\u00dfhandel, vor allem im wichtigsten Markt Deutschland, noch weiter vertiefen.<\/p>\n<p><a href=\"https:\/\/manufaktuhr.info\/wp-content\/uploads\/2016\/12\/Produktion.jpg\"><img loading=\"lazy\" decoding=\"async\" data-attachment-id=\"4464\" data-permalink=\"https:\/\/manufaktuhr.info\/?attachment_id=4464\" data-orig-file=\"https:\/\/manufaktuhr.info\/wp-content\/uploads\/2016\/12\/Produktion.jpg\" data-orig-size=\"2362,1572\" data-comments-opened=\"1\" data-image-meta=\"{&quot;aperture&quot;:&quot;5&quot;,&quot;credit&quot;:&quot;Rene Jungnickel&quot;,&quot;camera&quot;:&quot;NIKON D4&quot;,&quot;caption&quot;:&quot;&quot;,&quot;created_timestamp&quot;:&quot;1409231629&quot;,&quot;copyright&quot;:&quot;Jungnickel-fotografie.de&quot;,&quot;focal_length&quot;:&quot;28&quot;,&quot;iso&quot;:&quot;400&quot;,&quot;shutter_speed&quot;:&quot;0.00625&quot;,&quot;title&quot;:&quot;&quot;,&quot;orientation&quot;:&quot;1&quot;}\" data-image-title=\"Produktion\" data-image-description=\"\" data-image-caption=\"\" data-medium-file=\"https:\/\/manufaktuhr.info\/wp-content\/uploads\/2016\/12\/Produktion-300x200.jpg\" data-large-file=\"https:\/\/manufaktuhr.info\/wp-content\/uploads\/2016\/12\/Produktion-1024x682.jpg\" class=\"aligncenter size-large wp-image-4464\" src=\"https:\/\/manufaktuhr.info\/wp-content\/uploads\/2016\/12\/Produktion-1024x682.jpg\" alt=\"\" width=\"640\" height=\"426\" srcset=\"https:\/\/manufaktuhr.info\/wp-content\/uploads\/2016\/12\/Produktion-1024x682.jpg 1024w, https:\/\/manufaktuhr.info\/wp-content\/uploads\/2016\/12\/Produktion-300x200.jpg 300w, https:\/\/manufaktuhr.info\/wp-content\/uploads\/2016\/12\/Produktion-768x511.jpg 768w\" sizes=\"auto, (max-width: 709px) 85vw, (max-width: 909px) 67vw, (max-width: 984px) 61vw, (max-width: 1362px) 45vw, 600px\" \/><\/a><\/p>\n<p><strong>K\u00f6nnen Sie uns schon einen Hinweis darauf geben, welche Produktneuheiten wir im n\u00e4chsten Jahr erwarten k\u00f6nnen?<\/strong><\/p>\n<p>Ohne zu konkret zu werden, kann ich schon einmal preisgeben, dass wir auch in Zukunft sportlich elegant bleiben. Diese Entwicklung wird man dann auch in Basel bei der Pr\u00e4sentation der neuen Modelle sehen k\u00f6nnen.<\/p>\n<p><strong>Welche Vors\u00e4tze haben Sie ganz pers\u00f6nlich f\u00fcr das Jahr 2017?<\/strong><\/p>\n<p>Im n\u00e4chsten Jahr w\u00fcrde ich gerne wieder mehr Sport machen und verst\u00e4rkt auf meine Gesundheit achten \u2013 einfach die Zeit, die man hat, bewusster genie\u00dfen. F\u00fcr M\u00fchle- Glash\u00fctte w\u00fcnsche ich mir, dass wir unsere nachhaltige Unternehmens- und Wachstumsphilosophie fortsetzen k\u00f6nnen und dass unsere neuen Modelle, die wir im M\u00e4rz auf der Baselworld vorstellen werden, den Kunden genauso gut gefallen wie mir.<\/p>\n<p><strong>Auch 2017 stehen wieder die gro\u00dfen Schmuck- und Uhrenmessen an, wo ist Thilo M\u00fchle f\u00fcr ein Gespr\u00e4ch anzutreffen<\/strong>?<\/p>\n<p>2017 werden wir auf jeden Fall wieder auf der Baselworld ausstellen. Zudem sind wir im November auch wieder auf der MunichTime. Ich freue mich nat\u00fcrlich auf einen regen Austausch wie in den letzten Jahren und bin gespannt auf die Entwicklungen im kommenden Jahr.<\/p>\n","protected":false},"excerpt":{"rendered":"<p>Herr M\u00fchle, wie w\u00fcrden Sie das Jahr 2016 f\u00fcr M\u00fchle-Glash\u00fctte zusammenfassen? Im vierten Quartal 2015 gab es einen Einbruch, der eigentlich die gesamte Branche und alle M\u00e4rkte erfasst hat. Eine vergleichbare Situation habe ich in all den Jahren noch nicht erlebt und so richtig kann man diesen Einbruch auch heute noch nicht erkl\u00e4ren. Gerade unsere &hellip; <a href=\"https:\/\/manufaktuhr.info\/?p=4466\" class=\"more-link\"><span class=\"screen-reader-text\">\u201eDas M\u00fchle-Jahr 2016: Im Gespr\u00e4ch mit Thilo M\u00fchle\u201c <\/span>weiterlesen<\/a><\/p>\n","protected":false},"author":1,"featured_media":4467,"comment_status":"open","ping_status":"open","sticky":false,"template":"","format":"standard","meta":{"jetpack_post_was_ever_published":false,"_jetpack_newsletter_access":"","_jetpack_dont_email_post_to_subs":false,"_jetpack_newsletter_tier_id":0,"_jetpack_memberships_contains_paywalled_content":false,"_jetpack_memberships_contains_paid_content":false,"footnotes":"","jetpack_publicize_message":"","jetpack_publicize_feature_enabled":true,"jetpack_social_post_already_shared":true,"jetpack_social_options":{"image_generator_settings":{"template":"highway","default_image_id":0,"font":"","enabled":false},"version":2}},"categories":[4],"tags":[],"class_list":["post-4466","post","type-post","status-publish","format-standard","has-post-thumbnail","hentry","category-nautische-instrumente-muhle-glashutte"],"jetpack_publicize_connections":[],"jetpack_featured_media_url":"https:\/\/manufaktuhr.info\/wp-content\/uploads\/2016\/12\/IMG_7824.jpg","jetpack_shortlink":"https:\/\/wp.me\/p7fs8R-1a2","jetpack-related-posts":[],"jetpack_sharing_enabled":true,"_links":{"self":[{"href":"https:\/\/manufaktuhr.info\/index.php?rest_route=\/wp\/v2\/posts\/4466","targetHints":{"allow":["GET"]}}],"collection":[{"href":"https:\/\/manufaktuhr.info\/index.php?rest_route=\/wp\/v2\/posts"}],"about":[{"href":"https:\/\/manufaktuhr.info\/index.php?rest_route=\/wp\/v2\/types\/post"}],"author":[{"embeddable":true,"href":"https:\/\/manufaktuhr.info\/index.php?rest_route=\/wp\/v2\/users\/1"}],"replies":[{"embeddable":true,"href":"https:\/\/manufaktuhr.info\/index.php?rest_route=%2Fwp%2Fv2%2Fcomments&post=4466"}],"version-history":[{"count":1,"href":"https:\/\/manufaktuhr.info\/index.php?rest_route=\/wp\/v2\/posts\/4466\/revisions"}],"predecessor-version":[{"id":4468,"href":"https:\/\/manufaktuhr.info\/index.php?rest_route=\/wp\/v2\/posts\/4466\/revisions\/4468"}],"wp:featuredmedia":[{"embeddable":true,"href":"https:\/\/manufaktuhr.info\/index.php?rest_route=\/wp\/v2\/media\/4467"}],"wp:attachment":[{"href":"https:\/\/manufaktuhr.info\/index.php?rest_route=%2Fwp%2Fv2%2Fmedia&parent=4466"}],"wp:term":[{"taxonomy":"category","embeddable":true,"href":"https:\/\/manufaktuhr.info\/index.php?rest_route=%2Fwp%2Fv2%2Fcategories&post=4466"},{"taxonomy":"post_tag","embeddable":true,"href":"https:\/\/manufaktuhr.info\/index.php?rest_route=%2Fwp%2Fv2%2Ftags&post=4466"}],"curies":[{"name":"wp","href":"https:\/\/api.w.org\/{rel}","templated":true}]}}