{"id":4791,"date":"2017-03-15T08:09:58","date_gmt":"2017-03-15T07:09:58","guid":{"rendered":"http:\/\/manufaktuhr.info\/?p=4791"},"modified":"2017-03-15T08:09:58","modified_gmt":"2017-03-15T07:09:58","slug":"buchtipp-911-love-50-jahre-porsche-911-eine-automobile-love-story","status":"publish","type":"post","link":"https:\/\/manufaktuhr.info\/?p=4791","title":{"rendered":"Buchtipp: 911 Love &#8211; 50 Jahre Porsche 911 &#8211; Eine automobile Love-Story"},"content":{"rendered":"<p>Seit seiner Einf\u00fchrung im Jahr 1963 setzt der Porsche 911 Ma\u00dfst\u00e4be und steht f\u00fcr den Inbegriff sportlicher Automobilit\u00e4t.<\/p>\n<p><a href=\"http:\/\/amzn.to\/2mr2AhO\"><img loading=\"lazy\" decoding=\"async\" data-attachment-id=\"4790\" data-permalink=\"https:\/\/manufaktuhr.info\/?attachment_id=4790\" data-orig-file=\"https:\/\/manufaktuhr.info\/wp-content\/uploads\/2017\/03\/9783768836647.jpg\" data-orig-size=\"945,945\" data-comments-opened=\"1\" data-image-meta=\"{&quot;aperture&quot;:&quot;0&quot;,&quot;credit&quot;:&quot;&quot;,&quot;camera&quot;:&quot;&quot;,&quot;caption&quot;:&quot;&quot;,&quot;created_timestamp&quot;:&quot;0&quot;,&quot;copyright&quot;:&quot;&quot;,&quot;focal_length&quot;:&quot;0&quot;,&quot;iso&quot;:&quot;0&quot;,&quot;shutter_speed&quot;:&quot;0&quot;,&quot;title&quot;:&quot;&quot;,&quot;orientation&quot;:&quot;1&quot;}\" data-image-title=\"9783768836647\" data-image-description=\"\" data-image-caption=\"\" data-medium-file=\"https:\/\/manufaktuhr.info\/wp-content\/uploads\/2017\/03\/9783768836647-300x300.jpg\" data-large-file=\"https:\/\/manufaktuhr.info\/wp-content\/uploads\/2017\/03\/9783768836647.jpg\" class=\"aligncenter wp-image-4790 size-full\" src=\"https:\/\/manufaktuhr.info\/wp-content\/uploads\/2017\/03\/9783768836647.jpg\" width=\"945\" height=\"945\" srcset=\"https:\/\/manufaktuhr.info\/wp-content\/uploads\/2017\/03\/9783768836647.jpg 945w, https:\/\/manufaktuhr.info\/wp-content\/uploads\/2017\/03\/9783768836647-150x150.jpg 150w, https:\/\/manufaktuhr.info\/wp-content\/uploads\/2017\/03\/9783768836647-300x300.jpg 300w, https:\/\/manufaktuhr.info\/wp-content\/uploads\/2017\/03\/9783768836647-768x768.jpg 768w\" sizes=\"auto, (max-width: 709px) 85vw, (max-width: 909px) 67vw, (max-width: 1362px) 62vw, 840px\" \/><\/a>Die 911-Kontur, gezeichnet von Ferdinand Alexander Porsche, sticht aus Millionen anderer Fahrzeuge hervor und ist bis heute einzigartig. \u00dcber den Porsche 911 ist alles gesagt, sowohl technisch als auch historisch. Die Faszination dieses einzigartigen Modells hat jedoch absoluten Ewigkeits-Charakter.<\/p>\n<p>Das Buch \u201e<a href=\"http:\/\/amzn.to\/2mr2AhO\">911 Love<\/a>\u201c zum 50. Jubil\u00e4um pr\u00e4sentiert sich \u2013 wie der Titel schon sagt \u2013 \u00e4u\u00dferst emotional und stellt einen au\u00dfergew\u00f6hnlichen Dialog zwischen Mensch und Auto dar. Es ist ein Werk voller Leidenschaft f\u00fcr den 911. Besondere Erlebnisse, spannende Storys \u00fcber au\u00dfergew\u00f6hnliche 911-Besitzer aus aller Welt und ihrer einzigartigen Modelle, versammeln sich in dem gro\u00dfformatigen Band ebenso wie die f\u00fcr den 911 wichtigen Motorsport-Momente.<\/p>\n<p>Nat\u00fcrlich wird auch die Historie bedacht und ausf\u00fchrlich beschrieben. Pers\u00f6nlichkeiten wie Jerry Seinfeld, Michael Mauer und Wolfgang Porsche kommen in dem Prachtband, der in enger Zusammenarbeit mit Porsche entstanden ist, zu Wort.<\/p>\n<p>Das Buch ist gepr\u00e4gt von der Liebe seiner Besitzer zum 911. Menschen von Amerika bis Deutschland. Von den Vereinigten Arabischen Emiraten bis Japan. Und so ist der Jubil\u00e4umsband auch keine seelenlose Chronik, sondern eine bildstarke Revue, die dem besonderen Charakter des Porsche 911 gerecht wird.<\/p>\n<p><strong><a href=\"http:\/\/amzn.to\/2mr4i2w\">911 Love &#8211;\u00a050 Jahre Porsche 911<\/a><br \/>\n<\/strong>4. Auflage,360 Seiten, 250 Fotos (farbig), 6 Fotos (s\/w),<br \/>\n9 Abbildungen (farbig), Format 31,3 x 31 cm, gebunden<br \/>\nISBN <a href=\"http:\/\/amzn.to\/2mr2AhO\">978-3-7688-3664-7<\/a><br \/>\nDelius Klasing Verlag, Bielefeld<br \/>\nZu beziehen z.B. hier bei Amazon:\u00a0<a href=\"http:\/\/amzn.to\/2mr2AhO\">http:\/\/amzn.to\/2mr2AhO<\/a><\/p>\n","protected":false},"excerpt":{"rendered":"<p>Seit seiner Einf\u00fchrung im Jahr 1963 setzt der Porsche 911 Ma\u00dfst\u00e4be und steht f\u00fcr den Inbegriff sportlicher Automobilit\u00e4t. Die 911-Kontur, gezeichnet von Ferdinand Alexander Porsche, sticht aus Millionen anderer Fahrzeuge hervor und ist bis heute einzigartig. \u00dcber den Porsche 911 ist alles gesagt, sowohl technisch als auch historisch. Die Faszination dieses einzigartigen Modells hat jedoch &hellip; <a href=\"https:\/\/manufaktuhr.info\/?p=4791\" class=\"more-link\"><span class=\"screen-reader-text\">\u201eBuchtipp: 911 Love &#8211; 50 Jahre Porsche 911 &#8211; Eine automobile Love-Story\u201c <\/span>weiterlesen<\/a><\/p>\n","protected":false},"author":1,"featured_media":4790,"comment_status":"open","ping_status":"open","sticky":false,"template":"","format":"standard","meta":{"jetpack_post_was_ever_published":false,"_jetpack_newsletter_access":"","_jetpack_dont_email_post_to_subs":false,"_jetpack_newsletter_tier_id":0,"_jetpack_memberships_contains_paywalled_content":false,"_jetpack_memberships_contains_paid_content":false,"footnotes":"","jetpack_publicize_message":"","jetpack_publicize_feature_enabled":true,"jetpack_social_post_already_shared":true,"jetpack_social_options":{"image_generator_settings":{"template":"highway","default_image_id":0,"font":"","enabled":false},"version":2}},"categories":[29,38],"tags":[],"class_list":["post-4791","post","type-post","status-publish","format-standard","has-post-thumbnail","hentry","category-literatur","category-made-in-germany"],"jetpack_publicize_connections":[],"jetpack_featured_media_url":"https:\/\/manufaktuhr.info\/wp-content\/uploads\/2017\/03\/9783768836647.jpg","jetpack_shortlink":"https:\/\/wp.me\/p7fs8R-1fh","jetpack-related-posts":[],"jetpack_sharing_enabled":true,"_links":{"self":[{"href":"https:\/\/manufaktuhr.info\/index.php?rest_route=\/wp\/v2\/posts\/4791","targetHints":{"allow":["GET"]}}],"collection":[{"href":"https:\/\/manufaktuhr.info\/index.php?rest_route=\/wp\/v2\/posts"}],"about":[{"href":"https:\/\/manufaktuhr.info\/index.php?rest_route=\/wp\/v2\/types\/post"}],"author":[{"embeddable":true,"href":"https:\/\/manufaktuhr.info\/index.php?rest_route=\/wp\/v2\/users\/1"}],"replies":[{"embeddable":true,"href":"https:\/\/manufaktuhr.info\/index.php?rest_route=%2Fwp%2Fv2%2Fcomments&post=4791"}],"version-history":[{"count":1,"href":"https:\/\/manufaktuhr.info\/index.php?rest_route=\/wp\/v2\/posts\/4791\/revisions"}],"predecessor-version":[{"id":4792,"href":"https:\/\/manufaktuhr.info\/index.php?rest_route=\/wp\/v2\/posts\/4791\/revisions\/4792"}],"wp:featuredmedia":[{"embeddable":true,"href":"https:\/\/manufaktuhr.info\/index.php?rest_route=\/wp\/v2\/media\/4790"}],"wp:attachment":[{"href":"https:\/\/manufaktuhr.info\/index.php?rest_route=%2Fwp%2Fv2%2Fmedia&parent=4791"}],"wp:term":[{"taxonomy":"category","embeddable":true,"href":"https:\/\/manufaktuhr.info\/index.php?rest_route=%2Fwp%2Fv2%2Fcategories&post=4791"},{"taxonomy":"post_tag","embeddable":true,"href":"https:\/\/manufaktuhr.info\/index.php?rest_route=%2Fwp%2Fv2%2Ftags&post=4791"}],"curies":[{"name":"wp","href":"https:\/\/api.w.org\/{rel}","templated":true}]}}