{"id":5768,"date":"2017-11-13T13:44:10","date_gmt":"2017-11-13T12:44:10","guid":{"rendered":"http:\/\/manufaktuhr.info\/?p=5768"},"modified":"2017-11-13T13:44:10","modified_gmt":"2017-11-13T12:44:10","slug":"hoch-hinaus-mit-robert-jasper-extrembergsteiger-testet-den-promare-chronographen-von-muehle-glashuette","status":"publish","type":"post","link":"https:\/\/manufaktuhr.info\/?p=5768","title":{"rendered":"Hoch hinaus mit Robert Jasper \u2013  Extrembergsteiger testet den ProMare Chronographen von M\u00fchle-Glash\u00fctte"},"content":{"rendered":"<p><a href=\"https:\/\/manufaktuhr.info\/wp-content\/uploads\/2017\/11\/Robert-Jasper_ProMare-Chronograph_1.jpg\"><img loading=\"lazy\" decoding=\"async\" data-attachment-id=\"5767\" data-permalink=\"https:\/\/manufaktuhr.info\/?attachment_id=5767\" data-orig-file=\"https:\/\/manufaktuhr.info\/wp-content\/uploads\/2017\/11\/Robert-Jasper_ProMare-Chronograph_1.jpg\" data-orig-size=\"1062,597\" data-comments-opened=\"1\" data-image-meta=\"{&quot;aperture&quot;:&quot;0&quot;,&quot;credit&quot;:&quot;&quot;,&quot;camera&quot;:&quot;&quot;,&quot;caption&quot;:&quot;&quot;,&quot;created_timestamp&quot;:&quot;0&quot;,&quot;copyright&quot;:&quot;&quot;,&quot;focal_length&quot;:&quot;0&quot;,&quot;iso&quot;:&quot;0&quot;,&quot;shutter_speed&quot;:&quot;0&quot;,&quot;title&quot;:&quot;&quot;,&quot;orientation&quot;:&quot;0&quot;}\" data-image-title=\"Robert Jasper_ProMare Chronograph_1\" data-image-description=\"\" data-image-caption=\"\" data-medium-file=\"https:\/\/manufaktuhr.info\/wp-content\/uploads\/2017\/11\/Robert-Jasper_ProMare-Chronograph_1-300x169.jpg\" data-large-file=\"https:\/\/manufaktuhr.info\/wp-content\/uploads\/2017\/11\/Robert-Jasper_ProMare-Chronograph_1-1024x576.jpg\" class=\"aligncenter size-large wp-image-5767\" src=\"https:\/\/manufaktuhr.info\/wp-content\/uploads\/2017\/11\/Robert-Jasper_ProMare-Chronograph_1-1024x576.jpg\" alt=\"\" width=\"640\" height=\"360\" srcset=\"https:\/\/manufaktuhr.info\/wp-content\/uploads\/2017\/11\/Robert-Jasper_ProMare-Chronograph_1-1024x576.jpg 1024w, https:\/\/manufaktuhr.info\/wp-content\/uploads\/2017\/11\/Robert-Jasper_ProMare-Chronograph_1-300x169.jpg 300w, https:\/\/manufaktuhr.info\/wp-content\/uploads\/2017\/11\/Robert-Jasper_ProMare-Chronograph_1-768x432.jpg 768w, https:\/\/manufaktuhr.info\/wp-content\/uploads\/2017\/11\/Robert-Jasper_ProMare-Chronograph_1.jpg 1062w\" sizes=\"auto, (max-width: 709px) 85vw, (max-width: 909px) 67vw, (max-width: 984px) 61vw, (max-width: 1362px) 45vw, 600px\" \/><\/a>Mit Robert Jasper unterst\u00fctzt der familiengef\u00fchrte Uhrenhersteller M\u00fchle-Glash\u00fctte einen der bekanntesten deutschen Extrembergsteiger. Bekannt wurde er bereits im Jahr 1991, als er die drei gro\u00dfen Nordw\u00e4nde von Eiger, Grandes Jorasses und Matterhorn im Alleingang auf schwierigen Routen durchstieg. Ein besonderes Verh\u00e4ltnis pflegt Jasper zur Eiger-Nordwand, die ihn auch in den folgenden Jahren immer wieder zu neuen, unbekannten Touren inspirierte. Seit Fr\u00fchjahr testet er f\u00fcr das Familienunternehmen aus Sachsen den ProMare Chronographen auf seinen Touren und Expeditionen. Bereits im Jahr 2001 hatte Jasper einen Test mit einer M\u00fchle-Uhr durchgef\u00fchrt.<\/p>\n<p><a href=\"https:\/\/manufaktuhr.info\/wp-content\/uploads\/2017\/11\/ProMare-Chronograph-Detail1.jpg\"><img loading=\"lazy\" decoding=\"async\" data-attachment-id=\"5769\" data-permalink=\"https:\/\/manufaktuhr.info\/?attachment_id=5769\" data-orig-file=\"https:\/\/manufaktuhr.info\/wp-content\/uploads\/2017\/11\/ProMare-Chronograph-Detail1.jpg\" data-orig-size=\"2000,1500\" data-comments-opened=\"1\" data-image-meta=\"{&quot;aperture&quot;:&quot;0&quot;,&quot;credit&quot;:&quot;&quot;,&quot;camera&quot;:&quot;&quot;,&quot;caption&quot;:&quot;&quot;,&quot;created_timestamp&quot;:&quot;0&quot;,&quot;copyright&quot;:&quot;&quot;,&quot;focal_length&quot;:&quot;0&quot;,&quot;iso&quot;:&quot;0&quot;,&quot;shutter_speed&quot;:&quot;0&quot;,&quot;title&quot;:&quot;&quot;,&quot;orientation&quot;:&quot;1&quot;}\" data-image-title=\"ProMare-Chronograph-Detail1\" data-image-description=\"\" data-image-caption=\"\" data-medium-file=\"https:\/\/manufaktuhr.info\/wp-content\/uploads\/2017\/11\/ProMare-Chronograph-Detail1-300x225.jpg\" data-large-file=\"https:\/\/manufaktuhr.info\/wp-content\/uploads\/2017\/11\/ProMare-Chronograph-Detail1-1024x768.jpg\" class=\"aligncenter size-large wp-image-5769\" src=\"https:\/\/manufaktuhr.info\/wp-content\/uploads\/2017\/11\/ProMare-Chronograph-Detail1-1024x768.jpg\" alt=\"\" width=\"640\" height=\"480\" srcset=\"https:\/\/manufaktuhr.info\/wp-content\/uploads\/2017\/11\/ProMare-Chronograph-Detail1-1024x768.jpg 1024w, https:\/\/manufaktuhr.info\/wp-content\/uploads\/2017\/11\/ProMare-Chronograph-Detail1-300x225.jpg 300w, https:\/\/manufaktuhr.info\/wp-content\/uploads\/2017\/11\/ProMare-Chronograph-Detail1-768x576.jpg 768w, https:\/\/manufaktuhr.info\/wp-content\/uploads\/2017\/11\/ProMare-Chronograph-Detail1.jpg 2000w\" sizes=\"auto, (max-width: 709px) 85vw, (max-width: 909px) 67vw, (max-width: 984px) 61vw, (max-width: 1362px) 45vw, 600px\" \/><\/a>Dort, wo es anspruchsvoll wird und die Herausforderungen gro\u00df sind, f\u00fchlen sich die Armbanduhren von M\u00fchle-Glash\u00fctte bekanntlich zuhause. Darum wurde Robert Jasper bereits im Jahr 2001 mit einer A.T.P.-ONE aus dem Hause M\u00fchle ausgestattet. Die Outdooruhr wurde von 1999 bis 2006 gefertigt und besa\u00df damals schon ein digitales Zusatzdisplay mit einem f\u00fcr Bergsteiger sehr interessanten H\u00f6henmesser sowie mit einem Barometer und einem ewigen Kalender. \u201eSchon die A.T.P.-ONE hat mich damals als funktionelle Sportuhr \u00fcberzeugt und mir auf meinen Extremtouren und Expeditionen treue und wichtige Dienste geleistet. Denn: Ein guter Zeitplan ist f\u00fcr mich \u00fcberlebenswichtig\u201c, so Robert Jasper \u00fcber seine damalige M\u00fchle-Uhr. Um die Funktionalit\u00e4t und Robustheit seiner Zeitmesser zu testen und weiter zu verbessern, hat M\u00fchle seit diesem Fr\u00fchjahr eine weitere Testphase gemeinsam mit Robert Jasper gestartet und ihm daf\u00fcr den<a href=\"https:\/\/manufaktuhr.info\/?p=3695\"> ProMare\u00a0Chronographen<\/a> anvertraut. \u201eDie Uhr tr\u00e4gt sich sehr leicht und ist durch ihr robustes Geh\u00e4use und das wasserfeste Leder\/Kautschukband sehr gut auf die Bed\u00fcrfnisse von Sportlern wie mir abgestimmt. Besonders wichtig ist f\u00fcr mich, dass meine Bewegungsfreiheit beim Klettern durch den <a href=\"https:\/\/manufaktuhr.info\/?p=3234\">ProMare Chronographen <\/a>nicht eingeschr\u00e4nkt wird\u201c, zeigt sich Jasper nach seinen ersten Eindr\u00fccken begeistert. Und auch bei M\u00fchle-Glash\u00fctte ist man von den Synergien der Kooperation \u00fcberzeugt: \u201eAls begeisterter Sportler ist es mir besonders wichtig, dass unsere Uhren nicht nur sportlich aussehen, sondern auch h\u00f6chsten sportlichen Anforderungen gerecht werden. Um diese Anspr\u00fcche in unsere Entwicklungen einzubeziehen, ist eine solche Zusammenarbeit, wie wir sie mit Robert Jasper pflegen, von unsch\u00e4tzbarem Wert f\u00fcr uns\u201c, bekr\u00e4ftigt Thilo M\u00fchle, Gesch\u00e4ftsf\u00fchrer von M\u00fchle-Glash\u00fctte. Der Bezug zur Praxis ist M\u00fchle bei der Entwicklung seiner Einsatzuhren wichtig. So wurde beispielsweise auch der S.A.R. Rescue-Timer ma\u00dfgeblich von den Erfahrungen der Vorm\u00e4nner der Deutschen Gesellschaft zur Rettung Schiffbr\u00fcchiger (DGzRS) mitbestimmt.<\/p>\n<p><a href=\"https:\/\/manufaktuhr.info\/wp-content\/uploads\/2017\/11\/Robert-Jasper_ProMare-Chronograph_2.jpg\"><img loading=\"lazy\" decoding=\"async\" data-attachment-id=\"5766\" data-permalink=\"https:\/\/manufaktuhr.info\/?attachment_id=5766\" data-orig-file=\"https:\/\/manufaktuhr.info\/wp-content\/uploads\/2017\/11\/Robert-Jasper_ProMare-Chronograph_2.jpg\" data-orig-size=\"598,1063\" data-comments-opened=\"1\" data-image-meta=\"{&quot;aperture&quot;:&quot;0&quot;,&quot;credit&quot;:&quot;&quot;,&quot;camera&quot;:&quot;&quot;,&quot;caption&quot;:&quot;&quot;,&quot;created_timestamp&quot;:&quot;0&quot;,&quot;copyright&quot;:&quot;&quot;,&quot;focal_length&quot;:&quot;0&quot;,&quot;iso&quot;:&quot;0&quot;,&quot;shutter_speed&quot;:&quot;0&quot;,&quot;title&quot;:&quot;&quot;,&quot;orientation&quot;:&quot;0&quot;}\" data-image-title=\"Robert Jasper_ProMare Chronograph_2\" data-image-description=\"\" data-image-caption=\"\" data-medium-file=\"https:\/\/manufaktuhr.info\/wp-content\/uploads\/2017\/11\/Robert-Jasper_ProMare-Chronograph_2-169x300.jpg\" data-large-file=\"https:\/\/manufaktuhr.info\/wp-content\/uploads\/2017\/11\/Robert-Jasper_ProMare-Chronograph_2-576x1024.jpg\" class=\"aligncenter size-large wp-image-5766\" src=\"https:\/\/manufaktuhr.info\/wp-content\/uploads\/2017\/11\/Robert-Jasper_ProMare-Chronograph_2-576x1024.jpg\" alt=\"\" width=\"576\" height=\"1024\" srcset=\"https:\/\/manufaktuhr.info\/wp-content\/uploads\/2017\/11\/Robert-Jasper_ProMare-Chronograph_2-576x1024.jpg 576w, https:\/\/manufaktuhr.info\/wp-content\/uploads\/2017\/11\/Robert-Jasper_ProMare-Chronograph_2-169x300.jpg 169w, https:\/\/manufaktuhr.info\/wp-content\/uploads\/2017\/11\/Robert-Jasper_ProMare-Chronograph_2.jpg 598w\" sizes=\"auto, (max-width: 576px) 85vw, 576px\" \/><\/a>Robert Jasper z\u00e4hlt weltweit zu den f\u00fchrenden Bergsteigern und konnte in der Vergangenheit vor allem im extremen Alpin-Bereich und im Eis- und Mixed-Gel\u00e4nde internationale Ma\u00dfst\u00e4be setzen. Die besondere Leidenschaft des Kletterspezialisten aus dem Schwarzwald gilt dabei dem Soloklettern. Bereits im Jahr 1991 sorgte er f\u00fcr Aufsehen, als er innerhalb eines Jahres ohne Begleitung die drei gr\u00f6\u00dften Nordw\u00e4nde der Alpen \u2013 die Eiger-Nordwand, das Matterhorn und die Grandes Jorasses \u2013 in Rekordzeit durchstieg. 2003 wurde Robert Jasper vom Klettermagazin \u201eKlettern\u201c zum weltweit erfolgreichsten Mixed- Kletterer gew\u00e4hlt. Dar\u00fcber hinaus f\u00fchren ihn seine Expeditionen regelm\u00e4\u00dfig in die entlegensten Gebirge der Welt, wie das Gebiet rund um den Mount Everest im Himalaya und nach Patagonien.<\/p>\n<p>&nbsp;<\/p>\n<p>&nbsp;<\/p>\n","protected":false},"excerpt":{"rendered":"<p>Mit Robert Jasper unterst\u00fctzt der familiengef\u00fchrte Uhrenhersteller M\u00fchle-Glash\u00fctte einen der bekanntesten deutschen Extrembergsteiger. Bekannt wurde er bereits im Jahr 1991, als er die drei gro\u00dfen Nordw\u00e4nde von Eiger, Grandes Jorasses und Matterhorn im Alleingang auf schwierigen Routen durchstieg. Ein besonderes Verh\u00e4ltnis pflegt Jasper zur Eiger-Nordwand, die ihn auch in den folgenden Jahren immer wieder zu &hellip; <a href=\"https:\/\/manufaktuhr.info\/?p=5768\" class=\"more-link\"><span class=\"screen-reader-text\">\u201eHoch hinaus mit Robert Jasper \u2013  Extrembergsteiger testet den ProMare Chronographen von M\u00fchle-Glash\u00fctte\u201c <\/span>weiterlesen<\/a><\/p>\n","protected":false},"author":1,"featured_media":5767,"comment_status":"open","ping_status":"open","sticky":false,"template":"","format":"standard","meta":{"jetpack_post_was_ever_published":false,"_jetpack_newsletter_access":"","_jetpack_dont_email_post_to_subs":false,"_jetpack_newsletter_tier_id":0,"_jetpack_memberships_contains_paywalled_content":false,"_jetpack_memberships_contains_paid_content":false,"footnotes":"","jetpack_publicize_message":"","jetpack_publicize_feature_enabled":true,"jetpack_social_post_already_shared":true,"jetpack_social_options":{"image_generator_settings":{"template":"highway","default_image_id":0,"font":"","enabled":false},"version":2}},"categories":[4],"tags":[],"class_list":["post-5768","post","type-post","status-publish","format-standard","has-post-thumbnail","hentry","category-nautische-instrumente-muhle-glashutte"],"jetpack_publicize_connections":[],"jetpack_featured_media_url":"https:\/\/manufaktuhr.info\/wp-content\/uploads\/2017\/11\/Robert-Jasper_ProMare-Chronograph_1.jpg","jetpack_shortlink":"https:\/\/wp.me\/p7fs8R-1v2","jetpack-related-posts":[],"jetpack_sharing_enabled":true,"_links":{"self":[{"href":"https:\/\/manufaktuhr.info\/index.php?rest_route=\/wp\/v2\/posts\/5768","targetHints":{"allow":["GET"]}}],"collection":[{"href":"https:\/\/manufaktuhr.info\/index.php?rest_route=\/wp\/v2\/posts"}],"about":[{"href":"https:\/\/manufaktuhr.info\/index.php?rest_route=\/wp\/v2\/types\/post"}],"author":[{"embeddable":true,"href":"https:\/\/manufaktuhr.info\/index.php?rest_route=\/wp\/v2\/users\/1"}],"replies":[{"embeddable":true,"href":"https:\/\/manufaktuhr.info\/index.php?rest_route=%2Fwp%2Fv2%2Fcomments&post=5768"}],"version-history":[{"count":1,"href":"https:\/\/manufaktuhr.info\/index.php?rest_route=\/wp\/v2\/posts\/5768\/revisions"}],"predecessor-version":[{"id":5770,"href":"https:\/\/manufaktuhr.info\/index.php?rest_route=\/wp\/v2\/posts\/5768\/revisions\/5770"}],"wp:featuredmedia":[{"embeddable":true,"href":"https:\/\/manufaktuhr.info\/index.php?rest_route=\/wp\/v2\/media\/5767"}],"wp:attachment":[{"href":"https:\/\/manufaktuhr.info\/index.php?rest_route=%2Fwp%2Fv2%2Fmedia&parent=5768"}],"wp:term":[{"taxonomy":"category","embeddable":true,"href":"https:\/\/manufaktuhr.info\/index.php?rest_route=%2Fwp%2Fv2%2Fcategories&post=5768"},{"taxonomy":"post_tag","embeddable":true,"href":"https:\/\/manufaktuhr.info\/index.php?rest_route=%2Fwp%2Fv2%2Ftags&post=5768"}],"curies":[{"name":"wp","href":"https:\/\/api.w.org\/{rel}","templated":true}]}}