{"id":6301,"date":"2018-04-13T09:07:52","date_gmt":"2018-04-13T07:07:52","guid":{"rendered":"http:\/\/manufaktuhr.info\/?p=6301"},"modified":"2018-04-08T18:12:15","modified_gmt":"2018-04-08T16:12:15","slug":"perfekte-balance-die-muehle-29er-tag-datum","status":"publish","type":"post","link":"https:\/\/manufaktuhr.info\/?p=6301","title":{"rendered":"Perfekte Balance: Die M\u00fchle 29er Tag\/Datum"},"content":{"rendered":"<p>Die Balance muss stimmen: Das gilt nicht nur f\u00fcr den 29er als Segeljolle, sondern auch f\u00fcr die neue 29er Tag\/Datum. Wenn der Wind richtig im Segel zerrt und der Vorschoter mit ganzem Gewicht im Trapez der Regattajolle h\u00e4ngt, entscheidet die richtige Balance \u00fcber Sieg oder Sinken. Ebenso wichtig war den Uhrenentwicklern von M\u00fchle-Glash\u00fctte das ausgewogene Verh\u00e4ltnis von Datums- und Wochentaganzeige bei der Gestaltung der 29er Tag\/Datum.<\/p>\n<p><a href=\"https:\/\/manufaktuhr.info\/wp-content\/uploads\/2018\/04\/M1-25-34-NB_Image.jpg\"><img loading=\"lazy\" decoding=\"async\" data-attachment-id=\"6304\" data-permalink=\"https:\/\/manufaktuhr.info\/?attachment_id=6304\" data-orig-file=\"https:\/\/manufaktuhr.info\/wp-content\/uploads\/2018\/04\/M1-25-34-NB_Image.jpg\" data-orig-size=\"2500,1866\" data-comments-opened=\"1\" data-image-meta=\"{&quot;aperture&quot;:&quot;0&quot;,&quot;credit&quot;:&quot;&quot;,&quot;camera&quot;:&quot;&quot;,&quot;caption&quot;:&quot;&quot;,&quot;created_timestamp&quot;:&quot;0&quot;,&quot;copyright&quot;:&quot;&quot;,&quot;focal_length&quot;:&quot;0&quot;,&quot;iso&quot;:&quot;0&quot;,&quot;shutter_speed&quot;:&quot;0&quot;,&quot;title&quot;:&quot;&quot;,&quot;orientation&quot;:&quot;1&quot;}\" data-image-title=\"M1-25-34-NB_Image\" data-image-description=\"\" data-image-caption=\"\" data-medium-file=\"https:\/\/manufaktuhr.info\/wp-content\/uploads\/2018\/04\/M1-25-34-NB_Image-300x224.jpg\" data-large-file=\"https:\/\/manufaktuhr.info\/wp-content\/uploads\/2018\/04\/M1-25-34-NB_Image-1024x764.jpg\" class=\"aligncenter size-large wp-image-6304\" src=\"https:\/\/manufaktuhr.info\/wp-content\/uploads\/2018\/04\/M1-25-34-NB_Image-1024x764.jpg\" alt=\"\" width=\"640\" height=\"478\" srcset=\"https:\/\/manufaktuhr.info\/wp-content\/uploads\/2018\/04\/M1-25-34-NB_Image-1024x764.jpg 1024w, https:\/\/manufaktuhr.info\/wp-content\/uploads\/2018\/04\/M1-25-34-NB_Image-300x224.jpg 300w, https:\/\/manufaktuhr.info\/wp-content\/uploads\/2018\/04\/M1-25-34-NB_Image-768x573.jpg 768w\" sizes=\"auto, (max-width: 709px) 85vw, (max-width: 909px) 67vw, (max-width: 984px) 61vw, (max-width: 1362px) 45vw, 600px\" \/><\/a>Dabei hat das hauseigene Design-Team um Thilo M\u00fchle verschiedenste M\u00f6glichkeiten abgewogen. Wie bei der 29er Big wurde das Datum schlie\u00dflich bei drei Uhr platziert, die praktische Wochentaganzeige fand diesem gegen\u00fcberliegend bei neun Uhr ihren Platz. Derart angeordnet, unterstreichen die Anzeigen den geradlinigen Charakter der 29er-Modelle.<br \/>\n<a href=\"https:\/\/manufaktuhr.info\/wp-content\/uploads\/2018\/04\/IMG_3123.jpg\"><img loading=\"lazy\" decoding=\"async\" data-attachment-id=\"6288\" data-permalink=\"https:\/\/manufaktuhr.info\/?attachment_id=6288\" data-orig-file=\"https:\/\/manufaktuhr.info\/wp-content\/uploads\/2018\/04\/IMG_3123.jpg\" data-orig-size=\"4032,3024\" data-comments-opened=\"1\" data-image-meta=\"{&quot;aperture&quot;:&quot;1.8&quot;,&quot;credit&quot;:&quot;&quot;,&quot;camera&quot;:&quot;iPhone 7 Plus&quot;,&quot;caption&quot;:&quot;&quot;,&quot;created_timestamp&quot;:&quot;1521651999&quot;,&quot;copyright&quot;:&quot;&quot;,&quot;focal_length&quot;:&quot;3.99&quot;,&quot;iso&quot;:&quot;40&quot;,&quot;shutter_speed&quot;:&quot;0.058823529411765&quot;,&quot;title&quot;:&quot;&quot;,&quot;orientation&quot;:&quot;0&quot;}\" data-image-title=\"IMG_3123\" data-image-description=\"\" data-image-caption=\"\" data-medium-file=\"https:\/\/manufaktuhr.info\/wp-content\/uploads\/2018\/04\/IMG_3123-300x225.jpg\" data-large-file=\"https:\/\/manufaktuhr.info\/wp-content\/uploads\/2018\/04\/IMG_3123-1024x768.jpg\" class=\"aligncenter size-large wp-image-6288\" src=\"https:\/\/manufaktuhr.info\/wp-content\/uploads\/2018\/04\/IMG_3123-1024x768.jpg\" alt=\"\" width=\"640\" height=\"480\" srcset=\"https:\/\/manufaktuhr.info\/wp-content\/uploads\/2018\/04\/IMG_3123-1024x768.jpg 1024w, https:\/\/manufaktuhr.info\/wp-content\/uploads\/2018\/04\/IMG_3123-300x225.jpg 300w, https:\/\/manufaktuhr.info\/wp-content\/uploads\/2018\/04\/IMG_3123-768x576.jpg 768w\" sizes=\"auto, (max-width: 709px) 85vw, (max-width: 909px) 67vw, (max-width: 984px) 61vw, (max-width: 1362px) 45vw, 600px\" \/><\/a>Dar\u00fcber hinaus geht diese neue M\u00fchle-Uhr mit einer besonderen Farb\u00adnuance ins Rennen. Denn das Rehaut der 29er Tag\/Datum wird in Sand-Metallic ausgef\u00fchrt. Der Farbton vermittelt sehr harmonisch zwischen titangrauem Zifferblatt und silberfarbenem Edelstahlgeh\u00e4use und verleiht dieser 29er eine elegante Note. Diesen Eindruck verst\u00e4rken die applizierten Indizes des puristischen Zifferblatts, dessen Minuterie mit ihren nachleuchtenden Stundenmarkierungen und den kleinen Minutenziffern auf das Rehaut verlegt wurde.<br \/>\n<a href=\"https:\/\/manufaktuhr.info\/wp-content\/uploads\/2018\/04\/IMG_3125.jpg\"><img loading=\"lazy\" decoding=\"async\" data-attachment-id=\"6289\" data-permalink=\"https:\/\/manufaktuhr.info\/?attachment_id=6289\" data-orig-file=\"https:\/\/manufaktuhr.info\/wp-content\/uploads\/2018\/04\/IMG_3125.jpg\" data-orig-size=\"4032,3024\" data-comments-opened=\"1\" data-image-meta=\"{&quot;aperture&quot;:&quot;1.8&quot;,&quot;credit&quot;:&quot;&quot;,&quot;camera&quot;:&quot;iPhone 7 Plus&quot;,&quot;caption&quot;:&quot;&quot;,&quot;created_timestamp&quot;:&quot;1521652026&quot;,&quot;copyright&quot;:&quot;&quot;,&quot;focal_length&quot;:&quot;3.99&quot;,&quot;iso&quot;:&quot;40&quot;,&quot;shutter_speed&quot;:&quot;0.03030303030303&quot;,&quot;title&quot;:&quot;&quot;,&quot;orientation&quot;:&quot;1&quot;}\" data-image-title=\"IMG_3125\" data-image-description=\"\" data-image-caption=\"\" data-medium-file=\"https:\/\/manufaktuhr.info\/wp-content\/uploads\/2018\/04\/IMG_3125-300x225.jpg\" data-large-file=\"https:\/\/manufaktuhr.info\/wp-content\/uploads\/2018\/04\/IMG_3125-1024x768.jpg\" class=\"aligncenter size-large wp-image-6289\" src=\"https:\/\/manufaktuhr.info\/wp-content\/uploads\/2018\/04\/IMG_3125-1024x768.jpg\" alt=\"\" width=\"640\" height=\"480\" srcset=\"https:\/\/manufaktuhr.info\/wp-content\/uploads\/2018\/04\/IMG_3125-1024x768.jpg 1024w, https:\/\/manufaktuhr.info\/wp-content\/uploads\/2018\/04\/IMG_3125-300x225.jpg 300w, https:\/\/manufaktuhr.info\/wp-content\/uploads\/2018\/04\/IMG_3125-768x576.jpg 768w\" sizes=\"auto, (max-width: 709px) 85vw, (max-width: 909px) 67vw, (max-width: 984px) 61vw, (max-width: 1362px) 45vw, 600px\" \/><\/a>Im Herzen bleibt aber auch diese M\u00fchle-Uhr ein passionierter Sportler. So ist das hochwertige Edelstahlgeh\u00e4use bis 10 bar druckfest und mit dem optional erh\u00e4ltlichen Edelstahlband ist die 29er Tag\/Datum auch zum Schwimmen geeignet. Das kratzfeste Saphirglas und ein Flankenschutz f\u00fcr die verschraubte Krone verleihen dieser M\u00fchle-Uhr ebenfalls die Attribute eines h\u00f6chst alltagstauglichen Zeitmessers.<br \/>\nDiesem Anspruch wird auch das pr\u00e4zise Uhrwerk gerecht. In der 29er Tag\/Datum kommt ein SW 220-1, Version M\u00fchle zum Einsatz. Neben dem hauseigenen Rotor ist es auch mit der von M\u00fchle patentierten, besonders sto\u00dfsicheren Spechthalsregulierung ausger\u00fcstet. Nach der sorgf\u00e4ltigen Veredelung und Montage aller Werkteile wird das Uhrwerk in sechs Lagen gepr\u00fcft und so reguliert, dass es 0 bis maximal 8 Sekunden pro Tag vorgeht. Die hauseigene Reguliervorgabe orientiert sich zum einen an der Chronometernorm, zum anderen soll so ein Nachgehen der Uhr vermieden werden. Schlie\u00dflich soll kein Tr\u00e4ger einer M\u00fchle-Uhr aufgrund seiner Uhr zu sp\u00e4t kommen.<\/p>\n","protected":false},"excerpt":{"rendered":"<p>Die Balance muss stimmen: Das gilt nicht nur f\u00fcr den 29er als Segeljolle, sondern auch f\u00fcr die neue 29er Tag\/Datum. Wenn der Wind richtig im Segel zerrt und der Vorschoter mit ganzem Gewicht im Trapez der Regattajolle h\u00e4ngt, entscheidet die richtige Balance \u00fcber Sieg oder Sinken. Ebenso wichtig war den Uhrenentwicklern von M\u00fchle-Glash\u00fctte das ausgewogene &hellip; <a href=\"https:\/\/manufaktuhr.info\/?p=6301\" class=\"more-link\"><span class=\"screen-reader-text\">\u201ePerfekte Balance: Die M\u00fchle 29er Tag\/Datum\u201c <\/span>weiterlesen<\/a><\/p>\n","protected":false},"author":1,"featured_media":6289,"comment_status":"open","ping_status":"open","sticky":false,"template":"","format":"standard","meta":{"jetpack_post_was_ever_published":false,"_jetpack_newsletter_access":"","_jetpack_dont_email_post_to_subs":false,"_jetpack_newsletter_tier_id":0,"_jetpack_memberships_contains_paywalled_content":false,"_jetpack_memberships_contains_paid_content":false,"footnotes":"","jetpack_publicize_message":"","jetpack_publicize_feature_enabled":true,"jetpack_social_post_already_shared":true,"jetpack_social_options":{"image_generator_settings":{"template":"highway","default_image_id":0,"font":"","enabled":false},"version":2}},"categories":[4],"tags":[],"class_list":["post-6301","post","type-post","status-publish","format-standard","has-post-thumbnail","hentry","category-nautische-instrumente-muhle-glashutte"],"jetpack_publicize_connections":[],"jetpack_featured_media_url":"https:\/\/manufaktuhr.info\/wp-content\/uploads\/2018\/04\/IMG_3125.jpg","jetpack_shortlink":"https:\/\/wp.me\/p7fs8R-1DD","jetpack-related-posts":[],"jetpack_sharing_enabled":true,"_links":{"self":[{"href":"https:\/\/manufaktuhr.info\/index.php?rest_route=\/wp\/v2\/posts\/6301","targetHints":{"allow":["GET"]}}],"collection":[{"href":"https:\/\/manufaktuhr.info\/index.php?rest_route=\/wp\/v2\/posts"}],"about":[{"href":"https:\/\/manufaktuhr.info\/index.php?rest_route=\/wp\/v2\/types\/post"}],"author":[{"embeddable":true,"href":"https:\/\/manufaktuhr.info\/index.php?rest_route=\/wp\/v2\/users\/1"}],"replies":[{"embeddable":true,"href":"https:\/\/manufaktuhr.info\/index.php?rest_route=%2Fwp%2Fv2%2Fcomments&post=6301"}],"version-history":[{"count":2,"href":"https:\/\/manufaktuhr.info\/index.php?rest_route=\/wp\/v2\/posts\/6301\/revisions"}],"predecessor-version":[{"id":6305,"href":"https:\/\/manufaktuhr.info\/index.php?rest_route=\/wp\/v2\/posts\/6301\/revisions\/6305"}],"wp:featuredmedia":[{"embeddable":true,"href":"https:\/\/manufaktuhr.info\/index.php?rest_route=\/wp\/v2\/media\/6289"}],"wp:attachment":[{"href":"https:\/\/manufaktuhr.info\/index.php?rest_route=%2Fwp%2Fv2%2Fmedia&parent=6301"}],"wp:term":[{"taxonomy":"category","embeddable":true,"href":"https:\/\/manufaktuhr.info\/index.php?rest_route=%2Fwp%2Fv2%2Fcategories&post=6301"},{"taxonomy":"post_tag","embeddable":true,"href":"https:\/\/manufaktuhr.info\/index.php?rest_route=%2Fwp%2Fv2%2Ftags&post=6301"}],"curies":[{"name":"wp","href":"https:\/\/api.w.org\/{rel}","templated":true}]}}