{"id":6349,"date":"2018-05-01T10:00:57","date_gmt":"2018-05-01T08:00:57","guid":{"rendered":"http:\/\/manufaktuhr.info\/?p=6349"},"modified":"2018-04-30T14:01:15","modified_gmt":"2018-04-30T12:01:15","slug":"glashuette-original-erweitert-senator-excellence-linie-exzellenz-in-blau-silbergrau-und-weiss","status":"publish","type":"post","link":"https:\/\/manufaktuhr.info\/?p=6349","title":{"rendered":"Glash\u00fctte Original erweitert Senator Excellence Linie &#8211; Exzellenz in Blau, Silbergrau und Wei\u00df"},"content":{"rendered":"<p><a href=\"https:\/\/manufaktuhr.info\/wp-content\/uploads\/2018\/04\/1-36-04-05-02-31_SE-PDMP_weiss_1-36-04-04-02-30_blau_SE_PD_grau_1-36-03-03-02-31_MOOD_sRGB_25cm.jpg\"><img loading=\"lazy\" decoding=\"async\" data-attachment-id=\"6345\" data-permalink=\"https:\/\/manufaktuhr.info\/?attachment_id=6345\" data-orig-file=\"https:\/\/manufaktuhr.info\/wp-content\/uploads\/2018\/04\/1-36-04-05-02-31_SE-PDMP_weiss_1-36-04-04-02-30_blau_SE_PD_grau_1-36-03-03-02-31_MOOD_sRGB_25cm.jpg\" data-orig-size=\"2953,2197\" data-comments-opened=\"1\" data-image-meta=\"{&quot;aperture&quot;:&quot;12&quot;,&quot;credit&quot;:&quot;&quot;,&quot;camera&quot;:&quot;Credo 60&quot;,&quot;caption&quot;:&quot;&quot;,&quot;created_timestamp&quot;:&quot;1515581002&quot;,&quot;copyright&quot;:&quot;&quot;,&quot;focal_length&quot;:&quot;120&quot;,&quot;iso&quot;:&quot;50&quot;,&quot;shutter_speed&quot;:&quot;0.0080000237565665&quot;,&quot;title&quot;:&quot;&quot;,&quot;orientation&quot;:&quot;1&quot;}\" data-image-title=\"1-36-04-05-02-31_SE-PDMP_weiss_1-36-04-04-02-30_blau_SE_PD_grau_1-36-03-03-02-31_MOOD_sRGB_25cm\" data-image-description=\"\" data-image-caption=\"\" data-medium-file=\"https:\/\/manufaktuhr.info\/wp-content\/uploads\/2018\/04\/1-36-04-05-02-31_SE-PDMP_weiss_1-36-04-04-02-30_blau_SE_PD_grau_1-36-03-03-02-31_MOOD_sRGB_25cm-300x223.jpg\" data-large-file=\"https:\/\/manufaktuhr.info\/wp-content\/uploads\/2018\/04\/1-36-04-05-02-31_SE-PDMP_weiss_1-36-04-04-02-30_blau_SE_PD_grau_1-36-03-03-02-31_MOOD_sRGB_25cm-1024x762.jpg\" class=\"aligncenter size-large wp-image-6345\" src=\"https:\/\/manufaktuhr.info\/wp-content\/uploads\/2018\/04\/1-36-04-05-02-31_SE-PDMP_weiss_1-36-04-04-02-30_blau_SE_PD_grau_1-36-03-03-02-31_MOOD_sRGB_25cm-1024x762.jpg\" alt=\"\" width=\"640\" height=\"476\" srcset=\"https:\/\/manufaktuhr.info\/wp-content\/uploads\/2018\/04\/1-36-04-05-02-31_SE-PDMP_weiss_1-36-04-04-02-30_blau_SE_PD_grau_1-36-03-03-02-31_MOOD_sRGB_25cm-1024x762.jpg 1024w, https:\/\/manufaktuhr.info\/wp-content\/uploads\/2018\/04\/1-36-04-05-02-31_SE-PDMP_weiss_1-36-04-04-02-30_blau_SE_PD_grau_1-36-03-03-02-31_MOOD_sRGB_25cm-300x223.jpg 300w, https:\/\/manufaktuhr.info\/wp-content\/uploads\/2018\/04\/1-36-04-05-02-31_SE-PDMP_weiss_1-36-04-04-02-30_blau_SE_PD_grau_1-36-03-03-02-31_MOOD_sRGB_25cm-768x571.jpg 768w\" sizes=\"auto, (max-width: 709px) 85vw, (max-width: 909px) 67vw, (max-width: 984px) 61vw, (max-width: 1362px) 45vw, 600px\" \/><\/a>Die Senator Excellence Linie von Glash\u00fctte Original steht seit ihrer Lancierung f\u00fcr au\u00dfergew\u00f6hnliche Qualit\u00e4t in klassischem Design. Mit einem weiteren, zus\u00e4tzlichen Look der Senator Excellence Panoramadatum und der Senator Excellence Panoramadatum Mondphase verleiht die s\u00e4chsische Manufaktur ihrer erfolgreichen Linie einen kraftvollen Design-Impuls.<\/p>\n<p><a href=\"https:\/\/manufaktuhr.info\/wp-content\/uploads\/2018\/04\/IMG_2850.jpg\"><img loading=\"lazy\" decoding=\"async\" data-attachment-id=\"6338\" data-permalink=\"https:\/\/manufaktuhr.info\/?attachment_id=6338\" data-orig-file=\"https:\/\/manufaktuhr.info\/wp-content\/uploads\/2018\/04\/IMG_2850.jpg\" data-orig-size=\"1200,900\" data-comments-opened=\"1\" data-image-meta=\"{&quot;aperture&quot;:&quot;0&quot;,&quot;credit&quot;:&quot;&quot;,&quot;camera&quot;:&quot;&quot;,&quot;caption&quot;:&quot;&quot;,&quot;created_timestamp&quot;:&quot;0&quot;,&quot;copyright&quot;:&quot;&quot;,&quot;focal_length&quot;:&quot;0&quot;,&quot;iso&quot;:&quot;0&quot;,&quot;shutter_speed&quot;:&quot;0&quot;,&quot;title&quot;:&quot;&quot;,&quot;orientation&quot;:&quot;0&quot;}\" data-image-title=\"IMG_2850\" data-image-description=\"\" data-image-caption=\"\" data-medium-file=\"https:\/\/manufaktuhr.info\/wp-content\/uploads\/2018\/04\/IMG_2850-300x225.jpg\" data-large-file=\"https:\/\/manufaktuhr.info\/wp-content\/uploads\/2018\/04\/IMG_2850-1024x768.jpg\" class=\"aligncenter size-large wp-image-6338\" src=\"https:\/\/manufaktuhr.info\/wp-content\/uploads\/2018\/04\/IMG_2850-1024x768.jpg\" alt=\"\" width=\"640\" height=\"480\" srcset=\"https:\/\/manufaktuhr.info\/wp-content\/uploads\/2018\/04\/IMG_2850-1024x768.jpg 1024w, https:\/\/manufaktuhr.info\/wp-content\/uploads\/2018\/04\/IMG_2850-300x225.jpg 300w, https:\/\/manufaktuhr.info\/wp-content\/uploads\/2018\/04\/IMG_2850-768x576.jpg 768w, https:\/\/manufaktuhr.info\/wp-content\/uploads\/2018\/04\/IMG_2850.jpg 1200w\" sizes=\"auto, (max-width: 709px) 85vw, (max-width: 909px) 67vw, (max-width: 984px) 61vw, (max-width: 1362px) 45vw, 600px\" \/><\/a>Zwei exzellente Zeitmesser aus dem Hause Glash\u00fctte Original pr\u00e4sentieren sich ab sofort mit einem weiteren Gesicht: Die s\u00e4chsische Manufaktur legt dem stilbewussten Mann in diesem Fr\u00fchjahr jeweils drei neue Varianten der Senator Excellence Panoramadatum und der Senator Excellence Panoramadatum Mondphase ans Handgelenk. Nach den klassischen Premieren-Modellen stehen die Zeitmesser nun auch mit Zifferbl\u00e4ttern in Blau, Silbergrau und Wei\u00df zur Verf\u00fcgung \u2013 eingefasst in ein leicht vergr\u00f6\u00dfertes Edelstahl- Geh\u00e4use von 42 Millimetern Durchmesser. Mit diesem zeitgen\u00f6ssischen, eleganten Look erweitert die Marke ihre erfolgreiche, auf dem preisgekr\u00f6nten Kaliber 36 basierende Senator Excellence Linie.<br \/>\n<a href=\"https:\/\/manufaktuhr.info\/wp-content\/uploads\/2018\/04\/IMG_2856.jpg\"><img loading=\"lazy\" decoding=\"async\" data-attachment-id=\"6335\" data-permalink=\"https:\/\/manufaktuhr.info\/?attachment_id=6335\" data-orig-file=\"https:\/\/manufaktuhr.info\/wp-content\/uploads\/2018\/04\/IMG_2856.jpg\" data-orig-size=\"1200,900\" data-comments-opened=\"1\" data-image-meta=\"{&quot;aperture&quot;:&quot;0&quot;,&quot;credit&quot;:&quot;&quot;,&quot;camera&quot;:&quot;&quot;,&quot;caption&quot;:&quot;&quot;,&quot;created_timestamp&quot;:&quot;0&quot;,&quot;copyright&quot;:&quot;&quot;,&quot;focal_length&quot;:&quot;0&quot;,&quot;iso&quot;:&quot;0&quot;,&quot;shutter_speed&quot;:&quot;0&quot;,&quot;title&quot;:&quot;&quot;,&quot;orientation&quot;:&quot;0&quot;}\" data-image-title=\"IMG_2856\" data-image-description=\"\" data-image-caption=\"\" data-medium-file=\"https:\/\/manufaktuhr.info\/wp-content\/uploads\/2018\/04\/IMG_2856-300x225.jpg\" data-large-file=\"https:\/\/manufaktuhr.info\/wp-content\/uploads\/2018\/04\/IMG_2856-1024x768.jpg\" class=\"aligncenter size-large wp-image-6335\" src=\"https:\/\/manufaktuhr.info\/wp-content\/uploads\/2018\/04\/IMG_2856-1024x768.jpg\" alt=\"\" width=\"640\" height=\"480\" srcset=\"https:\/\/manufaktuhr.info\/wp-content\/uploads\/2018\/04\/IMG_2856-1024x768.jpg 1024w, https:\/\/manufaktuhr.info\/wp-content\/uploads\/2018\/04\/IMG_2856-300x225.jpg 300w, https:\/\/manufaktuhr.info\/wp-content\/uploads\/2018\/04\/IMG_2856-768x576.jpg 768w, https:\/\/manufaktuhr.info\/wp-content\/uploads\/2018\/04\/IMG_2856.jpg 1200w\" sizes=\"auto, (max-width: 709px) 85vw, (max-width: 909px) 67vw, (max-width: 984px) 61vw, (max-width: 1362px) 45vw, 600px\" \/><\/a><br \/>\n<strong>Kleine \u00c4nderungen, gro\u00dfe Wirkung<\/strong><br \/>\nDie neuen Modelle unterstreichen einmal mehr die besondere Zifferblatt-Kompetenz von Glash\u00fctte Original. Schlie\u00dflich wird jedes neue farbige Antlitz in aufwendigen Galvanisierungs- und Schleifverfahren in der unternehmenseigenen Zifferblattmanufaktur in Pforzheim hergestellt: Das blau galvanisierte Zifferblatt ziert ein feiner Strahlenschliff, das silbergrau galvanisierte Zifferblatt wird durch einen vertikalen Strichschliff akzentuiert w\u00e4hrend das wei\u00df lackierte Zifferblatt durch seine ebenm\u00e4\u00dfige matte Oberfl\u00e4che besticht.<br \/>\n<a href=\"https:\/\/manufaktuhr.info\/wp-content\/uploads\/2018\/04\/IMG_2848.jpg\"><img loading=\"lazy\" decoding=\"async\" data-attachment-id=\"6339\" data-permalink=\"https:\/\/manufaktuhr.info\/?attachment_id=6339\" data-orig-file=\"https:\/\/manufaktuhr.info\/wp-content\/uploads\/2018\/04\/IMG_2848.jpg\" data-orig-size=\"1200,900\" data-comments-opened=\"1\" data-image-meta=\"{&quot;aperture&quot;:&quot;0&quot;,&quot;credit&quot;:&quot;&quot;,&quot;camera&quot;:&quot;&quot;,&quot;caption&quot;:&quot;&quot;,&quot;created_timestamp&quot;:&quot;0&quot;,&quot;copyright&quot;:&quot;&quot;,&quot;focal_length&quot;:&quot;0&quot;,&quot;iso&quot;:&quot;0&quot;,&quot;shutter_speed&quot;:&quot;0&quot;,&quot;title&quot;:&quot;&quot;,&quot;orientation&quot;:&quot;0&quot;}\" data-image-title=\"IMG_2848\" data-image-description=\"\" data-image-caption=\"\" data-medium-file=\"https:\/\/manufaktuhr.info\/wp-content\/uploads\/2018\/04\/IMG_2848-300x225.jpg\" data-large-file=\"https:\/\/manufaktuhr.info\/wp-content\/uploads\/2018\/04\/IMG_2848-1024x768.jpg\" class=\"aligncenter size-large wp-image-6339\" src=\"https:\/\/manufaktuhr.info\/wp-content\/uploads\/2018\/04\/IMG_2848-1024x768.jpg\" alt=\"\" width=\"640\" height=\"480\" srcset=\"https:\/\/manufaktuhr.info\/wp-content\/uploads\/2018\/04\/IMG_2848-1024x768.jpg 1024w, https:\/\/manufaktuhr.info\/wp-content\/uploads\/2018\/04\/IMG_2848-300x225.jpg 300w, https:\/\/manufaktuhr.info\/wp-content\/uploads\/2018\/04\/IMG_2848-768x576.jpg 768w, https:\/\/manufaktuhr.info\/wp-content\/uploads\/2018\/04\/IMG_2848.jpg 1200w\" sizes=\"auto, (max-width: 709px) 85vw, (max-width: 909px) 67vw, (max-width: 984px) 61vw, (max-width: 1362px) 45vw, 600px\" \/><\/a><a href=\"https:\/\/manufaktuhr.info\/wp-content\/uploads\/2018\/04\/IMG_2846.jpg\"><img loading=\"lazy\" decoding=\"async\" data-attachment-id=\"6340\" data-permalink=\"https:\/\/manufaktuhr.info\/?attachment_id=6340\" data-orig-file=\"https:\/\/manufaktuhr.info\/wp-content\/uploads\/2018\/04\/IMG_2846.jpg\" data-orig-size=\"1200,900\" data-comments-opened=\"1\" data-image-meta=\"{&quot;aperture&quot;:&quot;0&quot;,&quot;credit&quot;:&quot;&quot;,&quot;camera&quot;:&quot;&quot;,&quot;caption&quot;:&quot;&quot;,&quot;created_timestamp&quot;:&quot;0&quot;,&quot;copyright&quot;:&quot;&quot;,&quot;focal_length&quot;:&quot;0&quot;,&quot;iso&quot;:&quot;0&quot;,&quot;shutter_speed&quot;:&quot;0&quot;,&quot;title&quot;:&quot;&quot;,&quot;orientation&quot;:&quot;0&quot;}\" data-image-title=\"IMG_2846\" data-image-description=\"\" data-image-caption=\"\" data-medium-file=\"https:\/\/manufaktuhr.info\/wp-content\/uploads\/2018\/04\/IMG_2846-300x225.jpg\" data-large-file=\"https:\/\/manufaktuhr.info\/wp-content\/uploads\/2018\/04\/IMG_2846-1024x768.jpg\" class=\"aligncenter size-large wp-image-6340\" src=\"https:\/\/manufaktuhr.info\/wp-content\/uploads\/2018\/04\/IMG_2846-1024x768.jpg\" alt=\"\" width=\"640\" height=\"480\" srcset=\"https:\/\/manufaktuhr.info\/wp-content\/uploads\/2018\/04\/IMG_2846-1024x768.jpg 1024w, https:\/\/manufaktuhr.info\/wp-content\/uploads\/2018\/04\/IMG_2846-300x225.jpg 300w, https:\/\/manufaktuhr.info\/wp-content\/uploads\/2018\/04\/IMG_2846-768x576.jpg 768w, https:\/\/manufaktuhr.info\/wp-content\/uploads\/2018\/04\/IMG_2846.jpg 1200w\" sizes=\"auto, (max-width: 709px) 85vw, (max-width: 909px) 67vw, (max-width: 984px) 61vw, (max-width: 1362px) 45vw, 600px\" \/><\/a>Auch die Anzeigen der Mondphase und des Glash\u00fctte Original Panoramadatums werden in Pforzheim mit Kunstfertigkeit und Akribie ins Zifferblatt integriert. Nicht zuletzt bringen die Pforzheimer Experten auch die charakteristischen Appliken auf und tragen so dazu bei, dass die Uhr trotz ihrer reduzierten Gestaltung einen bleibenden Eindruck hinterl\u00e4sst. Markante wei\u00dfgoldene Indexe sowie farblich darauf abgestimmte Stunden- und Minutenzeiger in klarer und dynamischer Schwert-Form runden die Erscheinung der neuen Zeitmesser harmonisch ab und bilden eine elegante Einheit.<br \/>\n<a href=\"https:\/\/manufaktuhr.info\/wp-content\/uploads\/2018\/04\/IMG_2840.jpg\"><img loading=\"lazy\" decoding=\"async\" data-attachment-id=\"6343\" data-permalink=\"https:\/\/manufaktuhr.info\/?attachment_id=6343\" data-orig-file=\"https:\/\/manufaktuhr.info\/wp-content\/uploads\/2018\/04\/IMG_2840.jpg\" data-orig-size=\"1200,804\" data-comments-opened=\"1\" data-image-meta=\"{&quot;aperture&quot;:&quot;0&quot;,&quot;credit&quot;:&quot;&quot;,&quot;camera&quot;:&quot;&quot;,&quot;caption&quot;:&quot;&quot;,&quot;created_timestamp&quot;:&quot;0&quot;,&quot;copyright&quot;:&quot;&quot;,&quot;focal_length&quot;:&quot;0&quot;,&quot;iso&quot;:&quot;0&quot;,&quot;shutter_speed&quot;:&quot;0&quot;,&quot;title&quot;:&quot;&quot;,&quot;orientation&quot;:&quot;0&quot;}\" data-image-title=\"IMG_2840\" data-image-description=\"\" data-image-caption=\"\" data-medium-file=\"https:\/\/manufaktuhr.info\/wp-content\/uploads\/2018\/04\/IMG_2840-300x201.jpg\" data-large-file=\"https:\/\/manufaktuhr.info\/wp-content\/uploads\/2018\/04\/IMG_2840-1024x686.jpg\" class=\"aligncenter size-large wp-image-6343\" src=\"https:\/\/manufaktuhr.info\/wp-content\/uploads\/2018\/04\/IMG_2840-1024x686.jpg\" alt=\"\" width=\"640\" height=\"429\" srcset=\"https:\/\/manufaktuhr.info\/wp-content\/uploads\/2018\/04\/IMG_2840-1024x686.jpg 1024w, https:\/\/manufaktuhr.info\/wp-content\/uploads\/2018\/04\/IMG_2840-300x201.jpg 300w, https:\/\/manufaktuhr.info\/wp-content\/uploads\/2018\/04\/IMG_2840-768x515.jpg 768w, https:\/\/manufaktuhr.info\/wp-content\/uploads\/2018\/04\/IMG_2840.jpg 1200w\" sizes=\"auto, (max-width: 709px) 85vw, (max-width: 909px) 67vw, (max-width: 984px) 61vw, (max-width: 1362px) 45vw, 600px\" \/><\/a><a href=\"https:\/\/manufaktuhr.info\/wp-content\/uploads\/2018\/04\/IMG_2853.jpg\"><img loading=\"lazy\" decoding=\"async\" data-attachment-id=\"6336\" data-permalink=\"https:\/\/manufaktuhr.info\/?attachment_id=6336\" data-orig-file=\"https:\/\/manufaktuhr.info\/wp-content\/uploads\/2018\/04\/IMG_2853.jpg\" data-orig-size=\"1200,900\" data-comments-opened=\"1\" data-image-meta=\"{&quot;aperture&quot;:&quot;0&quot;,&quot;credit&quot;:&quot;&quot;,&quot;camera&quot;:&quot;&quot;,&quot;caption&quot;:&quot;&quot;,&quot;created_timestamp&quot;:&quot;0&quot;,&quot;copyright&quot;:&quot;&quot;,&quot;focal_length&quot;:&quot;0&quot;,&quot;iso&quot;:&quot;0&quot;,&quot;shutter_speed&quot;:&quot;0&quot;,&quot;title&quot;:&quot;&quot;,&quot;orientation&quot;:&quot;0&quot;}\" data-image-title=\"IMG_2853\" data-image-description=\"\" data-image-caption=\"\" data-medium-file=\"https:\/\/manufaktuhr.info\/wp-content\/uploads\/2018\/04\/IMG_2853-300x225.jpg\" data-large-file=\"https:\/\/manufaktuhr.info\/wp-content\/uploads\/2018\/04\/IMG_2853-1024x768.jpg\" class=\"aligncenter size-large wp-image-6336\" src=\"https:\/\/manufaktuhr.info\/wp-content\/uploads\/2018\/04\/IMG_2853-1024x768.jpg\" alt=\"\" width=\"640\" height=\"480\" srcset=\"https:\/\/manufaktuhr.info\/wp-content\/uploads\/2018\/04\/IMG_2853-1024x768.jpg 1024w, https:\/\/manufaktuhr.info\/wp-content\/uploads\/2018\/04\/IMG_2853-300x225.jpg 300w, https:\/\/manufaktuhr.info\/wp-content\/uploads\/2018\/04\/IMG_2853-768x576.jpg 768w, https:\/\/manufaktuhr.info\/wp-content\/uploads\/2018\/04\/IMG_2853.jpg 1200w\" sizes=\"auto, (max-width: 709px) 85vw, (max-width: 909px) 67vw, (max-width: 984px) 61vw, (max-width: 1362px) 45vw, 600px\" \/><\/a><br \/>\n<strong>Bew\u00e4hrte Qualit\u00e4t im Doppelpack<\/strong><br \/>\nW\u00e4hrend sich die Senator Excellence Panoramadatum und die Senator Excellence Panoramadatum Mondphase also in ein neues Outfit kleiden, stehen sie im Inneren f\u00fcr Kontinuit\u00e4t. Und das aus gutem Grund: Das Kaliber 36, hier in den Varianten 36-03 mit Panoramadatum und 36-04 mit Panoramadatum und Mondphase, hat sich als Inbegriff von uhrmacherischer Exzellenz bereits einen Namen gemacht. Das aufs Wesentliche reduzierte Manufakturwerk bildet seit 2016 das Herz der gesamten Linie.<\/p>\n<p><a href=\"https:\/\/manufaktuhr.info\/wp-content\/uploads\/2018\/04\/Calibre-36_PR1_25cm.jpg\"><img loading=\"lazy\" decoding=\"async\" data-attachment-id=\"6348\" data-permalink=\"https:\/\/manufaktuhr.info\/?attachment_id=6348\" data-orig-file=\"https:\/\/manufaktuhr.info\/wp-content\/uploads\/2018\/04\/Calibre-36_PR1_25cm.jpg\" data-orig-size=\"2953,1969\" data-comments-opened=\"1\" data-image-meta=\"{&quot;aperture&quot;:&quot;0&quot;,&quot;credit&quot;:&quot;Ren\\u00e9 Gaens&quot;,&quot;camera&quot;:&quot;Canon EOS 5DS&quot;,&quot;caption&quot;:&quot;&quot;,&quot;created_timestamp&quot;:&quot;1453908439&quot;,&quot;copyright&quot;:&quot;Ren\\u00e9 Gaens&quot;,&quot;focal_length&quot;:&quot;0&quot;,&quot;iso&quot;:&quot;100&quot;,&quot;shutter_speed&quot;:&quot;0.008&quot;,&quot;title&quot;:&quot;&quot;,&quot;orientation&quot;:&quot;1&quot;}\" data-image-title=\"Calibre 36_PR1_25cm\" data-image-description=\"\" data-image-caption=\"\" data-medium-file=\"https:\/\/manufaktuhr.info\/wp-content\/uploads\/2018\/04\/Calibre-36_PR1_25cm-300x200.jpg\" data-large-file=\"https:\/\/manufaktuhr.info\/wp-content\/uploads\/2018\/04\/Calibre-36_PR1_25cm-1024x683.jpg\" class=\"aligncenter size-large wp-image-6348\" src=\"https:\/\/manufaktuhr.info\/wp-content\/uploads\/2018\/04\/Calibre-36_PR1_25cm-1024x683.jpg\" alt=\"\" width=\"640\" height=\"427\" srcset=\"https:\/\/manufaktuhr.info\/wp-content\/uploads\/2018\/04\/Calibre-36_PR1_25cm-1024x683.jpg 1024w, https:\/\/manufaktuhr.info\/wp-content\/uploads\/2018\/04\/Calibre-36_PR1_25cm-300x200.jpg 300w, https:\/\/manufaktuhr.info\/wp-content\/uploads\/2018\/04\/Calibre-36_PR1_25cm-768x512.jpg 768w\" sizes=\"auto, (max-width: 709px) 85vw, (max-width: 909px) 67vw, (max-width: 984px) 61vw, (max-width: 1362px) 45vw, 600px\" \/><\/a>Insbesondere mit den beiden f\u00fcr Glash\u00fctte Original typischen Komplikationen hat das Kaliber 36 Ma\u00dfst\u00e4be in Sachen Nutzerfreundlichkeit gesetzt. So lassen sich sowohl das Glash\u00fctte Original Panoramadatum als auch die Mondphase komfortabel \u00fcber die Krone einstellen. Auf einen zus\u00e4tzlichen Korrektor am Geh\u00e4use konnte dadurch verzichtet werden.<br \/>\n<a href=\"https:\/\/manufaktuhr.info\/wp-content\/uploads\/2018\/04\/Calibre-36_PR3_25cm.jpg\"><img loading=\"lazy\" decoding=\"async\" data-attachment-id=\"6346\" data-permalink=\"https:\/\/manufaktuhr.info\/?attachment_id=6346\" data-orig-file=\"https:\/\/manufaktuhr.info\/wp-content\/uploads\/2018\/04\/Calibre-36_PR3_25cm.jpg\" data-orig-size=\"2953,1969\" data-comments-opened=\"1\" data-image-meta=\"{&quot;aperture&quot;:&quot;8&quot;,&quot;credit&quot;:&quot;Ren\\u00e9 Gaens&quot;,&quot;camera&quot;:&quot;Canon EOS 5DS&quot;,&quot;caption&quot;:&quot;&quot;,&quot;created_timestamp&quot;:&quot;1453906083&quot;,&quot;copyright&quot;:&quot;Ren\\u00e9 Gaens&quot;,&quot;focal_length&quot;:&quot;100&quot;,&quot;iso&quot;:&quot;100&quot;,&quot;shutter_speed&quot;:&quot;0.008&quot;,&quot;title&quot;:&quot;&quot;,&quot;orientation&quot;:&quot;1&quot;}\" data-image-title=\"Calibre 36_PR3_25cm\" data-image-description=\"\" data-image-caption=\"\" data-medium-file=\"https:\/\/manufaktuhr.info\/wp-content\/uploads\/2018\/04\/Calibre-36_PR3_25cm-300x200.jpg\" data-large-file=\"https:\/\/manufaktuhr.info\/wp-content\/uploads\/2018\/04\/Calibre-36_PR3_25cm-1024x683.jpg\" class=\"aligncenter size-large wp-image-6346\" src=\"https:\/\/manufaktuhr.info\/wp-content\/uploads\/2018\/04\/Calibre-36_PR3_25cm-1024x683.jpg\" alt=\"\" width=\"640\" height=\"427\" srcset=\"https:\/\/manufaktuhr.info\/wp-content\/uploads\/2018\/04\/Calibre-36_PR3_25cm-1024x683.jpg 1024w, https:\/\/manufaktuhr.info\/wp-content\/uploads\/2018\/04\/Calibre-36_PR3_25cm-300x200.jpg 300w, https:\/\/manufaktuhr.info\/wp-content\/uploads\/2018\/04\/Calibre-36_PR3_25cm-768x512.jpg 768w\" sizes=\"auto, (max-width: 709px) 85vw, (max-width: 909px) 67vw, (max-width: 984px) 61vw, (max-width: 1362px) 45vw, 600px\" \/><\/a>Wie alle anderen Senator-Excellence-Modelle garantieren auch ihre j\u00fcngsten Varianten einen besonderen Qualit\u00e4tsstandard. Jede einzelne dieser Uhren tr\u00e4gt eine spezielle Gravur in Form eines \u201eQ\u201c auf dem Geh\u00e4useboden, die als ein Versprechen zu verstehen ist. Zusammen mit einer individuellen Pr\u00fcfbescheinigung, garantiert sie dem Besitzer, dass seine Uhr den h\u00f6chsten Anforderungen in puncto Stabilit\u00e4t, Laufzeit, Pr\u00e4zision und \u00c4sthetik entspricht und in einem Langzeittest von 24 Tagen durchgehend gepr\u00fcft wurde \u2013 unter Bedingungen, die selbst \u00fcber die aufwendige deutsche Chronometer-Pr\u00fcfung hinausgehen.<\/p>\n","protected":false},"excerpt":{"rendered":"<p>Die Senator Excellence Linie von Glash\u00fctte Original steht seit ihrer Lancierung f\u00fcr au\u00dfergew\u00f6hnliche Qualit\u00e4t in klassischem Design. Mit einem weiteren, zus\u00e4tzlichen Look der Senator Excellence Panoramadatum und der Senator Excellence Panoramadatum Mondphase verleiht die s\u00e4chsische Manufaktur ihrer erfolgreichen Linie einen kraftvollen Design-Impuls. Zwei exzellente Zeitmesser aus dem Hause Glash\u00fctte Original pr\u00e4sentieren sich ab sofort mit &hellip; <a href=\"https:\/\/manufaktuhr.info\/?p=6349\" class=\"more-link\"><span class=\"screen-reader-text\">\u201eGlash\u00fctte Original erweitert Senator Excellence Linie &#8211; Exzellenz in Blau, Silbergrau und Wei\u00df\u201c <\/span>weiterlesen<\/a><\/p>\n","protected":false},"author":1,"featured_media":6337,"comment_status":"open","ping_status":"open","sticky":false,"template":"","format":"standard","meta":{"jetpack_post_was_ever_published":false,"_jetpack_newsletter_access":"","_jetpack_dont_email_post_to_subs":false,"_jetpack_newsletter_tier_id":0,"_jetpack_memberships_contains_paywalled_content":false,"_jetpack_memberships_contains_paid_content":false,"footnotes":"","jetpack_publicize_message":"","jetpack_publicize_feature_enabled":true,"jetpack_social_post_already_shared":true,"jetpack_social_options":{"image_generator_settings":{"template":"highway","default_image_id":0,"font":"","enabled":false},"version":2}},"categories":[10],"tags":[],"class_list":["post-6349","post","type-post","status-publish","format-standard","has-post-thumbnail","hentry","category-glashutte-original"],"jetpack_publicize_connections":[],"jetpack_featured_media_url":"https:\/\/manufaktuhr.info\/wp-content\/uploads\/2018\/04\/IMG_2851.jpg","jetpack_shortlink":"https:\/\/wp.me\/p7fs8R-1Ep","jetpack-related-posts":[],"jetpack_sharing_enabled":true,"_links":{"self":[{"href":"https:\/\/manufaktuhr.info\/index.php?rest_route=\/wp\/v2\/posts\/6349","targetHints":{"allow":["GET"]}}],"collection":[{"href":"https:\/\/manufaktuhr.info\/index.php?rest_route=\/wp\/v2\/posts"}],"about":[{"href":"https:\/\/manufaktuhr.info\/index.php?rest_route=\/wp\/v2\/types\/post"}],"author":[{"embeddable":true,"href":"https:\/\/manufaktuhr.info\/index.php?rest_route=\/wp\/v2\/users\/1"}],"replies":[{"embeddable":true,"href":"https:\/\/manufaktuhr.info\/index.php?rest_route=%2Fwp%2Fv2%2Fcomments&post=6349"}],"version-history":[{"count":2,"href":"https:\/\/manufaktuhr.info\/index.php?rest_route=\/wp\/v2\/posts\/6349\/revisions"}],"predecessor-version":[{"id":6351,"href":"https:\/\/manufaktuhr.info\/index.php?rest_route=\/wp\/v2\/posts\/6349\/revisions\/6351"}],"wp:featuredmedia":[{"embeddable":true,"href":"https:\/\/manufaktuhr.info\/index.php?rest_route=\/wp\/v2\/media\/6337"}],"wp:attachment":[{"href":"https:\/\/manufaktuhr.info\/index.php?rest_route=%2Fwp%2Fv2%2Fmedia&parent=6349"}],"wp:term":[{"taxonomy":"category","embeddable":true,"href":"https:\/\/manufaktuhr.info\/index.php?rest_route=%2Fwp%2Fv2%2Fcategories&post=6349"},{"taxonomy":"post_tag","embeddable":true,"href":"https:\/\/manufaktuhr.info\/index.php?rest_route=%2Fwp%2Fv2%2Ftags&post=6349"}],"curies":[{"name":"wp","href":"https:\/\/api.w.org\/{rel}","templated":true}]}}