{"id":6505,"date":"2018-06-26T09:12:52","date_gmt":"2018-06-26T07:12:52","guid":{"rendered":"http:\/\/manufaktuhr.info\/?p=6505"},"modified":"2018-06-25T21:16:26","modified_gmt":"2018-06-25T19:16:26","slug":"die-dessau-color-im-monochromen-look-minimalismus-in-perfektion","status":"publish","type":"post","link":"https:\/\/manufaktuhr.info\/?p=6505","title":{"rendered":"Die Dessau Color im monochromen Look &#8211; Minimalismus in Perfektion"},"content":{"rendered":"<p><a href=\"https:\/\/manufaktuhr.info\/wp-content\/uploads\/2018\/06\/bauhaus-dessau-BUILDING-2_800.jpg\"><img loading=\"lazy\" decoding=\"async\" data-attachment-id=\"6501\" data-permalink=\"https:\/\/manufaktuhr.info\/?attachment_id=6501\" data-orig-file=\"https:\/\/manufaktuhr.info\/wp-content\/uploads\/2018\/06\/bauhaus-dessau-BUILDING-2_800.jpg\" data-orig-size=\"800,450\" data-comments-opened=\"1\" data-image-meta=\"{&quot;aperture&quot;:&quot;0&quot;,&quot;credit&quot;:&quot;&quot;,&quot;camera&quot;:&quot;&quot;,&quot;caption&quot;:&quot;&quot;,&quot;created_timestamp&quot;:&quot;0&quot;,&quot;copyright&quot;:&quot;&quot;,&quot;focal_length&quot;:&quot;0&quot;,&quot;iso&quot;:&quot;0&quot;,&quot;shutter_speed&quot;:&quot;0&quot;,&quot;title&quot;:&quot;&quot;,&quot;orientation&quot;:&quot;1&quot;}\" data-image-title=\"bauhaus dessau-BUILDING-2_800\" data-image-description=\"\" data-image-caption=\"\" data-medium-file=\"https:\/\/manufaktuhr.info\/wp-content\/uploads\/2018\/06\/bauhaus-dessau-BUILDING-2_800-300x169.jpg\" data-large-file=\"https:\/\/manufaktuhr.info\/wp-content\/uploads\/2018\/06\/bauhaus-dessau-BUILDING-2_800.jpg\" class=\"aligncenter size-full wp-image-6501\" src=\"https:\/\/manufaktuhr.info\/wp-content\/uploads\/2018\/06\/bauhaus-dessau-BUILDING-2_800.jpg\" alt=\"\" width=\"800\" height=\"450\" srcset=\"https:\/\/manufaktuhr.info\/wp-content\/uploads\/2018\/06\/bauhaus-dessau-BUILDING-2_800.jpg 800w, https:\/\/manufaktuhr.info\/wp-content\/uploads\/2018\/06\/bauhaus-dessau-BUILDING-2_800-300x169.jpg 300w, https:\/\/manufaktuhr.info\/wp-content\/uploads\/2018\/06\/bauhaus-dessau-BUILDING-2_800-768x432.jpg 768w\" sizes=\"auto, (max-width: 709px) 85vw, (max-width: 909px) 67vw, (max-width: 984px) 61vw, (max-width: 1362px) 45vw, 600px\" \/><\/a>\u201eWeniger ist mehr\u201c, wusste schon Ludwig Mies van der Rohe, einer der bekanntesten Architekten des Minimalismus, der als Direktor des Bauhauses t\u00e4tig war. Diesem Credo wird auch Dugena mit dem Modell Dessau Color gerecht, das mit seinem klassischen Design nun auch mit einem schwarzen Lederband und einem silberfarbenen Milanaisearmband erh\u00e4ltlich ist.<\/p>\n<p><a href=\"https:\/\/manufaktuhr.info\/wp-content\/uploads\/2018\/06\/Dugena_Dessau-Color_4460785-LB05_Euro-119-e1529953921553.jpg\"><img loading=\"lazy\" decoding=\"async\" data-attachment-id=\"6503\" data-permalink=\"https:\/\/manufaktuhr.info\/?attachment_id=6503\" data-orig-file=\"https:\/\/manufaktuhr.info\/wp-content\/uploads\/2018\/06\/Dugena_Dessau-Color_4460785-LB05_Euro-119-e1529953921553.jpg\" data-orig-size=\"1080,1282\" data-comments-opened=\"1\" data-image-meta=\"{&quot;aperture&quot;:&quot;0&quot;,&quot;credit&quot;:&quot;&quot;,&quot;camera&quot;:&quot;&quot;,&quot;caption&quot;:&quot;&quot;,&quot;created_timestamp&quot;:&quot;0&quot;,&quot;copyright&quot;:&quot;&quot;,&quot;focal_length&quot;:&quot;0&quot;,&quot;iso&quot;:&quot;0&quot;,&quot;shutter_speed&quot;:&quot;0&quot;,&quot;title&quot;:&quot;&quot;,&quot;orientation&quot;:&quot;1&quot;}\" data-image-title=\"Dugena_Dessau Color_4460785-LB05_Euro 119\" data-image-description=\"\" data-image-caption=\"\" data-medium-file=\"https:\/\/manufaktuhr.info\/wp-content\/uploads\/2018\/06\/Dugena_Dessau-Color_4460785-LB05_Euro-119-e1529953921553-253x300.jpg\" data-large-file=\"https:\/\/manufaktuhr.info\/wp-content\/uploads\/2018\/06\/Dugena_Dessau-Color_4460785-LB05_Euro-119-e1529953921553-863x1024.jpg\" class=\"aligncenter size-large wp-image-6503\" src=\"https:\/\/manufaktuhr.info\/wp-content\/uploads\/2018\/06\/Dugena_Dessau-Color_4460785-LB05_Euro-119-e1529953921553-863x1024.jpg\" alt=\"\" width=\"640\" height=\"759\" srcset=\"https:\/\/manufaktuhr.info\/wp-content\/uploads\/2018\/06\/Dugena_Dessau-Color_4460785-LB05_Euro-119-e1529953921553-863x1024.jpg 863w, https:\/\/manufaktuhr.info\/wp-content\/uploads\/2018\/06\/Dugena_Dessau-Color_4460785-LB05_Euro-119-e1529953921553-253x300.jpg 253w, https:\/\/manufaktuhr.info\/wp-content\/uploads\/2018\/06\/Dugena_Dessau-Color_4460785-LB05_Euro-119-e1529953921553-768x912.jpg 768w, https:\/\/manufaktuhr.info\/wp-content\/uploads\/2018\/06\/Dugena_Dessau-Color_4460785-LB05_Euro-119-e1529953921553.jpg 1080w\" sizes=\"auto, (max-width: 709px) 85vw, (max-width: 909px) 67vw, (max-width: 984px) 61vw, (max-width: 1362px) 45vw, 600px\" \/><\/a>Das Edelstahlgeh\u00e4use der Dreizeigeruhr hat einen Durchmesser von 38,5 mm und ist damit sowohl als Damen- als auch als Herrenuhr tragbar. Die minimalistische Zifferblattgestaltung spiegelt mit ihrer klaren Formsprache das typischeBauhausdesign wider. Der Name des Modells \u201eDessau\u201c ist bei diesem ZeitmesserProgramm, denn er ist eine Hommage an den 1926 gebauten, ber\u00fchmten Geb\u00e4udekomplex in Dessau, der von Bauhausgr\u00fcnder Walter Gropius entworfen wurde.<\/p>\n<p><a href=\"https:\/\/manufaktuhr.info\/wp-content\/uploads\/2018\/06\/Dugena_Dessau-Color_4460786-MB01_Euro-129-e1529953890747.jpg\"><img loading=\"lazy\" decoding=\"async\" data-attachment-id=\"6504\" data-permalink=\"https:\/\/manufaktuhr.info\/?attachment_id=6504\" data-orig-file=\"https:\/\/manufaktuhr.info\/wp-content\/uploads\/2018\/06\/Dugena_Dessau-Color_4460786-MB01_Euro-129-e1529953890747.jpg\" data-orig-size=\"1092,1319\" data-comments-opened=\"1\" data-image-meta=\"{&quot;aperture&quot;:&quot;0&quot;,&quot;credit&quot;:&quot;&quot;,&quot;camera&quot;:&quot;&quot;,&quot;caption&quot;:&quot;&quot;,&quot;created_timestamp&quot;:&quot;0&quot;,&quot;copyright&quot;:&quot;&quot;,&quot;focal_length&quot;:&quot;0&quot;,&quot;iso&quot;:&quot;0&quot;,&quot;shutter_speed&quot;:&quot;0&quot;,&quot;title&quot;:&quot;&quot;,&quot;orientation&quot;:&quot;1&quot;}\" data-image-title=\"Dugena_Dessau Color_4460786-MB01_Euro 129\" data-image-description=\"\" data-image-caption=\"\" data-medium-file=\"https:\/\/manufaktuhr.info\/wp-content\/uploads\/2018\/06\/Dugena_Dessau-Color_4460786-MB01_Euro-129-e1529953890747-248x300.jpg\" data-large-file=\"https:\/\/manufaktuhr.info\/wp-content\/uploads\/2018\/06\/Dugena_Dessau-Color_4460786-MB01_Euro-129-e1529953890747-848x1024.jpg\" class=\"aligncenter size-large wp-image-6504\" src=\"https:\/\/manufaktuhr.info\/wp-content\/uploads\/2018\/06\/Dugena_Dessau-Color_4460786-MB01_Euro-129-e1529953890747-848x1024.jpg\" alt=\"\" width=\"640\" height=\"773\" srcset=\"https:\/\/manufaktuhr.info\/wp-content\/uploads\/2018\/06\/Dugena_Dessau-Color_4460786-MB01_Euro-129-e1529953890747-848x1024.jpg 848w, https:\/\/manufaktuhr.info\/wp-content\/uploads\/2018\/06\/Dugena_Dessau-Color_4460786-MB01_Euro-129-e1529953890747-248x300.jpg 248w, https:\/\/manufaktuhr.info\/wp-content\/uploads\/2018\/06\/Dugena_Dessau-Color_4460786-MB01_Euro-129-e1529953890747-768x928.jpg 768w, https:\/\/manufaktuhr.info\/wp-content\/uploads\/2018\/06\/Dugena_Dessau-Color_4460786-MB01_Euro-129-e1529953890747.jpg 1092w\" sizes=\"auto, (max-width: 709px) 85vw, (max-width: 909px) 67vw, (max-width: 984px) 61vw, (max-width: 1362px) 45vw, 600px\" \/><\/a>Auch der Grundgedanke des Bauhauses kommt nicht zuletzt in der Kollektion zum Tragen: Gutes und funktionales Design soll f\u00fcr jedermann zug\u00e4ngig sein. Die Modelle sind zum Preis von 119,&#8211; \u20ac mit Lederband oder 129,&#8211; \u20ac mit\u00a0Milanaiseband erh\u00e4ltlich.<\/p>\n<p><a href=\"https:\/\/manufaktuhr.info\/wp-content\/uploads\/2018\/06\/Dugena_Dessau-Color_4460784_Euro-119-e1529953942200.jpg\"><img loading=\"lazy\" decoding=\"async\" data-attachment-id=\"6502\" data-permalink=\"https:\/\/manufaktuhr.info\/?attachment_id=6502\" data-orig-file=\"https:\/\/manufaktuhr.info\/wp-content\/uploads\/2018\/06\/Dugena_Dessau-Color_4460784_Euro-119-e1529953942200.jpg\" data-orig-size=\"1076,1369\" data-comments-opened=\"1\" data-image-meta=\"{&quot;aperture&quot;:&quot;0&quot;,&quot;credit&quot;:&quot;&quot;,&quot;camera&quot;:&quot;&quot;,&quot;caption&quot;:&quot;&quot;,&quot;created_timestamp&quot;:&quot;0&quot;,&quot;copyright&quot;:&quot;&quot;,&quot;focal_length&quot;:&quot;0&quot;,&quot;iso&quot;:&quot;0&quot;,&quot;shutter_speed&quot;:&quot;0&quot;,&quot;title&quot;:&quot;&quot;,&quot;orientation&quot;:&quot;1&quot;}\" data-image-title=\"Dugena_Dessau Color_4460784_Euro 119\" data-image-description=\"\" data-image-caption=\"\" data-medium-file=\"https:\/\/manufaktuhr.info\/wp-content\/uploads\/2018\/06\/Dugena_Dessau-Color_4460784_Euro-119-e1529953942200-236x300.jpg\" data-large-file=\"https:\/\/manufaktuhr.info\/wp-content\/uploads\/2018\/06\/Dugena_Dessau-Color_4460784_Euro-119-e1529953942200-805x1024.jpg\" class=\"aligncenter size-large wp-image-6502\" src=\"https:\/\/manufaktuhr.info\/wp-content\/uploads\/2018\/06\/Dugena_Dessau-Color_4460784_Euro-119-e1529953942200-805x1024.jpg\" alt=\"\" width=\"640\" height=\"814\" srcset=\"https:\/\/manufaktuhr.info\/wp-content\/uploads\/2018\/06\/Dugena_Dessau-Color_4460784_Euro-119-e1529953942200-805x1024.jpg 805w, https:\/\/manufaktuhr.info\/wp-content\/uploads\/2018\/06\/Dugena_Dessau-Color_4460784_Euro-119-e1529953942200-236x300.jpg 236w, https:\/\/manufaktuhr.info\/wp-content\/uploads\/2018\/06\/Dugena_Dessau-Color_4460784_Euro-119-e1529953942200-768x977.jpg 768w, https:\/\/manufaktuhr.info\/wp-content\/uploads\/2018\/06\/Dugena_Dessau-Color_4460784_Euro-119-e1529953942200.jpg 1076w\" sizes=\"auto, (max-width: 709px) 85vw, (max-width: 909px) 67vw, (max-width: 984px) 61vw, (max-width: 1362px) 45vw, 600px\" \/><\/a><\/p>\n","protected":false},"excerpt":{"rendered":"<p>\u201eWeniger ist mehr\u201c, wusste schon Ludwig Mies van der Rohe, einer der bekanntesten Architekten des Minimalismus, der als Direktor des Bauhauses t\u00e4tig war. Diesem Credo wird auch Dugena mit dem Modell Dessau Color gerecht, das mit seinem klassischen Design nun auch mit einem schwarzen Lederband und einem silberfarbenen Milanaisearmband erh\u00e4ltlich ist. Das Edelstahlgeh\u00e4use der Dreizeigeruhr &hellip; <a href=\"https:\/\/manufaktuhr.info\/?p=6505\" class=\"more-link\"><span class=\"screen-reader-text\">\u201eDie Dessau Color im monochromen Look &#8211; Minimalismus in Perfektion\u201c <\/span>weiterlesen<\/a><\/p>\n","protected":false},"author":1,"featured_media":6501,"comment_status":"open","ping_status":"open","sticky":false,"template":"","format":"standard","meta":{"jetpack_post_was_ever_published":false,"_jetpack_newsletter_access":"","_jetpack_dont_email_post_to_subs":false,"_jetpack_newsletter_tier_id":0,"_jetpack_memberships_contains_paywalled_content":false,"_jetpack_memberships_contains_paid_content":false,"footnotes":"","jetpack_publicize_message":"","jetpack_publicize_feature_enabled":true,"jetpack_social_post_already_shared":true,"jetpack_social_options":{"image_generator_settings":{"template":"highway","default_image_id":0,"font":"","enabled":false},"version":2}},"categories":[66],"tags":[],"class_list":["post-6505","post","type-post","status-publish","format-standard","has-post-thumbnail","hentry","category-dugena"],"jetpack_publicize_connections":[],"jetpack_featured_media_url":"https:\/\/manufaktuhr.info\/wp-content\/uploads\/2018\/06\/bauhaus-dessau-BUILDING-2_800.jpg","jetpack_shortlink":"https:\/\/wp.me\/p7fs8R-1GV","jetpack-related-posts":[],"jetpack_sharing_enabled":true,"_links":{"self":[{"href":"https:\/\/manufaktuhr.info\/index.php?rest_route=\/wp\/v2\/posts\/6505","targetHints":{"allow":["GET"]}}],"collection":[{"href":"https:\/\/manufaktuhr.info\/index.php?rest_route=\/wp\/v2\/posts"}],"about":[{"href":"https:\/\/manufaktuhr.info\/index.php?rest_route=\/wp\/v2\/types\/post"}],"author":[{"embeddable":true,"href":"https:\/\/manufaktuhr.info\/index.php?rest_route=\/wp\/v2\/users\/1"}],"replies":[{"embeddable":true,"href":"https:\/\/manufaktuhr.info\/index.php?rest_route=%2Fwp%2Fv2%2Fcomments&post=6505"}],"version-history":[{"count":1,"href":"https:\/\/manufaktuhr.info\/index.php?rest_route=\/wp\/v2\/posts\/6505\/revisions"}],"predecessor-version":[{"id":6506,"href":"https:\/\/manufaktuhr.info\/index.php?rest_route=\/wp\/v2\/posts\/6505\/revisions\/6506"}],"wp:featuredmedia":[{"embeddable":true,"href":"https:\/\/manufaktuhr.info\/index.php?rest_route=\/wp\/v2\/media\/6501"}],"wp:attachment":[{"href":"https:\/\/manufaktuhr.info\/index.php?rest_route=%2Fwp%2Fv2%2Fmedia&parent=6505"}],"wp:term":[{"taxonomy":"category","embeddable":true,"href":"https:\/\/manufaktuhr.info\/index.php?rest_route=%2Fwp%2Fv2%2Fcategories&post=6505"},{"taxonomy":"post_tag","embeddable":true,"href":"https:\/\/manufaktuhr.info\/index.php?rest_route=%2Fwp%2Fv2%2Ftags&post=6505"}],"curies":[{"name":"wp","href":"https:\/\/api.w.org\/{rel}","templated":true}]}}