{"id":7002,"date":"2019-01-13T18:25:36","date_gmt":"2019-01-13T17:25:36","guid":{"rendered":"http:\/\/manufaktuhr.info\/?p=7002"},"modified":"2019-01-13T18:25:36","modified_gmt":"2019-01-13T17:25:36","slug":"lange-1-25th-anniversary-jubilaeumsedition-des-bekanntesten-zeitmessers-von-a-lange-soehne","status":"publish","type":"post","link":"https:\/\/manufaktuhr.info\/?p=7002","title":{"rendered":"LANGE 1 \u201e25th Anniversary\u201c &#8211; Jubil\u00e4umsedition des bekanntesten Zeitmessers von A. Lange &#038; S\u00f6hne"},"content":{"rendered":"\n<p><strong>Die LANGE 1 war die erste Uhr nach der Wiedergr\u00fcndung \u2013 und ist seit 25 Jahren die unbestrittene Ikone von A. Lange &amp; S\u00f6hne. Deshalb feiert die Manufaktur das Jubil\u00e4um der vielfach pr\u00e4mierten Uhr mit der auf 250 Exemplare limitierten Wei\u00dfgold-Edition \u201e25th\u00a0Anniversary\u201c. Ihre Besonderheiten: ein tiefblau bedrucktes Argent\u00e9-Zifferblatt mit Vertiefung, blaue Datumsziffern, ein Klappdeckel mit Gravur des Lange-Stammhauses und ein handgravierter Unruhkloben mit gebl\u00e4uten Linien.<\/strong><\/p>\n\n\n\n<figure class=\"wp-block-image\"><img loading=\"lazy\" decoding=\"async\" width=\"1024\" height=\"623\" data-attachment-id=\"6999\" data-permalink=\"https:\/\/manufaktuhr.info\/?attachment_id=6999\" data-orig-file=\"https:\/\/manufaktuhr.info\/wp-content\/uploads\/2019\/01\/ALS_191_066_P_1812490.jpg\" data-orig-size=\"1200,730\" data-comments-opened=\"0\" data-image-meta=\"{&quot;aperture&quot;:&quot;0&quot;,&quot;credit&quot;:&quot;&quot;,&quot;camera&quot;:&quot;&quot;,&quot;caption&quot;:&quot;&quot;,&quot;created_timestamp&quot;:&quot;0&quot;,&quot;copyright&quot;:&quot;&quot;,&quot;focal_length&quot;:&quot;0&quot;,&quot;iso&quot;:&quot;0&quot;,&quot;shutter_speed&quot;:&quot;0&quot;,&quot;title&quot;:&quot;&quot;,&quot;orientation&quot;:&quot;0&quot;}\" data-image-title=\"ALS_191_066_P_1812490\" data-image-description=\"\" data-image-caption=\"&lt;p&gt;Image provided by A. Lange &amp;#038; S\u00f6hne \/ Lange Uhren GmbH 2019&lt;\/p&gt;\n\" data-medium-file=\"https:\/\/manufaktuhr.info\/wp-content\/uploads\/2019\/01\/ALS_191_066_P_1812490-300x183.jpg\" data-large-file=\"https:\/\/manufaktuhr.info\/wp-content\/uploads\/2019\/01\/ALS_191_066_P_1812490-1024x623.jpg\" src=\"https:\/\/manufaktuhr.info\/wp-content\/uploads\/2019\/01\/ALS_191_066_P_1812490-1024x623.jpg\" alt=\"\" class=\"wp-image-6999\" srcset=\"https:\/\/manufaktuhr.info\/wp-content\/uploads\/2019\/01\/ALS_191_066_P_1812490-1024x623.jpg 1024w, https:\/\/manufaktuhr.info\/wp-content\/uploads\/2019\/01\/ALS_191_066_P_1812490-300x183.jpg 300w, https:\/\/manufaktuhr.info\/wp-content\/uploads\/2019\/01\/ALS_191_066_P_1812490-768x467.jpg 768w, https:\/\/manufaktuhr.info\/wp-content\/uploads\/2019\/01\/ALS_191_066_P_1812490.jpg 1200w\" sizes=\"auto, (max-width: 709px) 85vw, (max-width: 909px) 67vw, (max-width: 1362px) 62vw, 840px\" \/><figcaption>Image provided by A. Lange &#038; S\u00f6hne \/ Lange Uhren GmbH 2019<\/figcaption><\/figure>\n\n\n\n<p>Der 24. Oktober 1994 ist das wichtigste Datum in der j\u00fcngeren Geschichte von A. Lange &amp; S\u00f6hne. An diesem Tag pr\u00e4sentierten Unternehmensgr\u00fcnder Walter Lange und sein Partner G\u00fcnter Bl\u00fcmlein im Dresdner Residenzschloss die vier ersten Armbanduhren nach der Neugr\u00fcndung, darunter die LANGE 1. Die dezentrale Aufteilung ihres Zifferblatts l\u00f6ste Diskussionen aus, ihre technischen Qualit\u00e4ten \u2013 wie Gro\u00dfdatum und Doppelfederhaus \u2013 sorgten f\u00fcr Begeisterung.<\/p>\n\n\n\n<div class=\"wp-block-image\"><figure class=\"aligncenter\"><img loading=\"lazy\" decoding=\"async\" width=\"400\" height=\"600\" data-attachment-id=\"6996\" data-permalink=\"https:\/\/manufaktuhr.info\/?attachment_id=6996\" data-orig-file=\"https:\/\/manufaktuhr.info\/wp-content\/uploads\/2019\/01\/ALS_191_066_B05_1815384.jpg\" data-orig-size=\"400,600\" data-comments-opened=\"0\" data-image-meta=\"{&quot;aperture&quot;:&quot;0&quot;,&quot;credit&quot;:&quot;&quot;,&quot;camera&quot;:&quot;&quot;,&quot;caption&quot;:&quot;&quot;,&quot;created_timestamp&quot;:&quot;0&quot;,&quot;copyright&quot;:&quot;&quot;,&quot;focal_length&quot;:&quot;0&quot;,&quot;iso&quot;:&quot;0&quot;,&quot;shutter_speed&quot;:&quot;0&quot;,&quot;title&quot;:&quot;&quot;,&quot;orientation&quot;:&quot;0&quot;}\" data-image-title=\"ALS_191_066_B05_1815384\" data-image-description=\"\" data-image-caption=\"&lt;p&gt;Image provided by A. Lange &amp;#038; S\u00f6hne \/ Lange Uhren GmbH 2019&lt;\/p&gt;\n\" data-medium-file=\"https:\/\/manufaktuhr.info\/wp-content\/uploads\/2019\/01\/ALS_191_066_B05_1815384-200x300.jpg\" data-large-file=\"https:\/\/manufaktuhr.info\/wp-content\/uploads\/2019\/01\/ALS_191_066_B05_1815384.jpg\" src=\"https:\/\/manufaktuhr.info\/wp-content\/uploads\/2019\/01\/ALS_191_066_B05_1815384.jpg\" alt=\"\" class=\"wp-image-6996\" srcset=\"https:\/\/manufaktuhr.info\/wp-content\/uploads\/2019\/01\/ALS_191_066_B05_1815384.jpg 400w, https:\/\/manufaktuhr.info\/wp-content\/uploads\/2019\/01\/ALS_191_066_B05_1815384-200x300.jpg 200w\" sizes=\"auto, (max-width: 400px) 85vw, 400px\" \/><figcaption>Image provided by A. Lange &#038; S\u00f6hne \/ Lange Uhren GmbH 2019<\/figcaption><\/figure><\/div>\n\n\n\n<p>Jedes stilbildende Design polarisiert am Anfang. Denn es muss Sehgewohnheiten in Frage stellen, um seine \u00e4sthetische \u00dcberzeugungskraft zu entfalten. Die LANGE 1 ist ein gutes Beispiel daf\u00fcr. Gro\u00dfdatum und dezentrale Zifferblattgestaltung in einer mechanischen Uhr von h\u00f6chster handwerklicher Vollendung \u2013 das empfanden Mitte der neunziger Jahre viele als Provokation. Aber das ungew\u00f6hnliche Design sorgte f\u00fcr eine entsprechende Aufmerksamkeit und machte A. Lange &amp; S\u00f6hne \u00fcber Nacht wieder bekannt.<\/p>\n\n\n\n<div class=\"wp-block-image\"><figure class=\"aligncenter\"><img loading=\"lazy\" decoding=\"async\" width=\"421\" height=\"600\" data-attachment-id=\"6993\" data-permalink=\"https:\/\/manufaktuhr.info\/?attachment_id=6993\" data-orig-file=\"https:\/\/manufaktuhr.info\/wp-content\/uploads\/2019\/01\/ALS_191_066_B02_1815379.jpg\" data-orig-size=\"421,600\" data-comments-opened=\"0\" data-image-meta=\"{&quot;aperture&quot;:&quot;0&quot;,&quot;credit&quot;:&quot;&quot;,&quot;camera&quot;:&quot;&quot;,&quot;caption&quot;:&quot;&quot;,&quot;created_timestamp&quot;:&quot;0&quot;,&quot;copyright&quot;:&quot;&quot;,&quot;focal_length&quot;:&quot;0&quot;,&quot;iso&quot;:&quot;0&quot;,&quot;shutter_speed&quot;:&quot;0&quot;,&quot;title&quot;:&quot;&quot;,&quot;orientation&quot;:&quot;0&quot;}\" data-image-title=\"ALS_191_066_B02_1815379\" data-image-description=\"\" data-image-caption=\"&lt;p&gt;Image provided by A. Lange &amp;#038; S\u00f6hne \/ Lange Uhren GmbH 2019&lt;\/p&gt;\n\" data-medium-file=\"https:\/\/manufaktuhr.info\/wp-content\/uploads\/2019\/01\/ALS_191_066_B02_1815379-211x300.jpg\" data-large-file=\"https:\/\/manufaktuhr.info\/wp-content\/uploads\/2019\/01\/ALS_191_066_B02_1815379.jpg\" src=\"https:\/\/manufaktuhr.info\/wp-content\/uploads\/2019\/01\/ALS_191_066_B02_1815379.jpg\" alt=\"\" class=\"wp-image-6993\" srcset=\"https:\/\/manufaktuhr.info\/wp-content\/uploads\/2019\/01\/ALS_191_066_B02_1815379.jpg 421w, https:\/\/manufaktuhr.info\/wp-content\/uploads\/2019\/01\/ALS_191_066_B02_1815379-211x300.jpg 211w\" sizes=\"auto, (max-width: 421px) 85vw, 421px\" \/><figcaption>Image provided by A. Lange &#038; S\u00f6hne \/ Lange Uhren GmbH 2019<\/figcaption><\/figure><\/div>\n\n\n\n<p>An das historische Ereignis, das A. Lange &amp; S\u00f6hne 1994 auf die Landkarte der internationalen Feinuhrmacherei zur\u00fcckbrachte, erinnert im Jubil\u00e4umsjahr 2019 eine Kollektion von verschiedenen Modellen in Wei\u00dfgold, die den wichtigsten Meilensteinen der LANGE-1-Uhrenfamilie gewidmet sind. <\/p>\n\n\n\n<div class=\"wp-block-image\"><figure class=\"aligncenter\"><img loading=\"lazy\" decoding=\"async\" width=\"800\" height=\"631\" data-attachment-id=\"6997\" data-permalink=\"https:\/\/manufaktuhr.info\/?attachment_id=6997\" data-orig-file=\"https:\/\/manufaktuhr.info\/wp-content\/uploads\/2019\/01\/ALS_191_066_D01_1812456.jpg\" data-orig-size=\"800,631\" data-comments-opened=\"0\" data-image-meta=\"{&quot;aperture&quot;:&quot;0&quot;,&quot;credit&quot;:&quot;&quot;,&quot;camera&quot;:&quot;&quot;,&quot;caption&quot;:&quot;&quot;,&quot;created_timestamp&quot;:&quot;0&quot;,&quot;copyright&quot;:&quot;&quot;,&quot;focal_length&quot;:&quot;0&quot;,&quot;iso&quot;:&quot;0&quot;,&quot;shutter_speed&quot;:&quot;0&quot;,&quot;title&quot;:&quot;&quot;,&quot;orientation&quot;:&quot;0&quot;}\" data-image-title=\"ALS_191_066_D01_1812456\" data-image-description=\"\" data-image-caption=\"&lt;p&gt;Image provided by A. Lange &amp;#038; S\u00f6hne \/ Lange Uhren GmbH 2019&lt;\/p&gt;\n\" data-medium-file=\"https:\/\/manufaktuhr.info\/wp-content\/uploads\/2019\/01\/ALS_191_066_D01_1812456-300x237.jpg\" data-large-file=\"https:\/\/manufaktuhr.info\/wp-content\/uploads\/2019\/01\/ALS_191_066_D01_1812456.jpg\" src=\"https:\/\/manufaktuhr.info\/wp-content\/uploads\/2019\/01\/ALS_191_066_D01_1812456.jpg\" alt=\"\" class=\"wp-image-6997\" srcset=\"https:\/\/manufaktuhr.info\/wp-content\/uploads\/2019\/01\/ALS_191_066_D01_1812456.jpg 800w, https:\/\/manufaktuhr.info\/wp-content\/uploads\/2019\/01\/ALS_191_066_D01_1812456-300x237.jpg 300w, https:\/\/manufaktuhr.info\/wp-content\/uploads\/2019\/01\/ALS_191_066_D01_1812456-768x606.jpg 768w\" sizes=\"auto, (max-width: 709px) 85vw, (max-width: 909px) 67vw, (max-width: 984px) 61vw, (max-width: 1362px) 45vw, 600px\" \/><figcaption>Image provided by A. Lange &#038; S\u00f6hne \/ Lange Uhren GmbH 2019<\/figcaption><\/figure><\/div>\n\n\n\n<p>Ihre gemeinsamen Kennzeichen sind ein argent\u00e9farbenes Zifferblatt aus massivem Silber mit tiefblau gedruckten Ziffern und Indizes, blaue Datumsziffern sowie ein farblich abgestimmtes blaues Alligator-Lederband mit grauer Naht.<\/p>\n\n\n\n<div class=\"wp-block-image\"><figure class=\"aligncenter\"><img loading=\"lazy\" decoding=\"async\" width=\"339\" height=\"600\" data-attachment-id=\"7001\" data-permalink=\"https:\/\/manufaktuhr.info\/?attachment_id=7001\" data-orig-file=\"https:\/\/manufaktuhr.info\/wp-content\/uploads\/2019\/01\/ALS_191_066_R_open_1812467.jpg\" data-orig-size=\"339,600\" data-comments-opened=\"0\" data-image-meta=\"{&quot;aperture&quot;:&quot;0&quot;,&quot;credit&quot;:&quot;&quot;,&quot;camera&quot;:&quot;&quot;,&quot;caption&quot;:&quot;&quot;,&quot;created_timestamp&quot;:&quot;0&quot;,&quot;copyright&quot;:&quot;&quot;,&quot;focal_length&quot;:&quot;0&quot;,&quot;iso&quot;:&quot;0&quot;,&quot;shutter_speed&quot;:&quot;0&quot;,&quot;title&quot;:&quot;&quot;,&quot;orientation&quot;:&quot;0&quot;}\" data-image-title=\"ALS_191_066_R_open_1812467\" data-image-description=\"\" data-image-caption=\"&lt;p&gt;Image provided by A. Lange &amp;#038; S\u00f6hne \/ Lange Uhren GmbH 2019&lt;\/p&gt;\n\" data-medium-file=\"https:\/\/manufaktuhr.info\/wp-content\/uploads\/2019\/01\/ALS_191_066_R_open_1812467-170x300.jpg\" data-large-file=\"https:\/\/manufaktuhr.info\/wp-content\/uploads\/2019\/01\/ALS_191_066_R_open_1812467.jpg\" src=\"https:\/\/manufaktuhr.info\/wp-content\/uploads\/2019\/01\/ALS_191_066_R_open_1812467.jpg\" alt=\"\" class=\"wp-image-7001\" srcset=\"https:\/\/manufaktuhr.info\/wp-content\/uploads\/2019\/01\/ALS_191_066_R_open_1812467.jpg 339w, https:\/\/manufaktuhr.info\/wp-content\/uploads\/2019\/01\/ALS_191_066_R_open_1812467-170x300.jpg 170w\" sizes=\"auto, (max-width: 339px) 85vw, 339px\" \/><figcaption>Image provided by A. Lange &#038; S\u00f6hne \/ Lange Uhren GmbH 2019<\/figcaption><\/figure><\/div>\n\n\n\n<p>Den Auftakt der \u201e25th\u00a0Anniversary\u201c- Reihe macht die LANGE 1, die seit 1994 \u00e4u\u00dferlich fast unver\u00e4ndert gefertigt wird. Die technische Evolution zeigt sich jedoch im Uhrwerk. Das 2015 eingef\u00fchrte Handaufzugskaliber L121.1 verf\u00fcgt \u00fcber eine exakt springende Gro\u00dfdatumsanzeige und eine freischwingende Lange-Unruhspirale, die in Verbindung mit einer gro\u00dfen Exzenterunruh f\u00fcr optimale Gangwerte sorgt. <\/p>\n\n\n\n<div class=\"wp-block-image\"><figure class=\"aligncenter\"><img loading=\"lazy\" decoding=\"async\" width=\"409\" height=\"600\" data-attachment-id=\"6994\" data-permalink=\"https:\/\/manufaktuhr.info\/?attachment_id=6994\" data-orig-file=\"https:\/\/manufaktuhr.info\/wp-content\/uploads\/2019\/01\/ALS_191_066_B03_1815383.jpg\" data-orig-size=\"409,600\" data-comments-opened=\"0\" data-image-meta=\"{&quot;aperture&quot;:&quot;0&quot;,&quot;credit&quot;:&quot;&quot;,&quot;camera&quot;:&quot;&quot;,&quot;caption&quot;:&quot;&quot;,&quot;created_timestamp&quot;:&quot;0&quot;,&quot;copyright&quot;:&quot;&quot;,&quot;focal_length&quot;:&quot;0&quot;,&quot;iso&quot;:&quot;0&quot;,&quot;shutter_speed&quot;:&quot;0&quot;,&quot;title&quot;:&quot;&quot;,&quot;orientation&quot;:&quot;0&quot;}\" data-image-title=\"ALS_191_066_B03_1815383\" data-image-description=\"\" data-image-caption=\"&lt;p&gt;Image provided by A. Lange &amp;#038; S\u00f6hne \/ Lange Uhren GmbH 2019&lt;\/p&gt;\n\" data-medium-file=\"https:\/\/manufaktuhr.info\/wp-content\/uploads\/2019\/01\/ALS_191_066_B03_1815383-205x300.jpg\" data-large-file=\"https:\/\/manufaktuhr.info\/wp-content\/uploads\/2019\/01\/ALS_191_066_B03_1815383.jpg\" src=\"https:\/\/manufaktuhr.info\/wp-content\/uploads\/2019\/01\/ALS_191_066_B03_1815383.jpg\" alt=\"\" class=\"wp-image-6994\" srcset=\"https:\/\/manufaktuhr.info\/wp-content\/uploads\/2019\/01\/ALS_191_066_B03_1815383.jpg 409w, https:\/\/manufaktuhr.info\/wp-content\/uploads\/2019\/01\/ALS_191_066_B03_1815383-205x300.jpg 205w\" sizes=\"auto, (max-width: 409px) 85vw, 409px\" \/><figcaption>Image provided by A. Lange &#038; S\u00f6hne \/ Lange Uhren GmbH 2019<\/figcaption><\/figure><\/div>\n\n\n\n<p>Wie schon das erste LANGE-1-Kaliber L901.0 hat das aufwendig von Hand finissierte Uhrwerk ein Doppelfederhaus f\u00fcr 72 Stunden Gangreserve und die Lange-typischen Qualit\u00e4tsmerkmale wie die Dreiviertelplatine aus naturbelassenem Neusilber, acht verschraubte Goldchatons und den handgravierten Unruhkloben. <\/p>\n\n\n\n<div class=\"wp-block-image\"><figure class=\"aligncenter\"><img loading=\"lazy\" decoding=\"async\" width=\"439\" height=\"600\" data-attachment-id=\"6995\" data-permalink=\"https:\/\/manufaktuhr.info\/?attachment_id=6995\" data-orig-file=\"https:\/\/manufaktuhr.info\/wp-content\/uploads\/2019\/01\/ALS_191_066_B04_1815388.jpg\" data-orig-size=\"439,600\" data-comments-opened=\"0\" data-image-meta=\"{&quot;aperture&quot;:&quot;0&quot;,&quot;credit&quot;:&quot;&quot;,&quot;camera&quot;:&quot;&quot;,&quot;caption&quot;:&quot;&quot;,&quot;created_timestamp&quot;:&quot;0&quot;,&quot;copyright&quot;:&quot;&quot;,&quot;focal_length&quot;:&quot;0&quot;,&quot;iso&quot;:&quot;0&quot;,&quot;shutter_speed&quot;:&quot;0&quot;,&quot;title&quot;:&quot;&quot;,&quot;orientation&quot;:&quot;0&quot;}\" data-image-title=\"ALS_191_066_B04_1815388\" data-image-description=\"\" data-image-caption=\"&lt;p&gt;Image provided by A. Lange &amp;#038; S\u00f6hne \/ Lange Uhren GmbH 2019&lt;\/p&gt;\n\" data-medium-file=\"https:\/\/manufaktuhr.info\/wp-content\/uploads\/2019\/01\/ALS_191_066_B04_1815388-220x300.jpg\" data-large-file=\"https:\/\/manufaktuhr.info\/wp-content\/uploads\/2019\/01\/ALS_191_066_B04_1815388.jpg\" src=\"https:\/\/manufaktuhr.info\/wp-content\/uploads\/2019\/01\/ALS_191_066_B04_1815388.jpg\" alt=\"\" class=\"wp-image-6995\" srcset=\"https:\/\/manufaktuhr.info\/wp-content\/uploads\/2019\/01\/ALS_191_066_B04_1815388.jpg 439w, https:\/\/manufaktuhr.info\/wp-content\/uploads\/2019\/01\/ALS_191_066_B04_1815388-220x300.jpg 220w\" sizes=\"auto, (max-width: 439px) 85vw, 439px\" \/><figcaption>Image provided by A. Lange &#038; S\u00f6hne \/ Lange Uhren GmbH 2019<\/figcaption><\/figure><\/div>\n\n\n\n<p>Er tr\u00e4gt eine ganz besondere Gravur: das Gro\u00dfdatum mit der Zahl 25 als Symbol f\u00fcr das 25. Jubil\u00e4um. Die von Hand ausgef\u00fchrten Linien des neuen Gravurmusters sind erstmals gebl\u00e4ut und kommen damit besonders kontraststark zur Geltung.<\/p>\n\n\n\n<div class=\"wp-block-image\"><figure class=\"aligncenter\"><img loading=\"lazy\" decoding=\"async\" width=\"399\" height=\"600\" data-attachment-id=\"6992\" data-permalink=\"https:\/\/manufaktuhr.info\/?attachment_id=6992\" data-orig-file=\"https:\/\/manufaktuhr.info\/wp-content\/uploads\/2019\/01\/ALS_191_066_B01_1815391.jpg\" data-orig-size=\"399,600\" data-comments-opened=\"0\" data-image-meta=\"{&quot;aperture&quot;:&quot;0&quot;,&quot;credit&quot;:&quot;&quot;,&quot;camera&quot;:&quot;&quot;,&quot;caption&quot;:&quot;&quot;,&quot;created_timestamp&quot;:&quot;0&quot;,&quot;copyright&quot;:&quot;&quot;,&quot;focal_length&quot;:&quot;0&quot;,&quot;iso&quot;:&quot;0&quot;,&quot;shutter_speed&quot;:&quot;0&quot;,&quot;title&quot;:&quot;&quot;,&quot;orientation&quot;:&quot;0&quot;}\" data-image-title=\"ALS_191_066_B01_1815391\" data-image-description=\"\" data-image-caption=\"&lt;p&gt;Image provided by A. Lange &amp;#038; S\u00f6hne \/ Lange Uhren GmbH 2019&lt;\/p&gt;\n\" data-medium-file=\"https:\/\/manufaktuhr.info\/wp-content\/uploads\/2019\/01\/ALS_191_066_B01_1815391-200x300.jpg\" data-large-file=\"https:\/\/manufaktuhr.info\/wp-content\/uploads\/2019\/01\/ALS_191_066_B01_1815391.jpg\" src=\"https:\/\/manufaktuhr.info\/wp-content\/uploads\/2019\/01\/ALS_191_066_B01_1815391.jpg\" alt=\"\" class=\"wp-image-6992\" srcset=\"https:\/\/manufaktuhr.info\/wp-content\/uploads\/2019\/01\/ALS_191_066_B01_1815391.jpg 399w, https:\/\/manufaktuhr.info\/wp-content\/uploads\/2019\/01\/ALS_191_066_B01_1815391-200x300.jpg 200w\" sizes=\"auto, (max-width: 399px) 85vw, 399px\" \/><figcaption>Image provided by A. Lange &#038; S\u00f6hne \/ Lange Uhren GmbH 2019<\/figcaption><\/figure><\/div>\n\n\n\n<p>Ein weiteres Charakteristikum der auf 250 Exemplare limitierten LANGE 1 \u201e25th\u00a0Anniversary\u201c ist ihr gravierter Klappboden aus massivem Wei\u00dfgold. Die Gravur zeigt das 1873 eingeweihte Lange-Stammhaus, die Namen von Walter Lange und G\u00fcnter Bl\u00fcmlein sowie den als Reliefgravur ausgef\u00fchrten Schriftzug \u201e25 JAHRE LANGE 1\u201c.<\/p>\n\n\n\n<div class=\"wp-block-image\"><figure class=\"aligncenter\"><img loading=\"lazy\" decoding=\"async\" width=\"336\" height=\"600\" data-attachment-id=\"7000\" data-permalink=\"https:\/\/manufaktuhr.info\/?attachment_id=7000\" data-orig-file=\"https:\/\/manufaktuhr.info\/wp-content\/uploads\/2019\/01\/ALS_191_066_R_closed_1812468.jpg\" data-orig-size=\"336,600\" data-comments-opened=\"0\" data-image-meta=\"{&quot;aperture&quot;:&quot;0&quot;,&quot;credit&quot;:&quot;&quot;,&quot;camera&quot;:&quot;&quot;,&quot;caption&quot;:&quot;&quot;,&quot;created_timestamp&quot;:&quot;0&quot;,&quot;copyright&quot;:&quot;&quot;,&quot;focal_length&quot;:&quot;0&quot;,&quot;iso&quot;:&quot;0&quot;,&quot;shutter_speed&quot;:&quot;0&quot;,&quot;title&quot;:&quot;&quot;,&quot;orientation&quot;:&quot;0&quot;}\" data-image-title=\"ALS_191_066_R_closed_1812468\" data-image-description=\"\" data-image-caption=\"&lt;p&gt;Image provided by A. Lange &amp;#038; S\u00f6hne \/ Lange Uhren GmbH 2019&lt;\/p&gt;\n\" data-medium-file=\"https:\/\/manufaktuhr.info\/wp-content\/uploads\/2019\/01\/ALS_191_066_R_closed_1812468-168x300.jpg\" data-large-file=\"https:\/\/manufaktuhr.info\/wp-content\/uploads\/2019\/01\/ALS_191_066_R_closed_1812468.jpg\" src=\"https:\/\/manufaktuhr.info\/wp-content\/uploads\/2019\/01\/ALS_191_066_R_closed_1812468.jpg\" alt=\"\" class=\"wp-image-7000\" srcset=\"https:\/\/manufaktuhr.info\/wp-content\/uploads\/2019\/01\/ALS_191_066_R_closed_1812468.jpg 336w, https:\/\/manufaktuhr.info\/wp-content\/uploads\/2019\/01\/ALS_191_066_R_closed_1812468-168x300.jpg 168w\" sizes=\"auto, (max-width: 336px) 85vw, 336px\" \/><figcaption>Image provided by A. Lange &#038; S\u00f6hne \/ Lange Uhren GmbH 2019<\/figcaption><\/figure><\/div>\n","protected":false},"excerpt":{"rendered":"<p>Die LANGE 1 war die erste Uhr nach der Wiedergr\u00fcndung \u2013 und ist seit 25 Jahren die unbestrittene Ikone von A. Lange &amp; S\u00f6hne. Deshalb feiert die Manufaktur das Jubil\u00e4um der vielfach pr\u00e4mierten Uhr mit der auf 250 Exemplare limitierten Wei\u00dfgold-Edition \u201e25th\u00a0Anniversary\u201c. Ihre Besonderheiten: ein tiefblau bedrucktes Argent\u00e9-Zifferblatt mit Vertiefung, blaue Datumsziffern, ein Klappdeckel mit &hellip; <a href=\"https:\/\/manufaktuhr.info\/?p=7002\" class=\"more-link\"><span class=\"screen-reader-text\">\u201eLANGE 1 \u201e25th Anniversary\u201c &#8211; Jubil\u00e4umsedition des bekanntesten Zeitmessers von A. Lange &#038; S\u00f6hne\u201c <\/span>weiterlesen<\/a><\/p>\n","protected":false},"author":1,"featured_media":6998,"comment_status":"closed","ping_status":"open","sticky":false,"template":"","format":"standard","meta":{"jetpack_post_was_ever_published":false,"_jetpack_newsletter_access":"","_jetpack_dont_email_post_to_subs":false,"_jetpack_newsletter_tier_id":0,"_jetpack_memberships_contains_paywalled_content":false,"_jetpack_memberships_contains_paid_content":false,"footnotes":"","jetpack_publicize_message":"","jetpack_publicize_feature_enabled":true,"jetpack_social_post_already_shared":true,"jetpack_social_options":{"image_generator_settings":{"template":"highway","default_image_id":0,"font":"","enabled":false},"version":2}},"categories":[3],"tags":[],"class_list":["post-7002","post","type-post","status-publish","format-standard","has-post-thumbnail","hentry","category-a-lange-sohne"],"jetpack_publicize_connections":[],"jetpack_featured_media_url":"https:\/\/manufaktuhr.info\/wp-content\/uploads\/2019\/01\/ALS_191_066_F_1812466.jpg","jetpack_shortlink":"https:\/\/wp.me\/p7fs8R-1OW","jetpack-related-posts":[],"jetpack_sharing_enabled":true,"_links":{"self":[{"href":"https:\/\/manufaktuhr.info\/index.php?rest_route=\/wp\/v2\/posts\/7002","targetHints":{"allow":["GET"]}}],"collection":[{"href":"https:\/\/manufaktuhr.info\/index.php?rest_route=\/wp\/v2\/posts"}],"about":[{"href":"https:\/\/manufaktuhr.info\/index.php?rest_route=\/wp\/v2\/types\/post"}],"author":[{"embeddable":true,"href":"https:\/\/manufaktuhr.info\/index.php?rest_route=\/wp\/v2\/users\/1"}],"replies":[{"embeddable":true,"href":"https:\/\/manufaktuhr.info\/index.php?rest_route=%2Fwp%2Fv2%2Fcomments&post=7002"}],"version-history":[{"count":1,"href":"https:\/\/manufaktuhr.info\/index.php?rest_route=\/wp\/v2\/posts\/7002\/revisions"}],"predecessor-version":[{"id":7003,"href":"https:\/\/manufaktuhr.info\/index.php?rest_route=\/wp\/v2\/posts\/7002\/revisions\/7003"}],"wp:featuredmedia":[{"embeddable":true,"href":"https:\/\/manufaktuhr.info\/index.php?rest_route=\/wp\/v2\/media\/6998"}],"wp:attachment":[{"href":"https:\/\/manufaktuhr.info\/index.php?rest_route=%2Fwp%2Fv2%2Fmedia&parent=7002"}],"wp:term":[{"taxonomy":"category","embeddable":true,"href":"https:\/\/manufaktuhr.info\/index.php?rest_route=%2Fwp%2Fv2%2Fcategories&post=7002"},{"taxonomy":"post_tag","embeddable":true,"href":"https:\/\/manufaktuhr.info\/index.php?rest_route=%2Fwp%2Fv2%2Ftags&post=7002"}],"curies":[{"name":"wp","href":"https:\/\/api.w.org\/{rel}","templated":true}]}}