{"id":7181,"date":"2019-02-20T15:19:08","date_gmt":"2019-02-20T14:19:08","guid":{"rendered":"http:\/\/manufaktuhr.info\/?p=7181"},"modified":"2019-02-20T15:19:08","modified_gmt":"2019-02-20T14:19:08","slug":"all-eyes-on-colors-dugena-bringt-die-trendfarben-2019-ans-handgelenk","status":"publish","type":"post","link":"https:\/\/manufaktuhr.info\/?p=7181","title":{"rendered":"All eyes on Colors  &#8211; Dugena bringt die Trendfarben 2019 ans Handgelenk"},"content":{"rendered":"\n<p>Auf dem Catwalk tonangebend, am Handgelenk ein absoluter Hingucker&nbsp;\u2013&nbsp;die Uhrenmarke Dugena beweist, dass die Trendfarben f\u00fcr das Fr\u00fchjahr 2019 nicht nur die Fashionwelt begeistern, sondern auch in Verbindung mit Accessoires hervorragend zur Geltung kommen.<\/p>\n\n\n\n<p>Warm und k\u00fchl, intensiv und sanft&nbsp;\u2013&nbsp;leuchtende T\u00f6ne und zarte Nuancen erinnern an die vielf\u00e4ltige Farbenpracht des Fr\u00fchlings und wischen die letzen Spuren des Winters aus unseren Gedanken.<\/p>\n\n\n\n<figure class=\"wp-block-image\"><img loading=\"lazy\" decoding=\"async\" width=\"800\" height=\"500\" data-attachment-id=\"7179\" data-permalink=\"https:\/\/manufaktuhr.info\/?attachment_id=7179\" data-orig-file=\"https:\/\/manufaktuhr.info\/wp-content\/uploads\/2019\/02\/b1.jpg\" data-orig-size=\"800,500\" data-comments-opened=\"0\" data-image-meta=\"{&quot;aperture&quot;:&quot;0&quot;,&quot;credit&quot;:&quot;&quot;,&quot;camera&quot;:&quot;&quot;,&quot;caption&quot;:&quot;&quot;,&quot;created_timestamp&quot;:&quot;0&quot;,&quot;copyright&quot;:&quot;&quot;,&quot;focal_length&quot;:&quot;0&quot;,&quot;iso&quot;:&quot;0&quot;,&quot;shutter_speed&quot;:&quot;0&quot;,&quot;title&quot;:&quot;&quot;,&quot;orientation&quot;:&quot;1&quot;}\" data-image-title=\"b1\" data-image-description=\"\" data-image-caption=\"\" data-medium-file=\"https:\/\/manufaktuhr.info\/wp-content\/uploads\/2019\/02\/b1-300x188.jpg\" data-large-file=\"https:\/\/manufaktuhr.info\/wp-content\/uploads\/2019\/02\/b1.jpg\" src=\"https:\/\/manufaktuhr.info\/wp-content\/uploads\/2019\/02\/b1.jpg\" alt=\"\" class=\"wp-image-7179\" srcset=\"https:\/\/manufaktuhr.info\/wp-content\/uploads\/2019\/02\/b1.jpg 800w, https:\/\/manufaktuhr.info\/wp-content\/uploads\/2019\/02\/b1-300x188.jpg 300w, https:\/\/manufaktuhr.info\/wp-content\/uploads\/2019\/02\/b1-768x480.jpg 768w\" sizes=\"auto, (max-width: 709px) 85vw, (max-width: 909px) 67vw, (max-width: 984px) 61vw, (max-width: 1362px) 45vw, 600px\" \/><\/figure>\n\n\n\n<p>Das himmelblaue Armband des Modells&nbsp;Festa Femme&nbsp;verstr\u00f6mt die frische Leichtigkeit eines wolkenlosen M\u00e4rztags, der auf einen ausgiebigen Spaziergang in der Natur einl\u00e4dt. Dugena kombiniert das zarte Kolorit gekonnt mit einem wei\u00dfen Zifferblatt, das von einem silberfarbenen Edelstahlgeh\u00e4use umrahmt wird. Den absoluten Wow-Faktor hat auch ein weiteres Modell aus der&nbsp;Festa Femme&nbsp;Familie: Hier schmiegt sich das satte Moosgr\u00fcn des Armbands an ein Edelstahlgeh\u00e4use in Ros\u00e9gold&nbsp;\u2013&nbsp;eine harmonische Farbkombination, die uns nicht nur f\u00fcr eine Saison Freude bereitet.<\/p>\n\n\n\n<figure class=\"wp-block-image\"><img loading=\"lazy\" decoding=\"async\" width=\"800\" height=\"500\" data-attachment-id=\"7180\" data-permalink=\"https:\/\/manufaktuhr.info\/?attachment_id=7180\" data-orig-file=\"https:\/\/manufaktuhr.info\/wp-content\/uploads\/2019\/02\/b2.jpg\" data-orig-size=\"800,500\" data-comments-opened=\"0\" data-image-meta=\"{&quot;aperture&quot;:&quot;0&quot;,&quot;credit&quot;:&quot;&quot;,&quot;camera&quot;:&quot;&quot;,&quot;caption&quot;:&quot;&quot;,&quot;created_timestamp&quot;:&quot;0&quot;,&quot;copyright&quot;:&quot;&quot;,&quot;focal_length&quot;:&quot;0&quot;,&quot;iso&quot;:&quot;0&quot;,&quot;shutter_speed&quot;:&quot;0&quot;,&quot;title&quot;:&quot;&quot;,&quot;orientation&quot;:&quot;1&quot;}\" data-image-title=\"b2\" data-image-description=\"\" data-image-caption=\"\" data-medium-file=\"https:\/\/manufaktuhr.info\/wp-content\/uploads\/2019\/02\/b2-300x188.jpg\" data-large-file=\"https:\/\/manufaktuhr.info\/wp-content\/uploads\/2019\/02\/b2.jpg\" src=\"https:\/\/manufaktuhr.info\/wp-content\/uploads\/2019\/02\/b2.jpg\" alt=\"\" class=\"wp-image-7180\" srcset=\"https:\/\/manufaktuhr.info\/wp-content\/uploads\/2019\/02\/b2.jpg 800w, https:\/\/manufaktuhr.info\/wp-content\/uploads\/2019\/02\/b2-300x188.jpg 300w, https:\/\/manufaktuhr.info\/wp-content\/uploads\/2019\/02\/b2-768x480.jpg 768w\" sizes=\"auto, (max-width: 709px) 85vw, (max-width: 909px) 67vw, (max-width: 984px) 61vw, (max-width: 1362px) 45vw, 600px\" \/><\/figure>\n\n\n\n<p>Temperamentvoll, dynamisch und leidenschaftlich&nbsp;\u2013&nbsp;wer&nbsp;Rot&nbsp;und&nbsp;Orange&nbsp;tr\u00e4gt zieht die Aufmerksamkeit gerne auf sich. Die Modelle der Dessau Color Linie pr\u00e4sentieren sich selbstbewusst und eindrucksvoll mit Armb\u00e4ndern in belebendem Rot und feurigem Orange. Diese Uhren verpr\u00fchen nicht nur positive Energie, sondern sorgen garantiert auch f\u00fcr den ein oder anderen bewundernden Blick auf das Handgelenk ihrer Tr\u00e4gerin.<\/p>\n","protected":false},"excerpt":{"rendered":"<p>Auf dem Catwalk tonangebend, am Handgelenk ein absoluter Hingucker&nbsp;\u2013&nbsp;die Uhrenmarke Dugena beweist, dass die Trendfarben f\u00fcr das Fr\u00fchjahr 2019 nicht nur die Fashionwelt begeistern, sondern auch in Verbindung mit Accessoires hervorragend zur Geltung kommen. Warm und k\u00fchl, intensiv und sanft&nbsp;\u2013&nbsp;leuchtende T\u00f6ne und zarte Nuancen erinnern an die vielf\u00e4ltige Farbenpracht des Fr\u00fchlings und wischen die letzen &hellip; <a href=\"https:\/\/manufaktuhr.info\/?p=7181\" class=\"more-link\"><span class=\"screen-reader-text\">\u201eAll eyes on Colors  &#8211; Dugena bringt die Trendfarben 2019 ans Handgelenk\u201c <\/span>weiterlesen<\/a><\/p>\n","protected":false},"author":1,"featured_media":7179,"comment_status":"closed","ping_status":"open","sticky":false,"template":"","format":"standard","meta":{"jetpack_post_was_ever_published":false,"_jetpack_newsletter_access":"","_jetpack_dont_email_post_to_subs":false,"_jetpack_newsletter_tier_id":0,"_jetpack_memberships_contains_paywalled_content":false,"_jetpack_memberships_contains_paid_content":false,"footnotes":"","jetpack_publicize_message":"","jetpack_publicize_feature_enabled":true,"jetpack_social_post_already_shared":true,"jetpack_social_options":{"image_generator_settings":{"template":"highway","default_image_id":0,"font":"","enabled":false},"version":2}},"categories":[66],"tags":[],"class_list":["post-7181","post","type-post","status-publish","format-standard","has-post-thumbnail","hentry","category-dugena"],"jetpack_publicize_connections":[],"jetpack_featured_media_url":"https:\/\/manufaktuhr.info\/wp-content\/uploads\/2019\/02\/b1.jpg","jetpack_shortlink":"https:\/\/wp.me\/p7fs8R-1RP","jetpack-related-posts":[],"jetpack_sharing_enabled":true,"_links":{"self":[{"href":"https:\/\/manufaktuhr.info\/index.php?rest_route=\/wp\/v2\/posts\/7181","targetHints":{"allow":["GET"]}}],"collection":[{"href":"https:\/\/manufaktuhr.info\/index.php?rest_route=\/wp\/v2\/posts"}],"about":[{"href":"https:\/\/manufaktuhr.info\/index.php?rest_route=\/wp\/v2\/types\/post"}],"author":[{"embeddable":true,"href":"https:\/\/manufaktuhr.info\/index.php?rest_route=\/wp\/v2\/users\/1"}],"replies":[{"embeddable":true,"href":"https:\/\/manufaktuhr.info\/index.php?rest_route=%2Fwp%2Fv2%2Fcomments&post=7181"}],"version-history":[{"count":2,"href":"https:\/\/manufaktuhr.info\/index.php?rest_route=\/wp\/v2\/posts\/7181\/revisions"}],"predecessor-version":[{"id":7183,"href":"https:\/\/manufaktuhr.info\/index.php?rest_route=\/wp\/v2\/posts\/7181\/revisions\/7183"}],"wp:featuredmedia":[{"embeddable":true,"href":"https:\/\/manufaktuhr.info\/index.php?rest_route=\/wp\/v2\/media\/7179"}],"wp:attachment":[{"href":"https:\/\/manufaktuhr.info\/index.php?rest_route=%2Fwp%2Fv2%2Fmedia&parent=7181"}],"wp:term":[{"taxonomy":"category","embeddable":true,"href":"https:\/\/manufaktuhr.info\/index.php?rest_route=%2Fwp%2Fv2%2Fcategories&post=7181"},{"taxonomy":"post_tag","embeddable":true,"href":"https:\/\/manufaktuhr.info\/index.php?rest_route=%2Fwp%2Fv2%2Ftags&post=7181"}],"curies":[{"name":"wp","href":"https:\/\/api.w.org\/{rel}","templated":true}]}}