{"id":7326,"date":"2019-03-18T09:36:47","date_gmt":"2019-03-18T08:36:47","guid":{"rendered":"http:\/\/manufaktuhr.info\/?p=7326"},"modified":"2019-03-17T12:39:41","modified_gmt":"2019-03-17T11:39:41","slug":"aristo-weimar-zum-100-jaehrigen-bauhaus-jubilaeum","status":"publish","type":"post","link":"https:\/\/manufaktuhr.info\/?p=7326","title":{"rendered":"ARISTO \u201eWeimar\u201c zum 100 j\u00e4hrigen Bauhaus-Jubil\u00e4um"},"content":{"rendered":"\n<p>Seit 1919 gilt die Stadt Weimar als Heimat der Bauhaus-Bewegung. Architekten und K\u00fcnstler, Designer und Handwerker arbeiteten hier zusammen nach dem Prinzip: Form folgt Funktion. \u2013 Diese klassische Bauhaus-Regel wird ebenso vollkommen wie logisch erg\u00e4nzt von der neuen Mechanik-Uhr ARISTO \u201eWeimar\u201c.<\/p>\n\n\n\n<figure class=\"wp-block-image\"><img loading=\"lazy\" decoding=\"async\" width=\"1024\" height=\"768\" data-attachment-id=\"7325\" data-permalink=\"https:\/\/manufaktuhr.info\/?attachment_id=7325\" data-orig-file=\"https:\/\/manufaktuhr.info\/wp-content\/uploads\/2019\/03\/IMG_1585.jpg\" data-orig-size=\"1200,900\" data-comments-opened=\"0\" data-image-meta=\"{&quot;aperture&quot;:&quot;0&quot;,&quot;credit&quot;:&quot;&quot;,&quot;camera&quot;:&quot;&quot;,&quot;caption&quot;:&quot;&quot;,&quot;created_timestamp&quot;:&quot;0&quot;,&quot;copyright&quot;:&quot;&quot;,&quot;focal_length&quot;:&quot;0&quot;,&quot;iso&quot;:&quot;0&quot;,&quot;shutter_speed&quot;:&quot;0&quot;,&quot;title&quot;:&quot;&quot;,&quot;orientation&quot;:&quot;0&quot;}\" data-image-title=\"IMG_1585\" data-image-description=\"\" data-image-caption=\"\" data-medium-file=\"https:\/\/manufaktuhr.info\/wp-content\/uploads\/2019\/03\/IMG_1585-300x225.jpg\" data-large-file=\"https:\/\/manufaktuhr.info\/wp-content\/uploads\/2019\/03\/IMG_1585-1024x768.jpg\" src=\"https:\/\/manufaktuhr.info\/wp-content\/uploads\/2019\/03\/IMG_1585-1024x768.jpg\" alt=\"\" class=\"wp-image-7325\" srcset=\"https:\/\/manufaktuhr.info\/wp-content\/uploads\/2019\/03\/IMG_1585-1024x768.jpg 1024w, https:\/\/manufaktuhr.info\/wp-content\/uploads\/2019\/03\/IMG_1585-300x225.jpg 300w, https:\/\/manufaktuhr.info\/wp-content\/uploads\/2019\/03\/IMG_1585-768x576.jpg 768w, https:\/\/manufaktuhr.info\/wp-content\/uploads\/2019\/03\/IMG_1585.jpg 1200w\" sizes=\"auto, (max-width: 709px) 85vw, (max-width: 909px) 67vw, (max-width: 1362px) 62vw, 840px\" \/><\/figure>\n\n\n\n<p>\u00c4u\u00dferlich \u00fcberzeugt die ARISTO \u201eWeimar\u201c durch ihr klares, reines, auf das absolut Notwendige reduzierte Design. Innen drin arbeitet das Schweizer Automatic-Werk SW 200 von Sellita, wie man es von einer ARISTO-Uhr aus den Pforzheimer Uhren-Werkst\u00e4tten erwarten darf.&nbsp;<\/p>\n\n\n\n<figure class=\"wp-block-image\"><img loading=\"lazy\" decoding=\"async\" width=\"1024\" height=\"768\" data-attachment-id=\"7322\" data-permalink=\"https:\/\/manufaktuhr.info\/?attachment_id=7322\" data-orig-file=\"https:\/\/manufaktuhr.info\/wp-content\/uploads\/2019\/03\/IMG_1581.jpg\" data-orig-size=\"1200,900\" data-comments-opened=\"0\" data-image-meta=\"{&quot;aperture&quot;:&quot;0&quot;,&quot;credit&quot;:&quot;&quot;,&quot;camera&quot;:&quot;&quot;,&quot;caption&quot;:&quot;&quot;,&quot;created_timestamp&quot;:&quot;0&quot;,&quot;copyright&quot;:&quot;&quot;,&quot;focal_length&quot;:&quot;0&quot;,&quot;iso&quot;:&quot;0&quot;,&quot;shutter_speed&quot;:&quot;0&quot;,&quot;title&quot;:&quot;&quot;,&quot;orientation&quot;:&quot;0&quot;}\" data-image-title=\"IMG_1581\" data-image-description=\"\" data-image-caption=\"\" data-medium-file=\"https:\/\/manufaktuhr.info\/wp-content\/uploads\/2019\/03\/IMG_1581-300x225.jpg\" data-large-file=\"https:\/\/manufaktuhr.info\/wp-content\/uploads\/2019\/03\/IMG_1581-1024x768.jpg\" src=\"https:\/\/manufaktuhr.info\/wp-content\/uploads\/2019\/03\/IMG_1581-1024x768.jpg\" alt=\"\" class=\"wp-image-7322\" srcset=\"https:\/\/manufaktuhr.info\/wp-content\/uploads\/2019\/03\/IMG_1581-1024x768.jpg 1024w, https:\/\/manufaktuhr.info\/wp-content\/uploads\/2019\/03\/IMG_1581-300x225.jpg 300w, https:\/\/manufaktuhr.info\/wp-content\/uploads\/2019\/03\/IMG_1581-768x576.jpg 768w, https:\/\/manufaktuhr.info\/wp-content\/uploads\/2019\/03\/IMG_1581.jpg 1200w\" sizes=\"auto, (max-width: 709px) 85vw, (max-width: 909px) 67vw, (max-width: 1362px) 62vw, 840px\" \/><\/figure>\n\n\n\n<p>Fazit: Bei der ARISTO \u201eWeimar\u201c folgt nicht nur die formale Gestaltung den vielen m\u00f6glichen Funktionsw\u00fcnschen eines Mechanik-Uhrentr\u00e4gers. Bei dieser Uhrenserie aus dem Hause ARISTO VOLLMER erf\u00fcllt sogar das Innenleben s\u00e4mtliche Anspr\u00fcche, die ein Uhrenfreund an seinen zuverl\u00e4ssigen Zeitbegleiter stellen kann.<\/p>\n\n\n\n<figure class=\"wp-block-image\"><img loading=\"lazy\" decoding=\"async\" width=\"1024\" height=\"768\" data-attachment-id=\"7323\" data-permalink=\"https:\/\/manufaktuhr.info\/?attachment_id=7323\" data-orig-file=\"https:\/\/manufaktuhr.info\/wp-content\/uploads\/2019\/03\/IMG_1582.jpg\" data-orig-size=\"1200,900\" data-comments-opened=\"0\" data-image-meta=\"{&quot;aperture&quot;:&quot;0&quot;,&quot;credit&quot;:&quot;&quot;,&quot;camera&quot;:&quot;&quot;,&quot;caption&quot;:&quot;&quot;,&quot;created_timestamp&quot;:&quot;0&quot;,&quot;copyright&quot;:&quot;&quot;,&quot;focal_length&quot;:&quot;0&quot;,&quot;iso&quot;:&quot;0&quot;,&quot;shutter_speed&quot;:&quot;0&quot;,&quot;title&quot;:&quot;&quot;,&quot;orientation&quot;:&quot;0&quot;}\" data-image-title=\"IMG_1582\" data-image-description=\"\" data-image-caption=\"\" data-medium-file=\"https:\/\/manufaktuhr.info\/wp-content\/uploads\/2019\/03\/IMG_1582-300x225.jpg\" data-large-file=\"https:\/\/manufaktuhr.info\/wp-content\/uploads\/2019\/03\/IMG_1582-1024x768.jpg\" src=\"https:\/\/manufaktuhr.info\/wp-content\/uploads\/2019\/03\/IMG_1582-1024x768.jpg\" alt=\"\" class=\"wp-image-7323\" srcset=\"https:\/\/manufaktuhr.info\/wp-content\/uploads\/2019\/03\/IMG_1582-1024x768.jpg 1024w, https:\/\/manufaktuhr.info\/wp-content\/uploads\/2019\/03\/IMG_1582-300x225.jpg 300w, https:\/\/manufaktuhr.info\/wp-content\/uploads\/2019\/03\/IMG_1582-768x576.jpg 768w, https:\/\/manufaktuhr.info\/wp-content\/uploads\/2019\/03\/IMG_1582.jpg 1200w\" sizes=\"auto, (max-width: 709px) 85vw, (max-width: 909px) 67vw, (max-width: 1362px) 62vw, 840px\" \/><\/figure>\n\n\n\n<p>Die ARISTO \u201eWeimar\u201c wird angeboten in drei Zifferblatt-Varianten: Grundfarben beige, silberwei\u00df und schwarz. Das Besondere sind die Kravattenzeiger, die in Formgebung und L\u00e4nge perfekt auf die Uhr abgestimmt sind. Ihr dreiteiliges Edelstahl-Geh\u00e4use hat einen Durchmesser von 40 mm. Das gew\u00f6lbte Mineralglas verleiht der Uhr eine klassische Anmutung unterst\u00fctzt durch die hochwertigen farblich abgestimmten Glattlederb\u00e4nder aus deutscher Herstellung. <\/p>\n\n\n\n<figure class=\"wp-block-image\"><img loading=\"lazy\" decoding=\"async\" width=\"1024\" height=\"768\" data-attachment-id=\"7324\" data-permalink=\"https:\/\/manufaktuhr.info\/?attachment_id=7324\" data-orig-file=\"https:\/\/manufaktuhr.info\/wp-content\/uploads\/2019\/03\/IMG_1584.jpg\" data-orig-size=\"1200,900\" data-comments-opened=\"0\" data-image-meta=\"{&quot;aperture&quot;:&quot;0&quot;,&quot;credit&quot;:&quot;&quot;,&quot;camera&quot;:&quot;&quot;,&quot;caption&quot;:&quot;&quot;,&quot;created_timestamp&quot;:&quot;0&quot;,&quot;copyright&quot;:&quot;&quot;,&quot;focal_length&quot;:&quot;0&quot;,&quot;iso&quot;:&quot;0&quot;,&quot;shutter_speed&quot;:&quot;0&quot;,&quot;title&quot;:&quot;&quot;,&quot;orientation&quot;:&quot;0&quot;}\" data-image-title=\"IMG_1584\" data-image-description=\"\" data-image-caption=\"\" data-medium-file=\"https:\/\/manufaktuhr.info\/wp-content\/uploads\/2019\/03\/IMG_1584-300x225.jpg\" data-large-file=\"https:\/\/manufaktuhr.info\/wp-content\/uploads\/2019\/03\/IMG_1584-1024x768.jpg\" src=\"https:\/\/manufaktuhr.info\/wp-content\/uploads\/2019\/03\/IMG_1584-1024x768.jpg\" alt=\"\" class=\"wp-image-7324\" srcset=\"https:\/\/manufaktuhr.info\/wp-content\/uploads\/2019\/03\/IMG_1584-1024x768.jpg 1024w, https:\/\/manufaktuhr.info\/wp-content\/uploads\/2019\/03\/IMG_1584-300x225.jpg 300w, https:\/\/manufaktuhr.info\/wp-content\/uploads\/2019\/03\/IMG_1584-768x576.jpg 768w, https:\/\/manufaktuhr.info\/wp-content\/uploads\/2019\/03\/IMG_1584.jpg 1200w\" sizes=\"auto, (max-width: 709px) 85vw, (max-width: 909px) 67vw, (max-width: 1362px) 62vw, 840px\" \/><\/figure>\n\n\n\n<p>Oder als Designklassiker mit einem handwerklich aufw\u00e4ndig verarbeiteten Milanaise-Geflechtband aus der Uhren und Metallband-Manufaktur Ernst Vollmer.<\/p>\n","protected":false},"excerpt":{"rendered":"<p>Seit 1919 gilt die Stadt Weimar als Heimat der Bauhaus-Bewegung. Architekten und K\u00fcnstler, Designer und Handwerker arbeiteten hier zusammen nach dem Prinzip: Form folgt Funktion. \u2013 Diese klassische Bauhaus-Regel wird ebenso vollkommen wie logisch erg\u00e4nzt von der neuen Mechanik-Uhr ARISTO \u201eWeimar\u201c. \u00c4u\u00dferlich \u00fcberzeugt die ARISTO \u201eWeimar\u201c durch ihr klares, reines, auf das absolut Notwendige reduzierte &hellip; <a href=\"https:\/\/manufaktuhr.info\/?p=7326\" class=\"more-link\"><span class=\"screen-reader-text\">\u201eARISTO \u201eWeimar\u201c zum 100 j\u00e4hrigen Bauhaus-Jubil\u00e4um\u201c <\/span>weiterlesen<\/a><\/p>\n","protected":false},"author":1,"featured_media":7322,"comment_status":"closed","ping_status":"open","sticky":false,"template":"","format":"standard","meta":{"jetpack_post_was_ever_published":false,"_jetpack_newsletter_access":"","_jetpack_dont_email_post_to_subs":false,"_jetpack_newsletter_tier_id":0,"_jetpack_memberships_contains_paywalled_content":false,"_jetpack_memberships_contains_paid_content":false,"footnotes":"","jetpack_publicize_message":"","jetpack_publicize_feature_enabled":true,"jetpack_social_post_already_shared":true,"jetpack_social_options":{"image_generator_settings":{"template":"highway","default_image_id":0,"font":"","enabled":false},"version":2}},"categories":[13],"tags":[],"class_list":["post-7326","post","type-post","status-publish","format-standard","has-post-thumbnail","hentry","category-aristo-vollmer"],"jetpack_publicize_connections":[],"jetpack_featured_media_url":"https:\/\/manufaktuhr.info\/wp-content\/uploads\/2019\/03\/IMG_1581.jpg","jetpack_shortlink":"https:\/\/wp.me\/p7fs8R-1Ua","jetpack-related-posts":[],"jetpack_sharing_enabled":true,"_links":{"self":[{"href":"https:\/\/manufaktuhr.info\/index.php?rest_route=\/wp\/v2\/posts\/7326","targetHints":{"allow":["GET"]}}],"collection":[{"href":"https:\/\/manufaktuhr.info\/index.php?rest_route=\/wp\/v2\/posts"}],"about":[{"href":"https:\/\/manufaktuhr.info\/index.php?rest_route=\/wp\/v2\/types\/post"}],"author":[{"embeddable":true,"href":"https:\/\/manufaktuhr.info\/index.php?rest_route=\/wp\/v2\/users\/1"}],"replies":[{"embeddable":true,"href":"https:\/\/manufaktuhr.info\/index.php?rest_route=%2Fwp%2Fv2%2Fcomments&post=7326"}],"version-history":[{"count":2,"href":"https:\/\/manufaktuhr.info\/index.php?rest_route=\/wp\/v2\/posts\/7326\/revisions"}],"predecessor-version":[{"id":7328,"href":"https:\/\/manufaktuhr.info\/index.php?rest_route=\/wp\/v2\/posts\/7326\/revisions\/7328"}],"wp:featuredmedia":[{"embeddable":true,"href":"https:\/\/manufaktuhr.info\/index.php?rest_route=\/wp\/v2\/media\/7322"}],"wp:attachment":[{"href":"https:\/\/manufaktuhr.info\/index.php?rest_route=%2Fwp%2Fv2%2Fmedia&parent=7326"}],"wp:term":[{"taxonomy":"category","embeddable":true,"href":"https:\/\/manufaktuhr.info\/index.php?rest_route=%2Fwp%2Fv2%2Fcategories&post=7326"},{"taxonomy":"post_tag","embeddable":true,"href":"https:\/\/manufaktuhr.info\/index.php?rest_route=%2Fwp%2Fv2%2Ftags&post=7326"}],"curies":[{"name":"wp","href":"https:\/\/api.w.org\/{rel}","templated":true}]}}