{"id":750,"date":"2013-04-28T11:00:24","date_gmt":"2013-04-28T10:00:24","guid":{"rendered":"http:\/\/manufaktuhr.info\/?p=750"},"modified":"2013-04-28T11:00:24","modified_gmt":"2013-04-28T10:00:24","slug":"basel-2013-nomos-glashutte-serie-38","status":"publish","type":"post","link":"https:\/\/manufaktuhr.info\/?p=750","title":{"rendered":"Basel 2013: NOMOS Glash\u00fctte Serie 38"},"content":{"rendered":"<div title=\"Page 1\">\n<p>Uhren von NOMOS Glash\u00fctte gibt es jetzt in neuer M\u00e4nnergr\u00f6\u00dfe \u2013 in Grau der Gipfel der Eleganz<\/p>\n<p><a href=\"https:\/\/manufaktuhr.info\/wp-content\/uploads\/2013\/04\/4-NOMOS-Serie-38.jpg\"><img loading=\"lazy\" decoding=\"async\" data-attachment-id=\"743\" data-permalink=\"https:\/\/manufaktuhr.info\/?attachment_id=743\" data-orig-file=\"https:\/\/manufaktuhr.info\/wp-content\/uploads\/2013\/04\/4-NOMOS-Serie-38.jpg\" data-orig-size=\"2126,1535\" data-comments-opened=\"1\" data-image-meta=\"{&quot;aperture&quot;:&quot;2&quot;,&quot;credit&quot;:&quot;Holger Wens&quot;,&quot;camera&quot;:&quot;Ixpress 96 - Flash Sync&quot;,&quot;caption&quot;:&quot;Gruppe Geh\\u00e2\\u0088\\u009a\\u00c2\\u00a7use&quot;,&quot;created_timestamp&quot;:&quot;1363185346&quot;,&quot;copyright&quot;:&quot;Holger Wens \/ Fotografie&quot;,&quot;focal_length&quot;:&quot;0&quot;,&quot;iso&quot;:&quot;50&quot;,&quot;shutter_speed&quot;:&quot;0.125&quot;,&quot;title&quot;:&quot;Gruppe Geh\\u00e2\\u0088\\u009a\\u00c2\\u00a7use&quot;}\" data-image-title=\"Gruppe Geh\u00e2\u0088\u009a\u00c2\u00a7use\" data-image-description=\"&lt;p&gt;Gruppe Geh\u00e2\u0088\u009a\u00c2\u00a7use&lt;\/p&gt;\n\" data-image-caption=\"\" data-medium-file=\"https:\/\/manufaktuhr.info\/wp-content\/uploads\/2013\/04\/4-NOMOS-Serie-38-300x216.jpg\" data-large-file=\"https:\/\/manufaktuhr.info\/wp-content\/uploads\/2013\/04\/4-NOMOS-Serie-38-1024x739.jpg\" class=\"aligncenter size-large wp-image-743\" title=\"Gruppe Geh\u00e2\u0088\u009a\u00c2\u00a7use\" src=\"https:\/\/manufaktuhr.info\/wp-content\/uploads\/2013\/04\/4-NOMOS-Serie-38-1024x739.jpg\" alt=\"\" width=\"640\" height=\"461\" srcset=\"https:\/\/manufaktuhr.info\/wp-content\/uploads\/2013\/04\/4-NOMOS-Serie-38-1024x739.jpg 1024w, https:\/\/manufaktuhr.info\/wp-content\/uploads\/2013\/04\/4-NOMOS-Serie-38-300x216.jpg 300w\" sizes=\"auto, (max-width: 709px) 85vw, (max-width: 909px) 67vw, (max-width: 984px) 61vw, (max-width: 1362px) 45vw, 600px\" \/><\/a>Gr\u00f6\u00dfer, schlanker, eleganter: Die NOMOS-Klassiker Orion, Tangente und Ludwig gibt es nun im Durchmesser 38 Millimeter \u2013 der bei diesen Uhren mit Glash\u00fctter Handaufzugs-Manufakturkaliber gr\u00f6\u00dfer wirkt. Die Uhren sind gewachsen. Denn die Sehgewohnheiten haben sich \u00fcber die Jahre ver\u00e4ndert, klassische Uhren, die einst an Herrenhandgelenken richtig wirkten, scheinen vielen heute klein. Die Zifferbl\u00e4tter der neuen NOMOS-Klasse sind klar, die Proportionen perfekt. Im Innern der Uhren tickt das bew\u00e4hrte NOMOS-Handaufzugskaliber Alpha.<\/p>\n<p>Mit Datum sind die 38-Millimeter-Modelle der Marke bereits seit drei Jahren schwer begehrt. Ohne Datum (und damit auch preislich g\u00fcnstiger) gab es sie bislang noch nicht. NOMOS Glash\u00fctte also schlie\u00dft eine L\u00fccke im Programm.<\/p>\n<p>Modell Orion \u00fcbrigens \u2013 mit wunderbar gew\u00f6lbten Bl\u00e4ttern und Gl\u00e4sern, die diese Uhren schweben lassen \u2013 kommt sogar in gleich zwei neuen Versionen auf den Markt: als Orion 38 und Orion 38 grau. Und dieses Grau der neuen Orion ist, so finden die Designer bei NOMOS Glash\u00fctte, einstweilig der Gipfel der Eleganz.<\/p>\n<\/div>\n","protected":false},"excerpt":{"rendered":"<p>Uhren von NOMOS Glash\u00fctte gibt es jetzt in neuer M\u00e4nnergr\u00f6\u00dfe \u2013 in Grau der Gipfel der Eleganz Gr\u00f6\u00dfer, schlanker, eleganter: Die NOMOS-Klassiker Orion, Tangente und Ludwig gibt es nun im Durchmesser 38 Millimeter \u2013 der bei diesen Uhren mit Glash\u00fctter Handaufzugs-Manufakturkaliber gr\u00f6\u00dfer wirkt. Die Uhren sind gewachsen. Denn die Sehgewohnheiten haben sich \u00fcber die Jahre &hellip; <a href=\"https:\/\/manufaktuhr.info\/?p=750\" class=\"more-link\"><span class=\"screen-reader-text\">\u201eBasel 2013: NOMOS Glash\u00fctte Serie 38\u201c <\/span>weiterlesen<\/a><\/p>\n","protected":false},"author":1,"featured_media":0,"comment_status":"open","ping_status":"open","sticky":false,"template":"","format":"standard","meta":{"jetpack_post_was_ever_published":false,"_jetpack_newsletter_access":"","_jetpack_dont_email_post_to_subs":false,"_jetpack_newsletter_tier_id":0,"_jetpack_memberships_contains_paywalled_content":false,"_jetpack_memberships_contains_paid_content":false,"footnotes":"","jetpack_publicize_message":"","jetpack_publicize_feature_enabled":true,"jetpack_social_post_already_shared":false,"jetpack_social_options":{"image_generator_settings":{"template":"highway","default_image_id":0,"font":"","enabled":false},"version":2}},"categories":[5],"tags":[],"class_list":["post-750","post","type-post","status-publish","format-standard","hentry","category-nomos-glashutte"],"jetpack_publicize_connections":[],"jetpack_featured_media_url":"","jetpack_shortlink":"https:\/\/wp.me\/p7fs8R-c6","jetpack-related-posts":[],"jetpack_sharing_enabled":true,"_links":{"self":[{"href":"https:\/\/manufaktuhr.info\/index.php?rest_route=\/wp\/v2\/posts\/750","targetHints":{"allow":["GET"]}}],"collection":[{"href":"https:\/\/manufaktuhr.info\/index.php?rest_route=\/wp\/v2\/posts"}],"about":[{"href":"https:\/\/manufaktuhr.info\/index.php?rest_route=\/wp\/v2\/types\/post"}],"author":[{"embeddable":true,"href":"https:\/\/manufaktuhr.info\/index.php?rest_route=\/wp\/v2\/users\/1"}],"replies":[{"embeddable":true,"href":"https:\/\/manufaktuhr.info\/index.php?rest_route=%2Fwp%2Fv2%2Fcomments&post=750"}],"version-history":[{"count":1,"href":"https:\/\/manufaktuhr.info\/index.php?rest_route=\/wp\/v2\/posts\/750\/revisions"}],"predecessor-version":[{"id":751,"href":"https:\/\/manufaktuhr.info\/index.php?rest_route=\/wp\/v2\/posts\/750\/revisions\/751"}],"wp:attachment":[{"href":"https:\/\/manufaktuhr.info\/index.php?rest_route=%2Fwp%2Fv2%2Fmedia&parent=750"}],"wp:term":[{"taxonomy":"category","embeddable":true,"href":"https:\/\/manufaktuhr.info\/index.php?rest_route=%2Fwp%2Fv2%2Fcategories&post=750"},{"taxonomy":"post_tag","embeddable":true,"href":"https:\/\/manufaktuhr.info\/index.php?rest_route=%2Fwp%2Fv2%2Ftags&post=750"}],"curies":[{"name":"wp","href":"https:\/\/api.w.org\/{rel}","templated":true}]}}