{"id":7826,"date":"2019-12-16T09:15:00","date_gmt":"2019-12-16T08:15:00","guid":{"rendered":"http:\/\/manufaktuhr.info\/?p=7826"},"modified":"2019-12-15T15:16:55","modified_gmt":"2019-12-15T14:16:55","slug":"happy-valentime-muehle-glashuette-auf-der-inhorgenta-2020","status":"publish","type":"post","link":"https:\/\/manufaktuhr.info\/?p=7826","title":{"rendered":"Happy Valentime! M\u00fchle-Glash\u00fctte auf der Inhorgenta 2020"},"content":{"rendered":"\n<p><strong>Am 14. Februar 2020 beginnt die Inhorgenta in M\u00fcnchen. Mit dabei: Der familiengef\u00fchrte Uhrenhersteller Nautische Instrumente M\u00fchle-Glash\u00fctte. Am Valentinstag pr\u00e4sentieren Thilo M\u00fchle und sein Team die neuen Modelle f\u00fcr 2020 erstmals in Halle A1, Stand 308.<\/strong><\/p>\n\n\n\n<figure class=\"wp-block-image size-large\"><img loading=\"lazy\" decoding=\"async\" width=\"1024\" height=\"576\" data-attachment-id=\"7824\" data-permalink=\"https:\/\/manufaktuhr.info\/?attachment_id=7824\" data-orig-file=\"https:\/\/manufaktuhr.info\/wp-content\/uploads\/2019\/12\/Muehle-auf-der-Inhorgenta-2020.jpg\" data-orig-size=\"1920,1080\" data-comments-opened=\"0\" data-image-meta=\"{&quot;aperture&quot;:&quot;0&quot;,&quot;credit&quot;:&quot;Jesus Renedo&quot;,&quot;camera&quot;:&quot;&quot;,&quot;caption&quot;:&quot;&quot;,&quot;created_timestamp&quot;:&quot;0&quot;,&quot;copyright&quot;:&quot;Jesus Renedo\/Sailing Energy&quot;,&quot;focal_length&quot;:&quot;0&quot;,&quot;iso&quot;:&quot;0&quot;,&quot;shutter_speed&quot;:&quot;0&quot;,&quot;title&quot;:&quot;&quot;,&quot;orientation&quot;:&quot;1&quot;}\" data-image-title=\"Muehle-auf-der-Inhorgenta-2020\" data-image-description=\"\" data-image-caption=\"\" data-medium-file=\"https:\/\/manufaktuhr.info\/wp-content\/uploads\/2019\/12\/Muehle-auf-der-Inhorgenta-2020-300x169.jpg\" data-large-file=\"https:\/\/manufaktuhr.info\/wp-content\/uploads\/2019\/12\/Muehle-auf-der-Inhorgenta-2020-1024x576.jpg\" src=\"https:\/\/manufaktuhr.info\/wp-content\/uploads\/2019\/12\/Muehle-auf-der-Inhorgenta-2020-1024x576.jpg\" alt=\"\" class=\"wp-image-7824\" srcset=\"https:\/\/manufaktuhr.info\/wp-content\/uploads\/2019\/12\/Muehle-auf-der-Inhorgenta-2020-1024x576.jpg 1024w, https:\/\/manufaktuhr.info\/wp-content\/uploads\/2019\/12\/Muehle-auf-der-Inhorgenta-2020-300x169.jpg 300w, https:\/\/manufaktuhr.info\/wp-content\/uploads\/2019\/12\/Muehle-auf-der-Inhorgenta-2020-768x432.jpg 768w, https:\/\/manufaktuhr.info\/wp-content\/uploads\/2019\/12\/Muehle-auf-der-Inhorgenta-2020-1536x864.jpg 1536w, https:\/\/manufaktuhr.info\/wp-content\/uploads\/2019\/12\/Muehle-auf-der-Inhorgenta-2020.jpg 1920w\" sizes=\"auto, (max-width: 709px) 85vw, (max-width: 909px) 67vw, (max-width: 1362px) 62vw, 840px\" \/><\/figure>\n\n\n\n<p>Sie sind zum Verlieben, die neuen M\u00fchle-Uhren. Da passt es ganz ausgezeichnet, dass diese am Valentinstag erstmals der \u00d6ffentlichkeit vorgestellt werden. Dann n\u00e4mlich beginnt die Inhorgenta in M\u00fcnchen, wo M\u00fchle-Glash\u00fctte in der Watch Boutique der Halle A1 an Stand 308 zu finden ist.<\/p>\n\n\n\n<p>Wie viel Herzblut in den neuen M\u00fchle-Uhren steckt, k\u00f6nnen Fachbesucher und Pressevertreter am M\u00fchle-Stand aus erster Hand erfahren. Vom 14. bis 17. Februar 2020 stehen Thilo M\u00fchle und sein Team dort gerne f\u00fcr ein Gespr\u00e4ch zur Verf\u00fcgung. Der pers\u00f6nliche<\/p>\n\n\n\n<p>Kontakt liegt dem Gesch\u00e4ftsf\u00fchrer des Glash\u00fctter Familienunternehmens dabei sehr am Herzen. Die Teilnahme an Fachmessen und verschiedenen regionalen Uhrenevents steht deshalb fest auf dem Programm des Uhrenherstellers.<\/p>\n\n\n\n<figure class=\"wp-block-image size-large\"><img loading=\"lazy\" decoding=\"async\" width=\"682\" height=\"1024\" data-attachment-id=\"7825\" data-permalink=\"https:\/\/manufaktuhr.info\/?attachment_id=7825\" data-orig-file=\"https:\/\/manufaktuhr.info\/wp-content\/uploads\/2019\/12\/Thilo-M\u00fchle.jpg\" data-orig-size=\"1417,2129\" data-comments-opened=\"0\" data-image-meta=\"{&quot;aperture&quot;:&quot;3.2&quot;,&quot;credit&quot;:&quot;Rene Jungnickel&quot;,&quot;camera&quot;:&quot;NIKON D4&quot;,&quot;caption&quot;:&quot;&quot;,&quot;created_timestamp&quot;:&quot;1413936000&quot;,&quot;copyright&quot;:&quot;Jungnickel-fotografie.de&quot;,&quot;focal_length&quot;:&quot;50&quot;,&quot;iso&quot;:&quot;800&quot;,&quot;shutter_speed&quot;:&quot;0.01&quot;,&quot;title&quot;:&quot;&quot;,&quot;orientation&quot;:&quot;1&quot;}\" data-image-title=\"Thilo M\u00fchle\" data-image-description=\"\" data-image-caption=\"\" data-medium-file=\"https:\/\/manufaktuhr.info\/wp-content\/uploads\/2019\/12\/Thilo-M\u00fchle-200x300.jpg\" data-large-file=\"https:\/\/manufaktuhr.info\/wp-content\/uploads\/2019\/12\/Thilo-M\u00fchle-682x1024.jpg\" src=\"https:\/\/manufaktuhr.info\/wp-content\/uploads\/2019\/12\/Thilo-M\u00fchle-682x1024.jpg\" alt=\"\" class=\"wp-image-7825\" srcset=\"https:\/\/manufaktuhr.info\/wp-content\/uploads\/2019\/12\/Thilo-M\u00fchle-682x1024.jpg 682w, https:\/\/manufaktuhr.info\/wp-content\/uploads\/2019\/12\/Thilo-M\u00fchle-200x300.jpg 200w, https:\/\/manufaktuhr.info\/wp-content\/uploads\/2019\/12\/Thilo-M\u00fchle-768x1154.jpg 768w, https:\/\/manufaktuhr.info\/wp-content\/uploads\/2019\/12\/Thilo-M\u00fchle-1022x1536.jpg 1022w, https:\/\/manufaktuhr.info\/wp-content\/uploads\/2019\/12\/Thilo-M\u00fchle-1363x2048.jpg 1363w, https:\/\/manufaktuhr.info\/wp-content\/uploads\/2019\/12\/Thilo-M\u00fchle.jpg 1417w\" sizes=\"auto, (max-width: 709px) 85vw, (max-width: 909px) 67vw, (max-width: 984px) 61vw, (max-width: 1362px) 45vw, 600px\" \/><\/figure>\n\n\n\n<p>Neben mehreren kleineren Events wird M\u00fchle-Glash\u00fctte im kommenden Jahr ausschlie\u00dflich an der Inhorgenta teilnehmen: \u201eAls unabh\u00e4ngiges Familienunternehmen w\u00e4gen wir sehr genau ab, wie wir unsere Mittel einsetzen. Deshalb haben wir die Ver\u00e4nderungen der Messelandschaft sehr genau beobachtet. Nach mehreren Jahren Pause haben wir in diesem Jahr erstmals wieder auf der Inhorgenta ausgestellt. Die Messe entwickelt sich pr\u00e4chtig \u2013 und so konzentrieren wir uns im Jahr 2020 ganz auf diese Veranstaltung\u201c, so Thilo M\u00fchle, Gesch\u00e4ftsf\u00fchrer und f\u00fcnfte Generation des Familienunternehmens M\u00fchle-Glash\u00fctte.<\/p>\n\n\n\n<p>Die Teilnahme an der M\u00fcnchner Messe verleiht auch der Bedeutung des deutschen Marktes Ausdruck. \u00dcber die H\u00e4lfte aller neuen M\u00fchle-Uhren findet bei Kunden in Deutschland ein neues Zuhause, sodass dieser Markt eine zentrale Rolle f\u00fcr das Unternehmen spielt.<\/p>\n\n\n\n<p>Gleichzeitig besitzt die Fachmesse f\u00fcr Schmuck, Uhren, Design, Edelsteine und Technologie eine internationale Ausrichtung. Mit \u00fcber 1000 Ausstellern aus 41 L\u00e4ndern gew\u00e4hrte sie bereits in diesem Jahr einen guten \u00dcberblick \u00fcber internationale Trends. Durch die erneute Teilnahme m\u00f6chte sich M\u00fchle-Glash\u00fctte nicht nur als Alternative f\u00fcr neue Juweliere und Uhrmacher pr\u00e4sentieren, sondern auch europ\u00e4ischen Fach- und Gro\u00dfh\u00e4ndlern die M\u00f6glichkeit bieten, sich \u00fcber die unabh\u00e4ngige Glash\u00fctter Marke zu informieren. Was liegt also n\u00e4her, als die liebenswerten Glash\u00fctter am Valentinstag einmal n\u00e4her kennen zu lernen?<\/p>\n","protected":false},"excerpt":{"rendered":"<p>Am 14. Februar 2020 beginnt die Inhorgenta in M\u00fcnchen. Mit dabei: Der familiengef\u00fchrte Uhrenhersteller Nautische Instrumente M\u00fchle-Glash\u00fctte. Am Valentinstag pr\u00e4sentieren Thilo M\u00fchle und sein Team die neuen Modelle f\u00fcr 2020 erstmals in Halle A1, Stand 308. Sie sind zum Verlieben, die neuen M\u00fchle-Uhren. Da passt es ganz ausgezeichnet, dass diese am Valentinstag erstmals der \u00d6ffentlichkeit &hellip; <a href=\"https:\/\/manufaktuhr.info\/?p=7826\" class=\"more-link\"><span class=\"screen-reader-text\">\u201eHappy Valentime! M\u00fchle-Glash\u00fctte auf der Inhorgenta 2020\u201c <\/span>weiterlesen<\/a><\/p>\n","protected":false},"author":1,"featured_media":7824,"comment_status":"closed","ping_status":"open","sticky":false,"template":"","format":"standard","meta":{"jetpack_post_was_ever_published":false,"_jetpack_newsletter_access":"","_jetpack_dont_email_post_to_subs":false,"_jetpack_newsletter_tier_id":0,"_jetpack_memberships_contains_paywalled_content":false,"_jetpack_memberships_contains_paid_content":false,"footnotes":"","jetpack_publicize_message":"","jetpack_publicize_feature_enabled":true,"jetpack_social_post_already_shared":true,"jetpack_social_options":{"image_generator_settings":{"template":"highway","default_image_id":0,"font":"","enabled":false},"version":2}},"categories":[4],"tags":[],"class_list":["post-7826","post","type-post","status-publish","format-standard","has-post-thumbnail","hentry","category-nautische-instrumente-muhle-glashutte"],"jetpack_publicize_connections":[],"jetpack_featured_media_url":"https:\/\/manufaktuhr.info\/wp-content\/uploads\/2019\/12\/Muehle-auf-der-Inhorgenta-2020.jpg","jetpack_shortlink":"https:\/\/wp.me\/p7fs8R-22e","jetpack-related-posts":[],"jetpack_sharing_enabled":true,"_links":{"self":[{"href":"https:\/\/manufaktuhr.info\/index.php?rest_route=\/wp\/v2\/posts\/7826","targetHints":{"allow":["GET"]}}],"collection":[{"href":"https:\/\/manufaktuhr.info\/index.php?rest_route=\/wp\/v2\/posts"}],"about":[{"href":"https:\/\/manufaktuhr.info\/index.php?rest_route=\/wp\/v2\/types\/post"}],"author":[{"embeddable":true,"href":"https:\/\/manufaktuhr.info\/index.php?rest_route=\/wp\/v2\/users\/1"}],"replies":[{"embeddable":true,"href":"https:\/\/manufaktuhr.info\/index.php?rest_route=%2Fwp%2Fv2%2Fcomments&post=7826"}],"version-history":[{"count":1,"href":"https:\/\/manufaktuhr.info\/index.php?rest_route=\/wp\/v2\/posts\/7826\/revisions"}],"predecessor-version":[{"id":7827,"href":"https:\/\/manufaktuhr.info\/index.php?rest_route=\/wp\/v2\/posts\/7826\/revisions\/7827"}],"wp:featuredmedia":[{"embeddable":true,"href":"https:\/\/manufaktuhr.info\/index.php?rest_route=\/wp\/v2\/media\/7824"}],"wp:attachment":[{"href":"https:\/\/manufaktuhr.info\/index.php?rest_route=%2Fwp%2Fv2%2Fmedia&parent=7826"}],"wp:term":[{"taxonomy":"category","embeddable":true,"href":"https:\/\/manufaktuhr.info\/index.php?rest_route=%2Fwp%2Fv2%2Fcategories&post=7826"},{"taxonomy":"post_tag","embeddable":true,"href":"https:\/\/manufaktuhr.info\/index.php?rest_route=%2Fwp%2Fv2%2Ftags&post=7826"}],"curies":[{"name":"wp","href":"https:\/\/api.w.org\/{rel}","templated":true}]}}