{"id":8247,"date":"2020-08-22T09:04:12","date_gmt":"2020-08-22T07:04:12","guid":{"rendered":"http:\/\/manufaktuhr.info\/?p=8247"},"modified":"2020-08-21T16:07:53","modified_gmt":"2020-08-21T14:07:53","slug":"22-august-2020-175-jahre-johannes-duerrstein","status":"publish","type":"post","link":"https:\/\/manufaktuhr.info\/?p=8247","title":{"rendered":"22. August 2020 &#8211; 175 Jahre Johannes D\u00fcrrstein"},"content":{"rendered":"\n<p>Als Ferdinand Adolph Lange vor 175 Jahren in Glash\u00fctte den Grundstein f\u00fcr die dortige Uhrenindustrie legte, war Johannes D\u00fcrrstein, der Unternehmensgr\u00fcnder von UNION Glash\u00fctte, naturgem\u00e4\u00df noch nicht vor Ort, denn er ist erst im gleichen Jahr, am 22. August 1845, in Niederrad bei Frankfurt \/ Main zur Welt gekommen. Und doch kann man diesen bemerkenswerten Unternehmer getrost zu jenen z\u00e4hlen, die den guten Ruf des Glash\u00fctter Uhrenhandwerks in alle Welt getragen haben. Dabei war D\u00fcrrstein noch nicht einmal ein Uhrmacher, sondern mit Leib und Seele Kaufmann. Und nicht nur das: Er war zugleich veritables Marketinggenie, erfolgreicher Netzwerker, leidenschaftlicher Kunstliebhaber und ein gro\u00dfer Menschenfreund.<\/p>\n\n\n\n<figure class=\"wp-block-image size-large\"><img loading=\"lazy\" decoding=\"async\" width=\"646\" height=\"1024\" data-attachment-id=\"8245\" data-permalink=\"https:\/\/manufaktuhr.info\/?attachment_id=8245\" data-orig-file=\"https:\/\/manufaktuhr.info\/wp-content\/uploads\/2020\/08\/Union-Glashuette_Johannes-Duerrstein.jpg\" data-orig-size=\"1543,2445\" data-comments-opened=\"0\" data-image-meta=\"{&quot;aperture&quot;:&quot;0&quot;,&quot;credit&quot;:&quot;&quot;,&quot;camera&quot;:&quot;&quot;,&quot;caption&quot;:&quot;&quot;,&quot;created_timestamp&quot;:&quot;0&quot;,&quot;copyright&quot;:&quot;&quot;,&quot;focal_length&quot;:&quot;0&quot;,&quot;iso&quot;:&quot;0&quot;,&quot;shutter_speed&quot;:&quot;0&quot;,&quot;title&quot;:&quot;&quot;,&quot;orientation&quot;:&quot;1&quot;}\" data-image-title=\"Union Glash\u00fctte_Johannes D\u00fcrrstein\" data-image-description=\"\" data-image-caption=\"\" data-medium-file=\"https:\/\/manufaktuhr.info\/wp-content\/uploads\/2020\/08\/Union-Glashuette_Johannes-Duerrstein-189x300.jpg\" data-large-file=\"https:\/\/manufaktuhr.info\/wp-content\/uploads\/2020\/08\/Union-Glashuette_Johannes-Duerrstein-646x1024.jpg\" src=\"https:\/\/manufaktuhr.info\/wp-content\/uploads\/2020\/08\/Union-Glashuette_Johannes-Duerrstein-646x1024.jpg\" alt=\"\" class=\"wp-image-8245\" srcset=\"https:\/\/manufaktuhr.info\/wp-content\/uploads\/2020\/08\/Union-Glashuette_Johannes-Duerrstein-646x1024.jpg 646w, https:\/\/manufaktuhr.info\/wp-content\/uploads\/2020\/08\/Union-Glashuette_Johannes-Duerrstein-189x300.jpg 189w, https:\/\/manufaktuhr.info\/wp-content\/uploads\/2020\/08\/Union-Glashuette_Johannes-Duerrstein-768x1217.jpg 768w, https:\/\/manufaktuhr.info\/wp-content\/uploads\/2020\/08\/Union-Glashuette_Johannes-Duerrstein-969x1536.jpg 969w, https:\/\/manufaktuhr.info\/wp-content\/uploads\/2020\/08\/Union-Glashuette_Johannes-Duerrstein-1292x2048.jpg 1292w, https:\/\/manufaktuhr.info\/wp-content\/uploads\/2020\/08\/Union-Glashuette_Johannes-Duerrstein.jpg 1543w\" sizes=\"auto, (max-width: 709px) 85vw, (max-width: 909px) 67vw, (max-width: 984px) 61vw, (max-width: 1362px) 45vw, 600px\" \/><\/figure>\n\n\n\n<p><strong>Der Kaufmann<\/strong><\/p>\n\n\n\n<p>Sein kaufm\u00e4nnisches Wissen erwarb Johannes D\u00fcrrstein in der Gro\u00dfhandelsfirma Ludwig &amp; Fries in Frankfurt am Main, wo er eine Lehre absolvierte. W\u00e4hrend seiner Wanderjahre in der Schweiz und als Reisender f\u00fcr eine Schweizer Uhrenhandlung kn\u00fcpfte er die Kontakte zu Uhrenproduzenten und Abnehmern, die zum Kapital seiner sp\u00e4teren T\u00e4tigkeit wurden. So lernte er auch den Dresdner Kaufmann Carl Felsing kennen, der ihm Unterst\u00fctzung und das Startkapital f\u00fcr eine eigene Uhren- Gro\u00dfhandlung in Dresden bot. Hier er\u00f6ffnete Johannes D\u00fcrrstein am 19. Januar 1874 seine Uhrengro\u00dfhandlung \u201eD\u00fcrrstein &amp; Compagnie\u201c, die zum Dreh- und Angelpunkt seines Wirkens wurde und viele Jahre \u00fcber seinen Tod hinaus fortbestand.<\/p>\n\n\n\n<p><strong>Der Netzwerker<\/strong><\/p>\n\n\n\n<p>Die s\u00e4chsische Residenzstadt Dresden war in den Gr\u00fcnderjahren ein bedeutendes Industrie-, Handels- und Kulturzentrum, gepr\u00e4gt durch die Sch\u00f6nheit seiner barocken Bauwerke und ein multikulturelles Ambiente. Diese Stadt bot D\u00fcrrstein beste Voraussetzungen f\u00fcr den Start seines Gro\u00dfhandels und eine breite K\u00e4uferschicht f\u00fcr sein Sortiment mit Schweizer und deutschen Uhren. <\/p>\n\n\n\n<figure class=\"wp-block-image size-large\"><img loading=\"lazy\" decoding=\"async\" width=\"1024\" height=\"760\" data-attachment-id=\"8243\" data-permalink=\"https:\/\/manufaktuhr.info\/?attachment_id=8243\" data-orig-file=\"https:\/\/manufaktuhr.info\/wp-content\/uploads\/2020\/08\/Besucheranzeige_Duerrstein-Compagnie_1880-scaled.jpg\" data-orig-size=\"2560,1900\" data-comments-opened=\"0\" data-image-meta=\"{&quot;aperture&quot;:&quot;0&quot;,&quot;credit&quot;:&quot;&quot;,&quot;camera&quot;:&quot;&quot;,&quot;caption&quot;:&quot;&quot;,&quot;created_timestamp&quot;:&quot;0&quot;,&quot;copyright&quot;:&quot;&quot;,&quot;focal_length&quot;:&quot;0&quot;,&quot;iso&quot;:&quot;0&quot;,&quot;shutter_speed&quot;:&quot;0&quot;,&quot;title&quot;:&quot;&quot;,&quot;orientation&quot;:&quot;0&quot;}\" data-image-title=\"Besucheranzeige_D\u00fcrrstein &amp;#038; Compagnie_1880\" data-image-description=\"\" data-image-caption=\"\" data-medium-file=\"https:\/\/manufaktuhr.info\/wp-content\/uploads\/2020\/08\/Besucheranzeige_Duerrstein-Compagnie_1880-300x223.jpg\" data-large-file=\"https:\/\/manufaktuhr.info\/wp-content\/uploads\/2020\/08\/Besucheranzeige_Duerrstein-Compagnie_1880-1024x760.jpg\" src=\"https:\/\/manufaktuhr.info\/wp-content\/uploads\/2020\/08\/Besucheranzeige_Duerrstein-Compagnie_1880-1024x760.jpg\" alt=\"\" class=\"wp-image-8243\" srcset=\"https:\/\/manufaktuhr.info\/wp-content\/uploads\/2020\/08\/Besucheranzeige_Duerrstein-Compagnie_1880-1024x760.jpg 1024w, https:\/\/manufaktuhr.info\/wp-content\/uploads\/2020\/08\/Besucheranzeige_Duerrstein-Compagnie_1880-300x223.jpg 300w, https:\/\/manufaktuhr.info\/wp-content\/uploads\/2020\/08\/Besucheranzeige_Duerrstein-Compagnie_1880-768x570.jpg 768w, https:\/\/manufaktuhr.info\/wp-content\/uploads\/2020\/08\/Besucheranzeige_Duerrstein-Compagnie_1880-1536x1140.jpg 1536w, https:\/\/manufaktuhr.info\/wp-content\/uploads\/2020\/08\/Besucheranzeige_Duerrstein-Compagnie_1880-2048x1520.jpg 2048w\" sizes=\"auto, (max-width: 709px) 85vw, (max-width: 909px) 67vw, (max-width: 1362px) 62vw, 840px\" \/><\/figure>\n\n\n\n<p>In k\u00fcrzester Zeit war Johannes D\u00fcrrstein bestens in der Dresdner Gesellschaft vernetzt, zum Beispiel durch seine Mitgliedschaft in der Freimaurer-Loge \u201eZum Goldenen Apfel\u201c. Zu den obersten Geboten der Freimaurer z\u00e4hlten humanistische Werte wie die Achtung der W\u00fcrde des Menschen, Toleranz und die freie Entwicklung der Pers\u00f6nlichkeit. Dass Johannes D\u00fcrrstein eine solche Geisteshaltung lebte, wussten auch seine Mitarbeiter zu sch\u00e4tzen. die stets auf seinen Rat und seine Unterst\u00fctzung z\u00e4hlen konnten.<\/p>\n\n\n\n<p><strong>Der Kunstliebhaber<\/strong><\/p>\n\n\n\n<p>Zudem schlug D\u00fcrrsteins Herz f\u00fcr das Sch\u00f6ne, die Kunst und die Gestaltung. Als Vorstandsmitglied im Dresdner Kunstgewerbeverein und au\u00dferordentliches Mitglied der Dresdner Kunstgenossenschaft stand er im engen Austausch mit dem Architekten Carl L. T. Graff. Unter dessen Mitwirkung entstanden opulent verzierte Prunk-Uhrengeh\u00e4use, die D\u00fcrrstein in seiner Uhrenhandlung anbot. Die kunstvoll dekorierten Taschenuhrengeh\u00e4use wurden \u00fcberaus gesch\u00e4tzt, denn solche kostbaren Kleinodien erm\u00f6glichten es wohlhabenderen B\u00fcrgerschichten, ihren Wohlstand zur Schau zu tragen.<\/p>\n\n\n\n<p><strong>Der Marktkenner<\/strong><\/p>\n\n\n\n<p>D\u00fcrrstein erkannte einen wachsenden Bedarf nach preiswerten Gebrauchsuhren, die f\u00fcr jedermann erschwinglich waren \u2013 und das damit verbundene Umsatzpotenzial. Deshalb war er bestrebt, auch solche Uhren im Sortiment zu f\u00fchren, die im mittleren Preissegment mit einer guten Qualit\u00e4t zu handeln waren und mit denen man gr\u00f6\u00dfere Kundenkreise erschlie\u00dfen konnte. Im neu zusammengef\u00fchrten Deutschen Reich erkannte er ein enormes Absatzgebiet und weitete seine Handelsbeziehungen dar\u00fcber hinaus global aus. Schon bald exportierte D\u00fcrrstein &amp; Compagnie j\u00e4hrlich \u00fcber f\u00fcnfzigtausend Taschenuhren. Die notwendige Zulieferindustrie hatte D\u00fcrrstein in der Schweiz gesichert. Ab 1886 brachte er eigene Uhrenmarken aus eigener Schweizer Uhrenproduktion auf den Markt, die ein individuelles Firmenemblem trugen, darunter \u201eD+C\u201c, \u201eStern mit einem D\u201c, \u201eUnion Glocke\u201c und weitere Gebrauchsuhren unter eigenen Handelsmarken.<\/p>\n\n\n\n<p>D\u00fcrrstein wusste: Die teuren Uhren aus Glash\u00fctte wurden gesch\u00e4tzt, aber nur die wenigsten Menschen konnten sie sich leisten. Noch dazu lagen die Preise immer noch etwas \u00fcber denen der Schweizer Konkurrenz. Folglich wurde der Bedarf nach preiswerteren Taschenuhren mit hohen Qualit\u00e4tsmerkmalen vornehmlich mit Schweizer Fabrikaten gedeckt.<\/p>\n\n\n\n<p><strong>Der Gr\u00fcnder<\/strong><\/p>\n\n\n\n<p>Deshalb \u00fcberredete Johannes D\u00fcrrstein die Firma A. Lange &amp; S\u00f6hne, eine kosteng\u00fcnstigere Variante der Glash\u00fctter Pr\u00e4zisions-Taschenuhr herzustellen. Diese wurde im Jahr 1878 unter der Marke \u201eDeutsche Uhrenfabrikation\u201c (DUF) etabliert und exklusiv von D\u00fcrrstein gehandelt. Offenbar hatte D\u00fcrrstein damit einen Nerv getroffen, denn das Produkt erwies sich als \u00e4u\u00dferst erfolgreich. Jedoch<\/p>\n\n\n\n<figure class=\"wp-block-image size-large\"><img loading=\"lazy\" decoding=\"async\" width=\"983\" height=\"1024\" data-attachment-id=\"8246\" data-permalink=\"https:\/\/manufaktuhr.info\/?attachment_id=8246\" data-orig-file=\"https:\/\/manufaktuhr.info\/wp-content\/uploads\/2020\/08\/Union-Glashuette_Union-Uhrenfabrik_Firmengebaeude-ab-1899.jpg\" data-orig-size=\"2226,2320\" data-comments-opened=\"0\" data-image-meta=\"{&quot;aperture&quot;:&quot;0&quot;,&quot;credit&quot;:&quot;&quot;,&quot;camera&quot;:&quot;&quot;,&quot;caption&quot;:&quot;&quot;,&quot;created_timestamp&quot;:&quot;0&quot;,&quot;copyright&quot;:&quot;&quot;,&quot;focal_length&quot;:&quot;0&quot;,&quot;iso&quot;:&quot;0&quot;,&quot;shutter_speed&quot;:&quot;0&quot;,&quot;title&quot;:&quot;&quot;,&quot;orientation&quot;:&quot;0&quot;}\" data-image-title=\"Union Glash\u00fctte_Union Uhrenfabrik_Firmengeb\u00e4ude ab 1899\" data-image-description=\"\" data-image-caption=\"\" data-medium-file=\"https:\/\/manufaktuhr.info\/wp-content\/uploads\/2020\/08\/Union-Glashuette_Union-Uhrenfabrik_Firmengebaeude-ab-1899-288x300.jpg\" data-large-file=\"https:\/\/manufaktuhr.info\/wp-content\/uploads\/2020\/08\/Union-Glashuette_Union-Uhrenfabrik_Firmengebaeude-ab-1899-983x1024.jpg\" src=\"https:\/\/manufaktuhr.info\/wp-content\/uploads\/2020\/08\/Union-Glashuette_Union-Uhrenfabrik_Firmengebaeude-ab-1899-983x1024.jpg\" alt=\"\" class=\"wp-image-8246\" srcset=\"https:\/\/manufaktuhr.info\/wp-content\/uploads\/2020\/08\/Union-Glashuette_Union-Uhrenfabrik_Firmengebaeude-ab-1899-983x1024.jpg 983w, https:\/\/manufaktuhr.info\/wp-content\/uploads\/2020\/08\/Union-Glashuette_Union-Uhrenfabrik_Firmengebaeude-ab-1899-288x300.jpg 288w, https:\/\/manufaktuhr.info\/wp-content\/uploads\/2020\/08\/Union-Glashuette_Union-Uhrenfabrik_Firmengebaeude-ab-1899-768x800.jpg 768w, https:\/\/manufaktuhr.info\/wp-content\/uploads\/2020\/08\/Union-Glashuette_Union-Uhrenfabrik_Firmengebaeude-ab-1899-1474x1536.jpg 1474w, https:\/\/manufaktuhr.info\/wp-content\/uploads\/2020\/08\/Union-Glashuette_Union-Uhrenfabrik_Firmengebaeude-ab-1899-1965x2048.jpg 1965w\" sizes=\"auto, (max-width: 709px) 85vw, (max-width: 909px) 67vw, (max-width: 1362px) 62vw, 840px\" \/><\/figure>\n\n\n\n<p>offenbarte es auch abweichende Auffassungen der beiden Unternehmen bez\u00fcglich rationeller Fertigungsweisen. Denn anders als die alteingesessenen Glash\u00fctter Hersteller zeigte sich Johannes D\u00fcrrstein aufgeschlossen gegen\u00fcber neuen Fertigungsmethoden, die im Zuge der Industrialisierung eine gr\u00f6\u00dfere Arbeitsteilung vorsahen und preiswertere Produkte erm\u00f6glichten. Als die Differenzen un\u00fcberbr\u00fcckbar schienen, erf\u00fcllte sich Johannes D\u00fcrrstein einen Herzenswunsch und gr\u00fcndete am 1. Januar 1893 die Uhrenfabrik UNION Glash\u00fctte. Sie sollte am Standort Glash\u00fctte, wo der Pr\u00e4zisionsuhrenbau nur das Beste und Feinste hervorbrachte, neue Ma\u00dfst\u00e4be setzen.<\/p>\n\n\n\n<p>Die technische Leitung der Uhrenfertigung \u00fcbertrug D\u00fcrrstein von Anfang an dem versierten Uhrmachermeister Julius Bergter. Dieser hatte ehemals als Lehrer an der Deutschen Uhrmacherschule und seit 1882 als technischer Berater bei D\u00fcrrstein &amp; Compagnie gearbeitet. Als Direktor der UNION Uhrenfabrik war er f\u00fcr die Entwicklung komplizierter Taschenuhren zust\u00e4ndig. Bereits im Jahr der Gr\u00fcndung stellte UNION Glash\u00fctte die erste in Glash\u00fctte terminierte Grande Complication auf der Chicagoer Weltausstellung vor. Kurze Zeit sp\u00e4ter regte D\u00fcrrstein den Bau der Universaluhr an, die bis heute zu den kompliziertesten Taschenuhren z\u00e4hlt, die je in Glash\u00fctte gebaut wurden. Doch auch den einfachen Taschenuhren aus der Fertigung der UNION Uhrenfabrik wurde stets eine Qualit\u00e4t und Pr\u00e4zision nachgesagt, die anderen Fabrikaten mindestens ebenb\u00fcrtig war.<\/p>\n\n\n\n<figure class=\"wp-block-image size-large\"><img loading=\"lazy\" decoding=\"async\" width=\"1024\" height=\"682\" data-attachment-id=\"8244\" data-permalink=\"https:\/\/manufaktuhr.info\/?attachment_id=8244\" data-orig-file=\"https:\/\/manufaktuhr.info\/wp-content\/uploads\/2020\/08\/Johannes-Duerrstein_Gruender-der-Union-Uhrenfabrik_1893\u00a9Stiftung-Deutsches-Uhrenmuseum-Glashuette_Rene-Gaens.jpg\" data-orig-size=\"2000,1333\" data-comments-opened=\"0\" data-image-meta=\"{&quot;aperture&quot;:&quot;0&quot;,&quot;credit&quot;:&quot;RENE GAENS - WWW.RENE-GAENS.DE&quot;,&quot;camera&quot;:&quot;&quot;,&quot;caption&quot;:&quot;&quot;,&quot;created_timestamp&quot;:&quot;0&quot;,&quot;copyright&quot;:&quot;URHEBERRECHT: RENE GAENS&quot;,&quot;focal_length&quot;:&quot;0&quot;,&quot;iso&quot;:&quot;0&quot;,&quot;shutter_speed&quot;:&quot;0&quot;,&quot;title&quot;:&quot;&quot;,&quot;orientation&quot;:&quot;0&quot;}\" data-image-title=\"Johannes D\u00fcrrstein_Gr\u00fcnder der Union Uhrenfabrik_1893\u00a9Stiftung Deutsches Uhrenmuseum Glash\u00fctte_Ren\u00e9 Gaens\" data-image-description=\"\" data-image-caption=\"\" data-medium-file=\"https:\/\/manufaktuhr.info\/wp-content\/uploads\/2020\/08\/Johannes-Duerrstein_Gruender-der-Union-Uhrenfabrik_1893\u00a9Stiftung-Deutsches-Uhrenmuseum-Glashuette_Rene-Gaens-300x200.jpg\" data-large-file=\"https:\/\/manufaktuhr.info\/wp-content\/uploads\/2020\/08\/Johannes-Duerrstein_Gruender-der-Union-Uhrenfabrik_1893\u00a9Stiftung-Deutsches-Uhrenmuseum-Glashuette_Rene-Gaens-1024x682.jpg\" src=\"https:\/\/manufaktuhr.info\/wp-content\/uploads\/2020\/08\/Johannes-Duerrstein_Gruender-der-Union-Uhrenfabrik_1893\u00a9Stiftung-Deutsches-Uhrenmuseum-Glashuette_Rene-Gaens-1024x682.jpg\" alt=\"\" class=\"wp-image-8244\" srcset=\"https:\/\/manufaktuhr.info\/wp-content\/uploads\/2020\/08\/Johannes-Duerrstein_Gruender-der-Union-Uhrenfabrik_1893\u00a9Stiftung-Deutsches-Uhrenmuseum-Glashuette_Rene-Gaens-1024x682.jpg 1024w, https:\/\/manufaktuhr.info\/wp-content\/uploads\/2020\/08\/Johannes-Duerrstein_Gruender-der-Union-Uhrenfabrik_1893\u00a9Stiftung-Deutsches-Uhrenmuseum-Glashuette_Rene-Gaens-300x200.jpg 300w, https:\/\/manufaktuhr.info\/wp-content\/uploads\/2020\/08\/Johannes-Duerrstein_Gruender-der-Union-Uhrenfabrik_1893\u00a9Stiftung-Deutsches-Uhrenmuseum-Glashuette_Rene-Gaens-768x512.jpg 768w, https:\/\/manufaktuhr.info\/wp-content\/uploads\/2020\/08\/Johannes-Duerrstein_Gruender-der-Union-Uhrenfabrik_1893\u00a9Stiftung-Deutsches-Uhrenmuseum-Glashuette_Rene-Gaens-1536x1024.jpg 1536w, https:\/\/manufaktuhr.info\/wp-content\/uploads\/2020\/08\/Johannes-Duerrstein_Gruender-der-Union-Uhrenfabrik_1893\u00a9Stiftung-Deutsches-Uhrenmuseum-Glashuette_Rene-Gaens.jpg 2000w\" sizes=\"auto, (max-width: 709px) 85vw, (max-width: 909px) 67vw, (max-width: 1362px) 62vw, 840px\" \/><\/figure>\n\n\n\n<p>In ihrer gesamten ersten Produktionszeit von 1893 bis 1926 bot die UNION Uhrenfabrik ein ebenso anspruchsvolles wie vielf\u00e4ltiges Produktionsprogramm, das von einfachen Gebrauchsuhren \u00fcber Marine-Chronometer bis zu den aufsehenerregenden Grande Complications reichte und sich weit \u00fcber Deutschland hinaus erfolgreich verkaufte. Auch damit trug Johannes D\u00fcrrstein seinen Teil dazu bei, den Ruf von Glash\u00fctte in alle Welt zu tragen. Er verstarb im Jahr 1901 im Alter von nur 56 Jahren.<\/p>\n\n\n\n<p>Heute ist UNION Glash\u00fctte stolz auf den Gr\u00fcndervater und beherzt seine Ideale \u2013 umgesetzt nach zeitgem\u00e4\u00dfen Standards: die Idee einer Uhr in Glash\u00fctter Qualit\u00e4t mit pr\u00e4zisem, individuellem Werk zu einem bezahlbaren Preis, das Faible f\u00fcr ein sch\u00f6nes, sorgf\u00e4ltig verarbeitetes Uhrendesign und die N\u00e4he zum Kunden. Die aktuellen Zeitmesser von UNION Glash\u00fctte sind f\u00fcr Menschen von heute gemacht, doch sie nehmen vielfach Bezug zu den Taschenuhren jener Zeit, ganz besonders in der Kollektion \u201e1893\u201c. Noch in diesem Jahr, in dem sich der Geburtstag von Johannes D\u00fcrrstein zum 175. Mal j\u00e4hrt, komplettiert UNION Glash\u00fctte die dreiteilige Serie mit Handaufzugswerk, die seinen Namen tr\u00e4gt. Dar\u00fcber ist ein weiteres attraktives Set als Hommage an Johannes D\u00fcrrstein geplant.<\/p>\n","protected":false},"excerpt":{"rendered":"<p>Als Ferdinand Adolph Lange vor 175 Jahren in Glash\u00fctte den Grundstein f\u00fcr die dortige Uhrenindustrie legte, war Johannes D\u00fcrrstein, der Unternehmensgr\u00fcnder von UNION Glash\u00fctte, naturgem\u00e4\u00df noch nicht vor Ort, denn er ist erst im gleichen Jahr, am 22. August 1845, in Niederrad bei Frankfurt \/ Main zur Welt gekommen. Und doch kann man diesen bemerkenswerten &hellip; <a href=\"https:\/\/manufaktuhr.info\/?p=8247\" class=\"more-link\"><span class=\"screen-reader-text\">\u201e22. August 2020 &#8211; 175 Jahre Johannes D\u00fcrrstein\u201c <\/span>weiterlesen<\/a><\/p>\n","protected":false},"author":1,"featured_media":8244,"comment_status":"closed","ping_status":"open","sticky":false,"template":"","format":"standard","meta":{"jetpack_post_was_ever_published":false,"_jetpack_newsletter_access":"","_jetpack_dont_email_post_to_subs":false,"_jetpack_newsletter_tier_id":0,"_jetpack_memberships_contains_paywalled_content":false,"_jetpack_memberships_contains_paid_content":false,"footnotes":"","jetpack_publicize_message":"","jetpack_publicize_feature_enabled":true,"jetpack_social_post_already_shared":true,"jetpack_social_options":{"image_generator_settings":{"template":"highway","default_image_id":0,"font":"","enabled":false},"version":2}},"categories":[62,20],"tags":[],"class_list":["post-8247","post","type-post","status-publish","format-standard","has-post-thumbnail","hentry","category-glashuette","category-union-glashutte"],"jetpack_publicize_connections":[],"jetpack_featured_media_url":"https:\/\/manufaktuhr.info\/wp-content\/uploads\/2020\/08\/Johannes-Duerrstein_Gruender-der-Union-Uhrenfabrik_1893\u00a9Stiftung-Deutsches-Uhrenmuseum-Glashuette_Rene-Gaens.jpg","jetpack_shortlink":"https:\/\/wp.me\/p7fs8R-291","jetpack-related-posts":[],"jetpack_sharing_enabled":true,"_links":{"self":[{"href":"https:\/\/manufaktuhr.info\/index.php?rest_route=\/wp\/v2\/posts\/8247","targetHints":{"allow":["GET"]}}],"collection":[{"href":"https:\/\/manufaktuhr.info\/index.php?rest_route=\/wp\/v2\/posts"}],"about":[{"href":"https:\/\/manufaktuhr.info\/index.php?rest_route=\/wp\/v2\/types\/post"}],"author":[{"embeddable":true,"href":"https:\/\/manufaktuhr.info\/index.php?rest_route=\/wp\/v2\/users\/1"}],"replies":[{"embeddable":true,"href":"https:\/\/manufaktuhr.info\/index.php?rest_route=%2Fwp%2Fv2%2Fcomments&post=8247"}],"version-history":[{"count":1,"href":"https:\/\/manufaktuhr.info\/index.php?rest_route=\/wp\/v2\/posts\/8247\/revisions"}],"predecessor-version":[{"id":8248,"href":"https:\/\/manufaktuhr.info\/index.php?rest_route=\/wp\/v2\/posts\/8247\/revisions\/8248"}],"wp:featuredmedia":[{"embeddable":true,"href":"https:\/\/manufaktuhr.info\/index.php?rest_route=\/wp\/v2\/media\/8244"}],"wp:attachment":[{"href":"https:\/\/manufaktuhr.info\/index.php?rest_route=%2Fwp%2Fv2%2Fmedia&parent=8247"}],"wp:term":[{"taxonomy":"category","embeddable":true,"href":"https:\/\/manufaktuhr.info\/index.php?rest_route=%2Fwp%2Fv2%2Fcategories&post=8247"},{"taxonomy":"post_tag","embeddable":true,"href":"https:\/\/manufaktuhr.info\/index.php?rest_route=%2Fwp%2Fv2%2Ftags&post=8247"}],"curies":[{"name":"wp","href":"https:\/\/api.w.org\/{rel}","templated":true}]}}